{"id":353997,"date":"2025-08-30T06:59:10","date_gmt":"2025-08-30T06:59:10","guid":{"rendered":"https:\/\/www.europesays.com\/fr\/353997\/"},"modified":"2025-08-30T06:59:10","modified_gmt":"2025-08-30T06:59:10","slug":"dans-sept-a-huit-florent-pagny-confie-aller-mieux-jamais-je-nai-eu-la-sensation-que-jallais-mourir","status":"publish","type":"post","link":"https:\/\/www.europesays.com\/fr\/353997\/","title":{"rendered":"Dans \u00ab\u00a0Sept \u00e0 huit\u00a0\u00bb, Florent Pagny confie aller mieux\u00a0: \u00ab\u00a0Jamais je n\u2019ai eu la sensation que j\u2019allais mourir\u00a0\u00bb"},"content":{"rendered":"<p class=\"paragraph text_align_left lp-f-body-02\">On avait laiss\u00e9 Florent Pagny, en mars 2023, en Patagonie, <a href=\"https:\/\/www.leparisien.fr\/culture-loisirs\/tv\/florent-pagny-parle-de-son-cancer-ce-nest-pas-le-scenario-quon-esperait-05-03-2023-2QXBFTIMTJCRJGLY3IRDT3OKBI.php\" target=\"_blank\" rel=\"noreferrer nofollow noopener\">avec des nouvelles peu rassurantes du cancer du poumon inop\u00e9rable contre lequel il se bat depuis 2022<\/a>. \u00ab J\u2019aurais pr\u00e9f\u00e9r\u00e9 \u00eatre l\u00e0 \u00e0 rigoler, \u00e0 balancer des vannes et vous dire Tout va bien, c\u2019est nickel, rien n\u2019est revenu ! Mais ce n\u2019est pas le cas. C\u2019est chiant. Je ne peux pas mentir non plus. Ce n\u2019est pas le sc\u00e9nario qu\u2019on esp\u00e9rait. Il a vrill\u00e9 un peu\u2026 \u00bb, expliquait alors le chanteur \u00e0 <a href=\"https:\/\/www.leparisien.fr\/culture-loisirs\/tv\/audrey-crespo-mara-se-confie-pour-la-premiere-fois-je-veux-faire-en-sorte-que-thierry-continue-detre-fier-de-moi-29-08-2025-YWZ4RQSM35DWDEPSYXHIQSQSVY.php\" target=\"_blank\" rel=\"noreferrer nofollow noopener\">Audrey Crespo-Mara<\/a> dans un num\u00e9ro tr\u00e8s remarqu\u00e9 de \u00ab Sept \u00e0 huit \u00bb.<\/p>\n<p class=\"paragraph text_align_left lp-f-body-02\">Deux ans et demi plus tard, le coach de <a href=\"https:\/\/www.leparisien.fr\/culture-loisirs\/tv\/the-voice\/\" target=\"_blank\" rel=\"noreferrer nofollow noopener\">\u00ab The Voice \u00bb,<\/a> 63 ans, retrouve la journaliste pour sa premi\u00e8re r\u00e9apparition dans le magazine dominical de TF 1 apr\u00e8s la disparition de son mari, Thierry Ardisson, des suites d\u2019un cancer. Avec sa femme Azucena, l\u2019artiste lui ouvre les portes de la ferme fortifi\u00e9e du XIe si\u00e8cle qu\u2019il vient d\u2019acheter dans sa Bourgogne natale pour un entretien de dix-sept minutes, diffus\u00e9 ce 31 ao\u00fbt \u00e0 19h20 sur la Une.<\/p>\n<p>\u00ab J\u2019ai refait un traitement puis j\u2019ai refait une rechute \u00bb<\/p>\n<p class=\"paragraph text_align_left lp-f-body-02\">Leur discussion reprend pr\u00e9cis\u00e9ment l\u00e0 o\u00f9 elle s\u2019\u00e9tait arr\u00eat\u00e9e. \u00ab J\u2019ai refait un traitement puis j\u2019ai refait une rechute \u00bb, r\u00e9v\u00e8le Florent Pagny. La mine radieuse, il se montre rassurant, enjou\u00e9 et confie n\u2019avoir eu aucune nouvelle alerte malgr\u00e9 les nombreux contr\u00f4les qu\u2019il fait tous les trois mois. \u00ab On sait tous que ce truc-l\u00e0 n\u2019est pas d\u00e9finitif. Ce n\u2019est pas une bronchite. Des contr\u00f4les, je vais en avoir pendant huit ou dix ans \u00bb, ajoute celui qui sort en cette rentr\u00e9e un nouvel album intitul\u00e9 \u00ab Grandeur nature \u00bb.<\/p>\n<p class=\"paragraph text_align_left lp-f-body-02\">Pagny explique que sa maladie a surtout chang\u00e9 le regard que son public porte sur lui. Il raconte que d\u00e9sormais ses dates de concert se vendent beaucoup plus rapidement. \u00ab Avant, quand je faisais une tourn\u00e9e, je mettais une bonne ann\u00e9e \u00e0 vendre mes 5 000 ou 7 000 billets par date. L\u00e0, pour la prochaine (intitul\u00e9e Le Retour et qui d\u00e9bute en janvier 2026), j\u2019ai tout vendu en quatre jours \u00bb, relate-t-il, en parlant de \u00ab coup du mort-vivant \u00bb. \u00ab Moi, jamais je n\u2019ai eu la sensation que j\u2019allais mourir (\u2026 ), avance-t-il encore. \u00c7a a toujours \u00e9t\u00e9 une tumeur, prise \u00e0 temps, trait\u00e9e, qui partait et qui revenait et qui disparaissait. \u00bb<\/p>\n","protected":false},"excerpt":{"rendered":"On avait laiss\u00e9 Florent Pagny, en mars 2023, en Patagonie, avec des nouvelles peu rassurantes du cancer du&hellip;\n","protected":false},"author":2,"featured_media":353998,"comment_status":"","ping_status":"","sticky":false,"template":"","format":"standard","meta":{"footnotes":""},"categories":[1359],"tags":[872,58,59,1011,27,973,2205],"class_list":{"0":"post-353997","1":"post","2":"type-post","3":"status-publish","4":"format-standard","5":"has-post-thumbnail","7":"category-people","8":"tag-culture-et-loisirs","9":"tag-divertissement","10":"tag-entertainment","11":"tag-fr","12":"tag-france","13":"tag-people","14":"tag-television-medias"},"share_on_mastodon":{"url":"https:\/\/pubeurope.com\/@fr\/115116426120310358","error":""},"_links":{"self":[{"href":"https:\/\/www.europesays.com\/fr\/wp-json\/wp\/v2\/posts\/353997","targetHints":{"allow":["GET"]}}],"collection":[{"href":"https:\/\/www.europesays.com\/fr\/wp-json\/wp\/v2\/posts"}],"about":[{"href":"https:\/\/www.europesays.com\/fr\/wp-json\/wp\/v2\/types\/post"}],"author":[{"embeddable":true,"href":"https:\/\/www.europesays.com\/fr\/wp-json\/wp\/v2\/users\/2"}],"replies":[{"embeddable":true,"href":"https:\/\/www.europesays.com\/fr\/wp-json\/wp\/v2\/comments?post=353997"}],"version-history":[{"count":0,"href":"https:\/\/www.europesays.com\/fr\/wp-json\/wp\/v2\/posts\/353997\/revisions"}],"wp:featuredmedia":[{"embeddable":true,"href":"https:\/\/www.europesays.com\/fr\/wp-json\/wp\/v2\/media\/353998"}],"wp:attachment":[{"href":"https:\/\/www.europesays.com\/fr\/wp-json\/wp\/v2\/media?parent=353997"}],"wp:term":[{"taxonomy":"category","embeddable":true,"href":"https:\/\/www.europesays.com\/fr\/wp-json\/wp\/v2\/categories?post=353997"},{"taxonomy":"post_tag","embeddable":true,"href":"https:\/\/www.europesays.com\/fr\/wp-json\/wp\/v2\/tags?post=353997"}],"curies":[{"name":"wp","href":"https:\/\/api.w.org\/{rel}","templated":true}]}}