{"id":353999,"date":"2025-08-30T07:00:15","date_gmt":"2025-08-30T07:00:15","guid":{"rendered":"https:\/\/www.europesays.com\/fr\/353999\/"},"modified":"2025-08-30T07:00:15","modified_gmt":"2025-08-30T07:00:15","slug":"a-quimperle-nolwenn-depin-la-sculptrice-touchee-mais-pas-coulee","status":"publish","type":"post","link":"https:\/\/www.europesays.com\/fr\/353999\/","title":{"rendered":"\u00c0 Quimperl\u00e9 : Nolwenn Depin, la sculptrice touch\u00e9e mais pas coul\u00e9e"},"content":{"rendered":"<p>Quand on \u00e9voque l\u2019id\u00e9e que le vol d\u00e9montre la qualit\u00e9 de son \u0153uvre, Nolwenn Depin s\u2019\u00e9tonne. \u00ab\u00a0On m\u2019a d\u00e9j\u00e0 dit \u00e7a. Moi \u00e7a m\u2019a surtout boulevers\u00e9e et \u00e7a laisse des traces. Mais j\u2019ai re\u00e7u beaucoup de messages de soutien\u00a0\u00bb.<\/p>\n<p>Une chouette de 3,5 m de haut chez des particuliers<\/p>\n<p>Ce vol lui a m\u00eame valu une commande de la part d\u2019un couple de Quimperlois qui souhaite qu\u2019elle sculpte une chouette dans un pin de Monterey de 3,5 m de haut. \u00ab\u00a0Elle sera install\u00e9e de mani\u00e8re \u00e0 \u00eatre visible de la route. \u00c7a leur tenait \u00e0 c\u0153ur de la partager avec les Quimperlois, \u00e7a m\u2019a beaucoup touch\u00e9e. Je voudrais qu\u2019elle soit poupette\u00a0! Impossible de la faire les ailes d\u00e9ploy\u00e9es, ce serait gigantesque, mais j\u2019aurais bien aim\u00e9\u00a0! J\u2019ai plein d\u2019id\u00e9es mais je suis tributaire de mes grumes (souvent des arbres de la ville abattus car malades que lui r\u00e9servent les services espaces verts de la Ville)\u00a0\u00bb.<\/p>\n<p><img decoding=\"async\" src=\"https:\/\/www.europesays.com\/fr\/wp-content\/uploads\/2025\/08\/68b16dddbe23dfa6c10ab5a4.1.jpeg\" width=\"480\" height=\"300\" class=\"web_golden_m\" loading=\"lazy\" alt=\"Nolwenn Depin devant l'enseigne qui signale le refuge de la Ligue de protection des oiseaux de la prairie Saint-Nicolas qui jouxte son atelier. Une commande de la municipalit\u00e9 de Quimperl\u00e9.\"\/>Nolwenn Depin devant l&rsquo;enseigne qui signale le refuge de la Ligue de protection des oiseaux de la prairie Saint-Nicolas qui jouxte son atelier. Une commande de la municipalit\u00e9 de Quimperl\u00e9.<\/p>\n<blockquote><p>Tout n\u2019a pas de valeur financi\u00e8re et \u00e7a j\u2019y tiens.<\/p><\/blockquote>\n<p>\u00ab\u00a0J\u2019ouvre mes portes \u00e0 qui le souhaite\u00a0\u00bb<\/p>\n<p>Nolwenn per\u00e7oit bien l\u2019int\u00e9r\u00eat des gens qui viennent la voir travailler. \u00ab\u00a0Je m\u2019arr\u00eate toujours pour \u00e9changer, \u00e7a fait partie de la r\u00e9compense\u00a0! Tout n\u2019a pas de valeur financi\u00e8re et \u00e7a j\u2019y tiens. J\u2019ouvre mes portes \u00e0 qui le souhaite. Il suffit de sonner si le hangar n\u2019est pas ouvert, m\u00eame le dimanche puisque je travaille tout le temps\u00a0!\u00a0\u00bb Quand elle tente de s\u2019arr\u00eater, la sculptrice va observer et photographier les oiseaux pr\u00e8s de la La\u00efta. \u00ab\u00a0C\u2019est comme \u00e7a que j\u2019ai appris \u00e0 aimer les corbeaux ,qui n\u2019ont pas bonne presse en g\u00e9n\u00e9ral. Mais ils sont \u00e0 mon avis fascinants\u00a0!\u00a0\u00bb Sa th\u00e9rapie pour oublier le corbeau vol\u00e9\u00a0? \u00ab\u00a0Je vais faire un couple qui s\u2019enlace pour montrer son c\u00f4t\u00e9 fid\u00e8le\u00a0!\u00a0\u00bb<\/p>\n<p>Nolwenn ne pratique pas que la sculpture monumentale mais ex\u00e9cute aussi des bijoux, des cannes\u2026 tout ce qui peut se faire en bois. Et elle aime les d\u00e9fis, il ne faut donc pas h\u00e9siter \u00e0 lui passer des commandes, m\u00eame sortant de l\u2019ordinaire.<\/p>\n<p><b>Pratique<\/b><\/p>\n<p class=\"note\">Atelier Ar Gazed Koad, au 3\u00a0bis, rue du Viaduc \u00e0 Quimperl\u00e9. Contact\u00a0: t\u00e9l.\u00a006\u00a043\u00a070\u00a003\u00a011. Mail : nolwenndepin.gravures@yahoo.fr<\/p>\n","protected":false},"excerpt":{"rendered":"Quand on \u00e9voque l\u2019id\u00e9e que le vol d\u00e9montre la qualit\u00e9 de son \u0153uvre, Nolwenn Depin s\u2019\u00e9tonne. \u00ab\u00a0On m\u2019a&hellip;\n","protected":false},"author":2,"featured_media":354000,"comment_status":"","ping_status":"","sticky":false,"template":"","format":"standard","meta":{"footnotes":""},"categories":[1358],"tags":[3734,1348,1384,1385,251,1386,58,59,1011,27,11878,3899],"class_list":{"0":"post-353999","1":"post","2":"type-post","3":"status-publish","4":"format-standard","5":"has-post-thumbnail","7":"category-arts-et-design","8":"tag-art","9":"tag-arts","10":"tag-arts-and-design","11":"tag-arts-et-design","12":"tag-culture","13":"tag-design","14":"tag-divertissement","15":"tag-entertainment","16":"tag-fr","17":"tag-france","18":"tag-quimperle","19":"tag-sculpture"},"share_on_mastodon":{"url":"https:\/\/pubeurope.com\/@fr\/115116430176987291","error":""},"_links":{"self":[{"href":"https:\/\/www.europesays.com\/fr\/wp-json\/wp\/v2\/posts\/353999","targetHints":{"allow":["GET"]}}],"collection":[{"href":"https:\/\/www.europesays.com\/fr\/wp-json\/wp\/v2\/posts"}],"about":[{"href":"https:\/\/www.europesays.com\/fr\/wp-json\/wp\/v2\/types\/post"}],"author":[{"embeddable":true,"href":"https:\/\/www.europesays.com\/fr\/wp-json\/wp\/v2\/users\/2"}],"replies":[{"embeddable":true,"href":"https:\/\/www.europesays.com\/fr\/wp-json\/wp\/v2\/comments?post=353999"}],"version-history":[{"count":0,"href":"https:\/\/www.europesays.com\/fr\/wp-json\/wp\/v2\/posts\/353999\/revisions"}],"wp:featuredmedia":[{"embeddable":true,"href":"https:\/\/www.europesays.com\/fr\/wp-json\/wp\/v2\/media\/354000"}],"wp:attachment":[{"href":"https:\/\/www.europesays.com\/fr\/wp-json\/wp\/v2\/media?parent=353999"}],"wp:term":[{"taxonomy":"category","embeddable":true,"href":"https:\/\/www.europesays.com\/fr\/wp-json\/wp\/v2\/categories?post=353999"},{"taxonomy":"post_tag","embeddable":true,"href":"https:\/\/www.europesays.com\/fr\/wp-json\/wp\/v2\/tags?post=353999"}],"curies":[{"name":"wp","href":"https:\/\/api.w.org\/{rel}","templated":true}]}}