{"id":354001,"date":"2025-08-30T07:01:12","date_gmt":"2025-08-30T07:01:12","guid":{"rendered":"https:\/\/www.europesays.com\/fr\/354001\/"},"modified":"2025-08-30T07:01:12","modified_gmt":"2025-08-30T07:01:12","slug":"la-librairie-demenage-en-attendant-lagrandissement-de-sa-boutique-historique","status":"publish","type":"post","link":"https:\/\/www.europesays.com\/fr\/354001\/","title":{"rendered":"la librairie d\u00e9m\u00e9nage en attendant l\u2019agrandissement de sa boutique historique"},"content":{"rendered":"<p>            Par<br \/>\n        <strong><br \/>\n            <a href=\"https:\/\/actu.fr\/auteur\/angelique-passebosc\" title=\"Consulter tous les articles de Ang\u00e9lique Passebosc\" rel=\"nofollow noopener\" target=\"_blank\">Ang\u00e9lique Passebosc<\/a><br \/>\n        <\/strong><\/p>\n<p>        Publi\u00e9 le<\/p>\n<p>            30 ao\u00fbt 2025 \u00e0 8h54        <\/p>\n<p>Sa vitrine a toujours regorg\u00e9 d\u2019ouvrages en tous genres \u2013 livres jeunesse, romans, bandes dessin\u00e9es\u2026 \u2013 aux premi\u00e8res de couverture toutes plus attrayantes les unes que les autres. Mais voil\u00e0 d\u00e9sormais plus d\u2019un mois que le local commercial du 10, galerie du Couchant est vide. \u00c0 l\u2019int\u00e9rieur, les curieux pourront apercevoir divers outils laissant pr\u00e9sager que La <b>Librairie du beffroi<\/b> de <a href=\"https:\/\/actu.fr\/occitanie\/revel_31451\" rel=\"nofollow noopener\" target=\"_blank\">Revel<\/a> se refait une beaut\u00e9. Mieux encore,<b> l\u2019historique commerce<\/b> \u2013 qui occupe les lieux depuis <b>\u00ab\u2009au moins 80\u00a0ans\u2009\u00bb<\/b>, selon l\u2019actuelle g\u00e9rante -, pourrait bien <b>gagner en superficie<\/b>\u2009! Mais il faudra patienter encore un peu avant de pouvoir d\u00e9couvrir cet<b> agrandissement <\/b>et arpenter les nouveaux rayonnages.<\/p>\n<p>    <img   decoding=\"async\" loading=\"lazy\" class=\"size-large\" src=\"https:\/\/www.europesays.com\/fr\/wp-content\/uploads\/2025\/08\/5219909ce6a86b619909ce6a8ea199v-960x640.jpg\" alt=\"Librairie du beffroi Revel\" width=\"960\" height=\"640\"\/><br \/>\n    La Librairie du beffroi a temporairement quitt\u00e9 son local historique qu\u2019elle occupait depuis des d\u00e9cennies, \u00e0 l\u2019angle de la place centrale de Revel. \u00a9Ang\u00e9lique Passebosc \u2013 Voix du Midi Lauragais<\/p>\n<p class=\" wall-content\">C\u2019est \u00e0 quelques pas de l\u00e0, au<b> 5, rue de Vaur\u00e9<\/b>\u00a0\u2013 o\u00f9 a temporairement d\u00e9m\u00e9nag\u00e9 la librairie \u2013 que nous retrouvons la petite \u00e9quipe \u2013 elles sont deux \u00e0 tenir la boutique \u2013 afin d\u2019\u00e9voquer ce projet. Qui, soit dit en passant, devrait ravir les f\u00e9rus de lecture.<\/p>\n<p>Faire perdurer la librairie dans son local historique<\/p>\n<p class=\" wall-content\">Ce n\u2019est qu\u2019un<b> d\u00e9part temporaire<\/b>. Pourtant, quitter l\u2019historique local situ\u00e9 \u00e0 l\u2019angle de la place centrale n\u2019a pas \u00e9t\u00e9 sans \u00e9motion pour Blandine Chatenet. Voir les \u00e9tag\u00e8res progressivement se vider, les meubles dispara\u00eetre\u2026 \u00ab\u2009J\u2019en ai eu les larmes aux yeux\u2009\u00bb, confie-t-elle. Il faut dire qu\u2019en l\u2019espace de six ans \u2013 elle a repris la boutique en 2019 -, la commer\u00e7ante a eu le temps de s\u2019y attacher, \u00e0 ces murs. Mais l\u2019\u00e9crin dont elle dispose <b>ne suffit d\u00e9sormais plus<\/b> \u00e0 son activit\u00e9 qui a \u00ab\u2009\u00e9volu\u00e9 petit \u00e0 petit\u2009\u00bb.<\/p>\n<blockquote class=\"ac-article-quote wall-content\">\n<p>La librairie est tr\u00e8s agr\u00e9able pour une personne, mais cela fait deux ans et demi que nous sommes deux (avec Sarah Doumerc, NDLR) et en termes d\u2019espace et d\u2019organisation, \u00e7a devenait compliqu\u00e9. Nous manquions de place, que ce soit pour disposer du fonds de roulement n\u00e9cessaire ou pour mettre en avant les nouveaut\u00e9s\u2026 Nous \u00e9tions \u00e0 un point o\u00f9 il fallait faire \u00e9voluer les choses.<\/p>\n<p>Blandine Chatenet, g\u00e9rant de La Librairie du beffroi de Revel<\/p><\/blockquote>\n<p class=\" wall-content\">Hors de question, cependant, de quitter le 10, galerie du Couchant. \u00ab\u2009J\u2019ai cherch\u00e9 d\u2019autres locaux, mais historiquement, <b>cette librairie a toujours \u00e9t\u00e9 sur la place<\/b>. Il \u00e9tait donc important <b>qu\u2019elle perdure ici<\/b>\u2009\u00bb, soutient-elle.<\/p>\n<p class=\" wall-content\">L\u2019opportunit\u00e9 a fini par se pr\u00e9senter lorsque<b> la pharmacie voisine dite \u00ab\u2009des Arcades\u2009\u00bb<\/b> \u2013 rebaptis\u00e9e Pharmacie du Lauragais \u2013 a d\u00e9m\u00e9nag\u00e9, direction l\u2019avenue de Castelnaudary. \u00ab\u2009Le choix de nous agrandir dans leurs locaux s\u2019est vite impos\u00e9\u2009\u00bb, retrace Blandine. D\u2019autant que le propri\u00e9taire de cette derni\u00e8re venait justement de faire l\u2019acquisition des murs de sa boutique. \u00ab\u2009Depuis que j\u2019ai repris la librairie, les plan\u00e8tes ne cessent de s\u2019aligner\u2009\u00bb, glisse-t-elle dans un sourire.<\/p>\n<p>Un lieu de vie et de partage<\/p>\n<p class=\" wall-content\">Il faut dire aussi que la client\u00e8le est au rendez-vous. \u00ab\u2009La population rev\u00e9loise est <b>tr\u00e8s proche des commerces de proximit\u00e9<\/b>, elle les d\u00e9fend. C\u2019est une chance\u2009!\u2009\u00bb, remercie la g\u00e9rante. Au point que la Librairie du beffroi ait d\u00e9sormais besoin de plus d\u2019espace pour continuer \u00e0 la satisfaire. Et l\u2019\u00e9quipe a vu les choses en grand\u2009! \u00ab\u2009Nous allons passer <b>de 25 \u00e0 85 m\u00b2 de surface de vente<\/b>, calcule Blandine. Le propri\u00e9taire a pas mal de choses \u00e0 faire, dont l\u2019ouverture entre les deux locaux, puis ce sera \u00e0 nous d\u2019user de nos petites mains.\u2009\u00bb<\/p>\n<p>Votre r\u00e9gion, votre actu !<\/p>\n<p>Recevez chaque jour les infos qui comptent pour vous.<\/p>\n<p>\t<a href=\"https:\/\/actu.fr\/newsletter\" class=\"ac-btn ac-btn--corner ac-btn--medium ac-btn--blue800\" rel=\"nofollow noopener\" target=\"_blank\">S&rsquo;incrire<\/a><\/p>\n<p class=\" wall-content\">\u00ab\u2009Ce que l\u2019on souhaite, c\u2019est <b>cr\u00e9er un v\u00e9ritable lieu de vie et de partage<\/b>, poursuit-elle. Nous allons utiliser ces nouveaux murs pour d\u00e9ployer le fond n\u00e9cessaire, installer des tables un peu partout pour valoriser les nouveaut\u00e9s\u2026\u2009\u00bb Fauteuils et banquettes viendront \u00e9galement compl\u00e9ter l\u2019ensemble, offrant ainsi aux chalands la possibilit\u00e9 de s\u2019installer confortablement pour feuilleter un ouvrage ou discuter. \u00ab\u2009Nous pr\u00e9voyons \u00e9galement quelques surprises, s\u2019enthousiasme la libraire. Je n\u2019avais pas fait d\u2019inauguration en 2019, donc pour cette fois, je voudrais que les gens pr\u00e9sents aient une vraie surprise.\u2009\u00bb<\/p>\n<p>Des objets chin\u00e9s et des cr\u00e9ations d\u2019artisans<\/p>\n<p class=\" wall-content\">Et le secret de ces nouveaut\u00e9s \u00e0 venir devrait \u00eatre gard\u00e9 jusqu\u2019au dernier moment. Car les vitrines de la galerie du Couchant pourraient bien vite se recouvrir afin d\u2019\u00e9viter aux indiscrets de ne jeter un coup d\u2019\u0153il \u00e0 l\u2019int\u00e9rieur. Ce que l\u2019on sait, cependant, c\u2019est qu\u2019\u00e0 l\u2019image de leurs clients, Blandine et Sarah n\u2019ont pas h\u00e9sit\u00e9 \u00e0<b> faire appel aux artisans rev\u00e9lois pour les \u00e9pauler<\/b> dans l\u2019am\u00e9nagement des lieux. \u00ab\u2009Tout ce qui sera dans la librairie aura \u00e9t\u00e9<b> chin\u00e9<\/b>, <b>offert par des clients<\/b> ou<b> r\u00e9alis\u00e9 par des professionnels rev\u00e9lois<\/b>, que ce soit les fauteuils manufactur\u00e9s par <a href=\"https:\/\/actu.fr\/occitanie\/revel_31451\/revel-ce-tapissier-traditionnel-ouvre-son-atelier-au-public-pour-les-journees-des-metiers-dart_60893247.html\" rel=\"nofollow noopener\" target=\"_blank\">Une Maison en Lauragais<\/a>, le mobilier imagin\u00e9 par <b>Amaryllis<\/b>\u2026 Sans oublier l\u2019enseigne, qui a d\u2019ores et d\u00e9j\u00e0 \u00e9t\u00e9 restaur\u00e9e par <a href=\"https:\/\/actu.fr\/occitanie\/revel_31451\/commerce-ce-peintre-en-lettres-a-quitte-lalsace-pour-redessiner-les-enseignes-du-lauragais_60630768.html\" rel=\"nofollow noopener\" target=\"_blank\">Oncle John<\/a> et <a href=\"https:\/\/actu.fr\/occitanie\/soreze_81288\/restauration-de-meubles-latelier-aux-4-mains-quitte-revel-pour-investir-un-monument-historique_60053333.html\" rel=\"nofollow noopener\" target=\"_blank\">l\u2019Atelier aux 4 mains<\/a>, en pr\u00e9vision des travaux d\u2019agrandissement\u2009\u00bb, \u00e9num\u00e8re-t-elle.<\/p>\n<p>    <img   decoding=\"async\" loading=\"lazy\" class=\"size-large\" src=\"https:\/\/www.europesays.com\/fr\/wp-content\/uploads\/2025\/08\/b20d909ce6a86e60d909ce6a8ea0d9v-960x640.jpg\" alt=\"Librairie du beffroi Revel - Blandine Chatenet et Sarah Doumerc\" width=\"960\" height=\"640\"\/><br \/>\n    Dans leur \u00ab\u2009librairie \u00e9ph\u00e9m\u00e8re\u2009\u00bb du 5, rue de Vaure, Blandine et Sarah disposent de 35 m\u00b2 pour continuer \u00e0 satisfaire leur client\u00e8le. \u00a9Ang\u00e9lique Passebosc \u2013 Voix du Midi Lauragais<\/p>\n<p class=\" wall-content\">Un choix loin d\u2019\u00eatre d\u00fb au hasard\u2009: \u00ab\u2009Les livres sont autant li\u00e9s \u00e0 la litt\u00e9rature qu\u2019aux arts. Tout est imbriqu\u00e9\u2009! Puis, si l\u2019on peut faire d\u00e9couvrir<b> la qualit\u00e9 et l\u2019expertise de nos artistes et artisans<\/b> \u2013 qui font tous un travail remarquable \u2013 \u00e0 d\u2019autres personnes, alors autant le faire.\u2009\u00bb<\/p>\n<p>Ouverture en 2026<\/p>\n<p class=\" wall-content\">Blandine et Sarah donnent rendez-vous aux lecteurs dans quelques mois pour d\u00e9couvrir une librairie agrandie et r\u00e9nov\u00e9e. \u00ab\u2009L\u2019objectif serait d\u2019<b>\u00eatre op\u00e9rationnelles pour le d\u00e9but de l\u2019ann\u00e9e 2026<\/b>.\u2009\u00bb En attendant, elles continueront \u00e0 satisfaire petits et grands dans leur \u00ab\u2009librairie \u00e9ph\u00e9m\u00e8re\u2009\u00bb du 5, rue de Vaur\u00e9.<\/p>\n<p><b>Infos pratiques<\/b><br \/>Librairie du beffroi\u2009: 5, rue de Vaur\u00e9 (adresse temporaire, le temps de travaux) \u2013 31250 Revel<br \/>Horaires d\u2019ouverture\u2009: du mardi au vendredi de 9\u2009h \u00e0 12\u2009h et de 14\u2009h \u00e0 19\u2009h, ainsi que le samedi de 9\u2009h \u00e0 12\u2009h\u200930 et de 15\u2009h \u00e0 19\u2009h<br \/>Contact\u2009: 05\u200961\u200983\u200955\u200984 ou <a href=\"http:\/\/actu.fr\/cdn-cgi\/l\/email-protection#dfb3b6bdadbeb6adb6babbaabdbab9b9adb0b69fb8b2beb6b3f1bcb0b2\" rel=\"nofollow noopener\" target=\"_blank\">[email\u00a0protected]<\/a> et sur <a href=\"https:\/\/www.facebook.com\/librairiedubeffroirevel\/?locale=fr_FR\" rel=\"nofollow noopener\" target=\"_blank\">la page Facebook du magasin<\/a><\/p>\n<p class=\" wall-content\">Personnalisez votre actualit\u00e9 en ajoutant vos villes et m\u00e9dias en favori avec <a href=\"https:\/\/moncompte.actu.fr\" title=\"D\u00e9couvez Mon Actu\" rel=\"nofollow noopener\" data-trk=\"{&quot;cta&quot;:{&quot;action&quot;:&quot;https:\\\/\\\/moncompte.actu.fr&quot;,&quot;category&quot;:&quot;mon compte&quot;,&quot;from&quot;:&quot;article footer&quot;,&quot;name&quot;:&quot;Mon actu&quot;,&quot;type&quot;:&quot;cta&quot;}}\" target=\"_blank\">Mon Actu<\/a>.<\/p>\n","protected":false},"excerpt":{"rendered":"Par Ang\u00e9lique Passebosc Publi\u00e9 le 30 ao\u00fbt 2025 \u00e0 8h54 Sa vitrine a toujours regorg\u00e9 d\u2019ouvrages en tous&hellip;\n","protected":false},"author":2,"featured_media":354002,"comment_status":"","ping_status":"","sticky":false,"template":"","format":"standard","meta":{"footnotes":""},"categories":[1357],"tags":[1379,215,58,33,59,1011,27,1380],"class_list":{"0":"post-354001","1":"post","2":"type-post","3":"status-publish","4":"format-standard","5":"has-post-thumbnail","7":"category-livres","8":"tag-books","9":"tag-commerce","10":"tag-divertissement","11":"tag-economie","12":"tag-entertainment","13":"tag-fr","14":"tag-france","15":"tag-livres"},"share_on_mastodon":{"url":"https:\/\/pubeurope.com\/@fr\/115116434131749174","error":""},"_links":{"self":[{"href":"https:\/\/www.europesays.com\/fr\/wp-json\/wp\/v2\/posts\/354001","targetHints":{"allow":["GET"]}}],"collection":[{"href":"https:\/\/www.europesays.com\/fr\/wp-json\/wp\/v2\/posts"}],"about":[{"href":"https:\/\/www.europesays.com\/fr\/wp-json\/wp\/v2\/types\/post"}],"author":[{"embeddable":true,"href":"https:\/\/www.europesays.com\/fr\/wp-json\/wp\/v2\/users\/2"}],"replies":[{"embeddable":true,"href":"https:\/\/www.europesays.com\/fr\/wp-json\/wp\/v2\/comments?post=354001"}],"version-history":[{"count":0,"href":"https:\/\/www.europesays.com\/fr\/wp-json\/wp\/v2\/posts\/354001\/revisions"}],"wp:featuredmedia":[{"embeddable":true,"href":"https:\/\/www.europesays.com\/fr\/wp-json\/wp\/v2\/media\/354002"}],"wp:attachment":[{"href":"https:\/\/www.europesays.com\/fr\/wp-json\/wp\/v2\/media?parent=354001"}],"wp:term":[{"taxonomy":"category","embeddable":true,"href":"https:\/\/www.europesays.com\/fr\/wp-json\/wp\/v2\/categories?post=354001"},{"taxonomy":"post_tag","embeddable":true,"href":"https:\/\/www.europesays.com\/fr\/wp-json\/wp\/v2\/tags?post=354001"}],"curies":[{"name":"wp","href":"https:\/\/api.w.org\/{rel}","templated":true}]}}