{"id":354003,"date":"2025-08-30T07:02:14","date_gmt":"2025-08-30T07:02:14","guid":{"rendered":"https:\/\/www.europesays.com\/fr\/354003\/"},"modified":"2025-08-30T07:02:14","modified_gmt":"2025-08-30T07:02:14","slug":"je-chante-depuis-que-je-sais-parler-une-castelginestoise-de-7-ans-dans-the-voice-kids-samedi-soir","status":"publish","type":"post","link":"https:\/\/www.europesays.com\/fr\/354003\/","title":{"rendered":"\u00ab\u00a0Je chante depuis que je sais parler\u00a0\u00bb\u00a0: une Castelginestoise de 7 ans dans The Voice Kids samedi soir"},"content":{"rendered":"<p>\n                                                                    l&rsquo;essentiel<br \/>\n                                                                The Voice Kids 2025 s\u2019invite dans le quotidien de Jade, 7 ans. Entre trac ma\u00eetris\u00e9, fauteuils rouges impressionnants et r\u00eave de Star Academy, jusqu\u2019o\u00f9 ira la petite mascotte chouchout\u00e9e des candidats\u00a0?\n                            <\/p>\n<p>\u00ab\u00a0Je chante depuis que je sais parler\u00a0\u00bb, lance Jade avec un sourire malicieux. \u00c0 seulement 7 ans, la petite Castelginestoise s\u2019appr\u00eate \u00e0 vivre une exp\u00e9rience hors du commun\u00a0: son audition \u00e0 <a href=\"https:\/\/www.tf1.fr\/tf1\/the-voice-kids\" target=\"_self\" rel=\"nofollow noopener\">The Voice Kids 2025<\/a> sera diffus\u00e9e ce samedi, \u00e0 partir de 21h10 sur <a href=\"https:\/\/www.tf1.fr\/\" target=\"_self\" rel=\"nofollow noopener\">TF1<\/a>.<\/p>\n<p>        <img decoding=\"async\" class=\"std-img__img responsive-img\" src=\"https:\/\/www.europesays.com\/fr\/wp-content\/uploads\/2025\/08\/1756537334_653_image.png\" alt=\"Jade a interpr\u00e9t\u00e9 &quot;Premier amour&quot; de la chanteuse Nour.\"\/><\/p>\n<p>                Jade a interpr\u00e9t\u00e9 \u00ab\u00a0Premier amour\u00a0\u00bb de la chanteuse Nour.<br \/>\n                                    TF1<\/p>\n<p>Pour rappel, cette \u00e9mission est la d\u00e9clinaison de la version adulte de The Voice, mais r\u00e9serv\u00e9e \u00e0 des jeunes de 6 \u00e0 15 ans. Le principe est le m\u00eame\u00a0: pour y participer, il faut r\u00e9ussir les \u00ab\u00a0auditions \u00e0 l\u2019aveugle\u00a0\u00bb. Les candidats chantent devant quatre fauteuils retourn\u00e9s dans lesquels les coachs sont assis. Ainsi, ils ne jugent la performance que par la voix.<\/p>\n<p class=\"std-elt__inline\">\n        <strong>\u00c0 lire aussi :<\/strong><br \/>\n        <a href=\"https:\/\/www.ladepeche.fr\/2025\/08\/13\/guinguette-un-concert-anime-par-marie-une-finaliste-de-the-voice-12873692.php\" rel=\"nofollow noopener\" target=\"_blank\">Guinguette ; un concert anim\u00e9 par Marie, une finaliste de The Voice<\/a>\n    <\/p>\n<p>C\u2019est gr\u00e2ce \u00e0 sa grand-m\u00e8re, passionn\u00e9e du t\u00e9l\u00e9-crochet, que Jade a tent\u00e9 l\u2019aventure. Pour s\u00e9duire le\u00a0jury, elle a choisi le titre \u00ab\u00a0Premier amour\u00a0\u00bb de <a href=\"https:\/\/www.instagram.com\/nouroff_\/?hl=fr\" target=\"_self\" rel=\"nofollow noopener\">Nour<\/a>, gagnante de la saison 11 de The Voice. Une chanson \u00e9mouvante qui aborde le th\u00e8me du chagrin d\u2019amour, et qui n\u2019a pas effray\u00e9 la jeune candidate. \u00ab\u00a0Pour moi, c\u2019\u00e9tait tr\u00e8s stressant, confie Aur\u00e9lie, sa maman. Pour elle aussi, mais elle a tr\u00e8s bien g\u00e9r\u00e9. Elle avait peur, et puis au final, elle m\u2019a dit qu\u2019elle avait la jambe qui tremblait, mais \u00e7a ne s\u2019est pas vu\u00a0!\u00a0\u00bb<\/p>\n<p class=\"std-elt__inline\">\n        <strong>\u00c0 lire aussi :<\/strong><br \/>\n        <a href=\"https:\/\/www.ladepeche.fr\/2025\/06\/18\/lioan-de-the-voice-revient-en-comminges-12769332.php\" rel=\"nofollow noopener\" target=\"_blank\">Lioan de The Voice revient en Comminges<\/a>\n    <\/p>\n<p>Cette ann\u00e9e, les fauteuils rouges sont occup\u00e9s par <a href=\"https:\/\/www.youtube.com\/channel\/UCYne4N06sHVhRBXS0Lq5D8g\" target=\"_self\" rel=\"nofollow noopener\">Soprano<\/a>, <a href=\"https:\/\/www.instagram.com\/jesuissanta999\/?hl=fr\" target=\"_self\" rel=\"nofollow noopener\">Santa<\/a>, <a href=\"https:\/\/www.instagram.com\/mattpokora\/?hl=fr\" target=\"_self\" rel=\"nofollow noopener\">M.\u00a0Pokora<\/a> et <a href=\"https:\/\/www.instagram.com\/patrickfiorioff\/\" target=\"_self\" rel=\"nofollow noopener\">Patrick Fiori<\/a>. \u00ab\u00a0C\u2019\u00e9tait impressionnant de les rencontrer, mais ils \u00e9taient tr\u00e8s gentils\u00a0\u00bb, raconte Jade. Et avec les autres candidats, l\u2019entente a \u00e9t\u00e9 imm\u00e9diate. \u00ab\u00a0On s\u2019est tous bien entendus\u00a0\u00bb, ajoute-t-elle.\u00a0\u00ab\u00a0C\u2019\u00e9tait la petite mascotte, sourit Aur\u00e9lie. Ils l\u2019ont tous chouchout\u00e9e.\u00a0\u00bb<\/p>\n<p class=\"std-elt__inline\">\n        <strong>\u00c0 lire aussi :<\/strong><br \/>\n        <a href=\"https:\/\/www.ladepeche.fr\/2025\/05\/16\/je-prepare-un-album-que-devient-nawel-la-jeune-chanteuse-agenaise-ayant-participe-a-the-voice-12697765.php\" rel=\"nofollow noopener\" target=\"_blank\">\u00ab\u00a0Je pr\u00e9pare un album\u00a0\u00bb\u00a0: que devient Nawel, la jeune chanteuse agenaise ayant particip\u00e9 \u00e0 The Voice\u00a0?<\/a>\n    <\/p>\n<p>La rentr\u00e9e scolaire, \u00e7a\u00a0ne l\u2019inqui\u00e8te pas. Jade, qui fait son entr\u00e9e en CE2, est impatiente de partager son aventure avec ses camarades.\u00a0Et d\u00e9j\u00e0, la fillette r\u00eave plus grand\u00a0: son prochain souhait\u00a0? Int\u00e9grer la <a href=\"https:\/\/www.tf1.fr\/tf1\/star-academy\" target=\"_self\" rel=\"nofollow noopener\">Star Academy<\/a>. Reste \u00e0 attendre quelques ann\u00e9es\u2026<\/p>\n<p>                                                                                                                                                                                                        <script async src=\"\/\/www.instagram.com\/embed.js\"><\/script><\/p>\n","protected":false},"excerpt":{"rendered":"l&rsquo;essentiel The Voice Kids 2025 s\u2019invite dans le quotidien de Jade, 7 ans. Entre trac ma\u00eetris\u00e9, fauteuils rouges&hellip;\n","protected":false},"author":2,"featured_media":354004,"comment_status":"","ping_status":"","sticky":false,"template":"","format":"standard","meta":{"footnotes":""},"categories":[1356],"tags":[58,59,1011,27,252,1364],"class_list":{"0":"post-354003","1":"post","2":"type-post","3":"status-publish","4":"format-standard","5":"has-post-thumbnail","7":"category-television","8":"tag-divertissement","9":"tag-entertainment","10":"tag-fr","11":"tag-france","12":"tag-television","13":"tag-tv"},"share_on_mastodon":{"url":"https:\/\/pubeurope.com\/@fr\/115116437967376554","error":""},"_links":{"self":[{"href":"https:\/\/www.europesays.com\/fr\/wp-json\/wp\/v2\/posts\/354003","targetHints":{"allow":["GET"]}}],"collection":[{"href":"https:\/\/www.europesays.com\/fr\/wp-json\/wp\/v2\/posts"}],"about":[{"href":"https:\/\/www.europesays.com\/fr\/wp-json\/wp\/v2\/types\/post"}],"author":[{"embeddable":true,"href":"https:\/\/www.europesays.com\/fr\/wp-json\/wp\/v2\/users\/2"}],"replies":[{"embeddable":true,"href":"https:\/\/www.europesays.com\/fr\/wp-json\/wp\/v2\/comments?post=354003"}],"version-history":[{"count":0,"href":"https:\/\/www.europesays.com\/fr\/wp-json\/wp\/v2\/posts\/354003\/revisions"}],"wp:featuredmedia":[{"embeddable":true,"href":"https:\/\/www.europesays.com\/fr\/wp-json\/wp\/v2\/media\/354004"}],"wp:attachment":[{"href":"https:\/\/www.europesays.com\/fr\/wp-json\/wp\/v2\/media?parent=354003"}],"wp:term":[{"taxonomy":"category","embeddable":true,"href":"https:\/\/www.europesays.com\/fr\/wp-json\/wp\/v2\/categories?post=354003"},{"taxonomy":"post_tag","embeddable":true,"href":"https:\/\/www.europesays.com\/fr\/wp-json\/wp\/v2\/tags?post=354003"}],"curies":[{"name":"wp","href":"https:\/\/api.w.org\/{rel}","templated":true}]}}