{"id":354005,"date":"2025-08-30T07:03:10","date_gmt":"2025-08-30T07:03:10","guid":{"rendered":"https:\/\/www.europesays.com\/fr\/354005\/"},"modified":"2025-08-30T07:03:10","modified_gmt":"2025-08-30T07:03:10","slug":"des-nouvelles-positives-de-la-sante-de-florent-pagny-audrey-crespo-mara-brise-le-silence-il-va-suffisamment-bien","status":"publish","type":"post","link":"https:\/\/www.europesays.com\/fr\/354005\/","title":{"rendered":"Des nouvelles positives de la sant\u00e9 de Florent Pagny ? Audrey Crespo-Mara brise le silence : \u201cIl va suffisamment bien\u201d"},"content":{"rendered":"<p class=\"mb-4 text-lg md:leading-8 break-words\">Pour la premi\u00e8re fois depuis la disparition de son mari Thierry Ardisson, survenue le 14 juillet dernier \u00e0 l\u2019\u00e2ge de 76 ans, Audrey Crespo-Mara a accept\u00e9 de se confier \u00e0 nos confr\u00e8res du <a href=\"https:\/\/www.leparisien.fr\/culture-loisirs\/tv\/audrey-crespo-mara-se-confie-pour-la-premiere-fois-je-veux-faire-en-sorte-que-thierry-continue-detre-fier-de-moi-29-08-2025-YWZ4RQSM35DWDEPSYXHIQSQSVY.php\" rel=\"nofollow noopener\" target=\"_blank\" data-ylk=\"slk:Parisien;elm:context_link;itc:0;sec:content-canvas\" class=\"link \"> Parisien  <\/a>. La journaliste revient sur les derniers jours de l\u2019homme de sa vie, tout en \u00e9voquant son retour \u00e0 l\u2019antenne et son interview tr\u00e8s attendue de Florent Pagny, diffus\u00e9e ce dimanche 31 ao\u00fbt dans Sept \u00e0 Huit  sur TF1.<\/p>\n<p><strong>Des nouvelles rassurantes de Florent Pagny <\/strong><\/p>\n<p class=\"mb-4 text-lg md:leading-8 break-words\">L\u2019artiste, qui lutte depuis 2022 contre un cancer, fera l\u2019objet du portrait de la semaine dans l\u2019\u00e9mission dominicale de la Premi\u00e8re cha\u00eene. Audrey Crespo-Mara a donc accept\u00e9 d\u2019en dire un mot :  \u00ab\u00a0En 2022, j\u2019ai suivi pendant un an le combat de Florent Pagny contre le cancer. Malheureusement, cela terminait sur l\u2019annonce d\u2019une rechute. Vous verrez dimanche comment il va. C\u2019est \u00e0 lui de le dire. Mais il va suffisamment bien pour nous recevoir avec sa femme, sur ses terres en Bourgogne, o\u00f9 il vient d\u2019acheter une ferme fortifi\u00e9e du XIe si\u00e8cle\u00a0\u00bb .<\/p>\n<p class=\"mb-4 text-lg md:leading-8 break-words\">La journaliste a tenu \u00e0 souligner la confiance que le chanteur lui a accord\u00e9e :  \u00ab\u00a0Florent Pagny n\u2019a su que Thierry \u00e9tait malade que lors de notre derni\u00e8re interview, en mars 2023. Et on n\u2019en a pas parl\u00e9 tant que \u00e7a. Je suis tr\u00e8s pudique et lui aussi. On se comprend en quelques mots, sans trop s\u2019attarder. Il s\u2019est senti en confiance avec nous. Il savait que je saurai l\u2019\u00e9couter, qu\u2019on lui accorderait du temps et qu\u2019il s\u2019exprimerait devant le plus grand nombre dans \u2018le Portrait\u2019 de \u2018Sept \u00e0 Huit\u2019\u00a0\u00bb.<\/p>\n<p><strong>\u201cUn cancer, ce n\u2019est pas une bronchite\u201d <\/strong><\/p>\n<p class=\"mb-4 text-lg md:leading-8 break-words\">Ce nouveau rendez-vous avec l\u2019artiste r\u00e9sonne forc\u00e9ment d\u2019une mani\u00e8re particuli\u00e8re pour Audrey Crespo-Mara, endeuill\u00e9e depuis peu\u2026 \u00ab\u00a0Cela m\u2019a \u00e9mue mais cela n\u2019a pas ajout\u00e9 de la douleur \u00e0 la douleur. Je suis heureuse que Florent aille mieux et qu\u2019il sorte un nouvel album en cette rentr\u00e9e (intitul\u00e9 \u2018Grandeur nature\u2019). Mais un cancer, ce n\u2019est pas une bronchite, c\u2019est une vie sous contr\u00f4les\u00a0\u00bb , a-t-elle tenu \u00e0 souligner.<\/p>\n<p class=\"mb-4 text-lg md:leading-8 break-words\">Malgr\u00e9 la douleur, la journaliste a tr\u00e8s vite repris son r\u00f4le de joker des journaux du week-end sur TF1. Une d\u00e9cision qu\u2019elle a explique avec franchise : \u00ab\u00a0J\u2019\u00e9tais persuad\u00e9e que le faire plus tard serait encore plus compliqu\u00e9. Apr\u00e8s les obs\u00e8ques, j\u2019avais deux choix : me morfondre chez moi ou faire en sorte que Thierry continue d\u2019\u00eatre fier de moi. Jusqu\u2019\u00e0 la fin, il a \u00e9t\u00e9 si courageux et si digne, que \u00e7a m\u2019obligeait\u00a0\u00bb .<\/p>\n<p class=\"mb-4 text-lg md:leading-8 break-words\"><a href=\"https:\/\/www.programme-television.org\/news\/people\/vie-privee\/des-nouvelles-positives-de-la-sante-de-florent-pagny-audrey-crespo-mara-brise-le-silence-il-va-suffisamment-bien-4744777\" rel=\"nofollow noopener\" target=\"_blank\" data-ylk=\"slk:Voir l&#039;article original sur T\u00e9l\u00e9 7 jours;elm:context_link;itc:0;sec:content-canvas\" class=\"link \">Voir l&rsquo;article original sur T\u00e9l\u00e9 7 jours<\/a><\/p>\n","protected":false},"excerpt":{"rendered":"Pour la premi\u00e8re fois depuis la disparition de son mari Thierry Ardisson, survenue le 14 juillet dernier \u00e0&hellip;\n","protected":false},"author":2,"featured_media":354006,"comment_status":"","ping_status":"","sticky":false,"template":"","format":"standard","meta":{"footnotes":""},"categories":[1355],"tags":[17979,58,59,3109,1011,27,5446,1361,873,199,10058],"class_list":{"0":"post-354005","1":"post","2":"type-post","3":"status-publish","4":"format-standard","5":"has-post-thumbnail","7":"category-musique","8":"tag-audrey-crespo-mara","9":"tag-divertissement","10":"tag-entertainment","11":"tag-florent-pagny","12":"tag-fr","13":"tag-france","14":"tag-le-14-juillet","15":"tag-music","16":"tag-musique","17":"tag-tf1","18":"tag-thierry-ardisson"},"share_on_mastodon":{"url":"https:\/\/pubeurope.com\/@fr\/115116441911879157","error":""},"_links":{"self":[{"href":"https:\/\/www.europesays.com\/fr\/wp-json\/wp\/v2\/posts\/354005","targetHints":{"allow":["GET"]}}],"collection":[{"href":"https:\/\/www.europesays.com\/fr\/wp-json\/wp\/v2\/posts"}],"about":[{"href":"https:\/\/www.europesays.com\/fr\/wp-json\/wp\/v2\/types\/post"}],"author":[{"embeddable":true,"href":"https:\/\/www.europesays.com\/fr\/wp-json\/wp\/v2\/users\/2"}],"replies":[{"embeddable":true,"href":"https:\/\/www.europesays.com\/fr\/wp-json\/wp\/v2\/comments?post=354005"}],"version-history":[{"count":0,"href":"https:\/\/www.europesays.com\/fr\/wp-json\/wp\/v2\/posts\/354005\/revisions"}],"wp:featuredmedia":[{"embeddable":true,"href":"https:\/\/www.europesays.com\/fr\/wp-json\/wp\/v2\/media\/354006"}],"wp:attachment":[{"href":"https:\/\/www.europesays.com\/fr\/wp-json\/wp\/v2\/media?parent=354005"}],"wp:term":[{"taxonomy":"category","embeddable":true,"href":"https:\/\/www.europesays.com\/fr\/wp-json\/wp\/v2\/categories?post=354005"},{"taxonomy":"post_tag","embeddable":true,"href":"https:\/\/www.europesays.com\/fr\/wp-json\/wp\/v2\/tags?post=354005"}],"curies":[{"name":"wp","href":"https:\/\/api.w.org\/{rel}","templated":true}]}}