{"id":354007,"date":"2025-08-30T07:04:12","date_gmt":"2025-08-30T07:04:12","guid":{"rendered":"https:\/\/www.europesays.com\/fr\/354007\/"},"modified":"2025-08-30T07:04:12","modified_gmt":"2025-08-30T07:04:12","slug":"la-chute-impressionnante-danne-hathaway-sur-le-tournage","status":"publish","type":"post","link":"https:\/\/www.europesays.com\/fr\/354007\/","title":{"rendered":"La chute impressionnante d\u2019Anne Hathaway sur le tournage"},"content":{"rendered":"<p class=\"mb-4 text-lg md:leading-8 break-words\">Bagel \u00e0 la main, hauts talons et sourire amus\u00e9\u00a0, <a href=\"https:\/\/www.elle.fr\/Personnalites\/Anne-Hathaway#\" rel=\"nofollow noopener\" target=\"_blank\" data-ylk=\"slk:Anne Hathaway;elm:context_link;itc:0;sec:content-canvas\" class=\"link \">Anne Hathaway<\/a> ne se laisse pas abattre apr\u00e8s sa chute spectaculaire sur le tournage de la suite du mythique film \u00ab\u00a0 <a href=\"https:\/\/www.elle.fr\/Loisirs\/Cinema\/News\/On-connait-la-date-de-sortie-du-film-Le-Diable-s-habille-en-Prada-2-4349137#\" rel=\"nofollow noopener\" target=\"_blank\" data-ylk=\"slk:Le Diable s\u2019habille en Prada 2\u00a0;elm:context_link;itc:0;sec:content-canvas\" class=\"link \">Le Diable s\u2019habille en Prada 2\u00a0<\/a>\u00bb.<\/p>\n<p class=\"mb-4 text-lg md:leading-8 break-words\">Rappelons que dans le premier volet, la jeune femme est l\u2019assistante d\u2019Amanda Priestly (incarn\u00e9e par <a href=\"https:\/\/www.elle.fr\/Personnalites\/Meryl-Streep#\" rel=\"nofollow noopener\" target=\"_blank\" data-ylk=\"slk:Meryl Streep),;elm:context_link;itc:0;sec:content-canvas\" class=\"link \">Meryl Streep),<\/a> r\u00e9dactrice en chef du prestigieux magazine de mode \u00ab\u00a0Runway\u00a0\u00bb. Elle d\u00e9couvre alors un univers totalement inconnu, o\u00f9 la mode peut parfois se r\u00e9v\u00e9ler vertigineuse&#8230;<\/p>\n<p class=\"mb-4 text-lg md:leading-8 break-words\">Ce 28 ao\u00fbt 2025, chauss\u00e9e de ses plus beaux escarpins pour reprendre son r\u00f4le d\u2019Andy Sachs, l\u2019actrice tr\u00e9buche dans les escaliers et tombe lourdement au sol, son talon ayant soudainement c\u00e9d\u00e9. Les photographes, toujours aux aguets des d\u00e9placements des stars du programme, comme lors de l\u2019arriv\u00e9e de la top-mod\u00e8le <a href=\"https:\/\/www.elle.fr\/Loisirs\/Cinema\/News\/Le-Diable-s-habille-en-Prada-2-les-images-du-mannequin-Heidi-Klum-sur-le-tournage-du-film#\" rel=\"nofollow noopener\" target=\"_blank\" data-ylk=\"slk:Heidi Klum rep\u00e9r\u00e9e sur le tournage;elm:context_link;itc:0;sec:content-canvas\" class=\"link \">Heidi Klum rep\u00e9r\u00e9e sur le tournage<\/a>, n\u2019ont pas manqu\u00e9 de capturer le moment.<\/p>\n<p class=\"mb-4 text-lg md:leading-8 break-words\">\u00c0 lire aussi &gt;&gt;&gt; <a href=\"https:\/\/www.elle.fr\/Loisirs\/Cinema\/News\/Anne-Hathaway-J-aimerais-venir-en-France-plus-souvent-4231626#\" rel=\"nofollow noopener\" target=\"_blank\" data-ylk=\"slk:Anne Hathaway : \u00ab J&#039;aimerais venir en France plus souvent \u00bb;elm:context_link;itc:0;sec:content-canvas\" class=\"link \">Anne Hathaway : \u00ab J&rsquo;aimerais venir en France plus souvent \u00bb<\/a><\/p>\n<p>La chute d\u2019Anne Hathaway\u00a0:\u00a0 un v\u00e9ritable accident\u00a0?<\/p>\n<p class=\"mb-4 text-lg md:leading-8 break-words\">Aussit\u00f4t relev\u00e9e, l\u2019actrice de quarante-deux ans, toujours aussi professionnelle, a repris le tournage avec beaucoup d\u2019\u00e9nergie, en rassurant tout le monde d\u2019un \u00ab\u00a0je vais bien\u00a0!\u00a0\u00bb.<\/p>\n<p class=\"mb-4 text-lg md:leading-8 break-words\">Malgr\u00e9 la chute impressionnante, il n\u2019y a eu aucune cons\u00e9quence grave, de quoi rassurer les \u00e9quipes techniques et les fans tr\u00e8s inquiets sur les r\u00e9seaux sociaux. De nombreuses sp\u00e9culations tournent sur la s\u00e9quence qui, d\u2019apr\u00e8s certain\u00b7es, ferait partie du sc\u00e9nario. Les questions demeurent toujours pour l\u2019instant. Il faudra attendre la sortie du film pour conna\u00eetre la v\u00e9rit\u00e9\u00a0!<\/p>\n<p>Tout ce qu\u2019il faut savoir sur la suite de \u00ab\u00a0Le Diable s\u2019habille en Prada\u00a0\u00bb<\/p>\n<p class=\"mb-4 text-lg md:leading-8 break-words\">Dans la suite du film, on suivra Miranda Priestly, dont le m\u00e9tier est fragilis\u00e9 par la baisse des ventes de la presse. Face \u00e0 elle, Emily Charlton est devenue PDG d\u2019un grand groupe de luxe, et la publicit\u00e9 de ce dernier reste essentielle pour son ancienne patronne.<\/p>\n<p class=\"mb-4 text-lg md:leading-8 break-words\">Au casting, on retrouvera \u00e9galement Emily Blunt qui reprend son r\u00f4le d\u2019Emily Charlton et Stanley Tucci celui de Nigel. S\u2019ajoutent aussi <a href=\"https:\/\/www.elle.fr\/Loisirs\/Series\/Bridgerton-saison-2-ces-choses-a-savoir-sur-Ashley-Simone-l-interprete-de-Kate-Sharma-4011042#\" rel=\"nofollow noopener\" target=\"_blank\" data-ylk=\"slk:Simone Ashley;elm:context_link;itc:0;sec:content-canvas\" class=\"link \">Simone Ashley<\/a>, vue dans \u00ab Bridgerton \u00bb, <a href=\"https:\/\/www.elle.fr\/Personnalites\/Lucy-Liu#\" rel=\"nofollow noopener\" target=\"_blank\" data-ylk=\"slk:Lucy Liu;elm:context_link;itc:0;sec:content-canvas\" class=\"link \">Lucy Liu<\/a>, Justin Theroux, B.J. Novak, Pauline Chalamet, Helen J. Shen, Conrad Ricamora, Kenneth Branagh, Caleb Hearon et Patrick Brammall.<\/p>\n<p class=\"mb-4 text-lg md:leading-8 break-words\">Le film est r\u00e9alis\u00e9 par David Frankel et le sc\u00e9nario \u00e9crit par Aline Brosh McKenna. Il est produit par la soci\u00e9t\u00e9 20th Century Studios et est une adaptation du roman \u00ab Revenge Wears Prada : The Devil Returns \u00bb de Lauren Weisberger.<\/p>\n<p class=\"mb-4 text-lg md:leading-8 break-words\"><a href=\"https:\/\/www.elle.fr\/Loisirs\/Cinema\/News\/Le-diable-s-habille-en-Prada-2-La-chute-impressionnante-d-Anne-Hathaway-sur-le-tournage\" rel=\"nofollow noopener\" target=\"_blank\" data-ylk=\"slk:Voir l&#039;article original sur ELLE;elm:context_link;itc:0;sec:content-canvas\" class=\"link \">Voir l&rsquo;article original sur ELLE<\/a><\/p>\n","protected":false},"excerpt":{"rendered":"Bagel \u00e0 la main, hauts talons et sourire amus\u00e9\u00a0, Anne Hathaway ne se laisse pas abattre apr\u00e8s sa&hellip;\n","protected":false},"author":2,"featured_media":354008,"comment_status":"","ping_status":"","sticky":false,"template":"","format":"standard","meta":{"footnotes":""},"categories":[1354],"tags":[11607,58,40529,59,1346,1011,27,14487,34829,49023,40528,49022,1360,6265,1738],"class_list":{"0":"post-354007","1":"post","2":"type-post","3":"status-publish","4":"format-standard","5":"has-post-thumbnail","7":"category-films","8":"tag-anne-hathaway","9":"tag-divertissement","10":"tag-emily-blunt","11":"tag-entertainment","12":"tag-films","13":"tag-fr","14":"tag-france","15":"tag-heidi-klum","16":"tag-le-diable-shabille-en-prada","17":"tag-magazine-de-mode","18":"tag-meryl-streep","19":"tag-miranda-priestly","20":"tag-movies","21":"tag-tournage","22":"tag-tout-le-monde"},"share_on_mastodon":{"url":"https:\/\/pubeurope.com\/@fr\/115116445849192018","error":""},"_links":{"self":[{"href":"https:\/\/www.europesays.com\/fr\/wp-json\/wp\/v2\/posts\/354007","targetHints":{"allow":["GET"]}}],"collection":[{"href":"https:\/\/www.europesays.com\/fr\/wp-json\/wp\/v2\/posts"}],"about":[{"href":"https:\/\/www.europesays.com\/fr\/wp-json\/wp\/v2\/types\/post"}],"author":[{"embeddable":true,"href":"https:\/\/www.europesays.com\/fr\/wp-json\/wp\/v2\/users\/2"}],"replies":[{"embeddable":true,"href":"https:\/\/www.europesays.com\/fr\/wp-json\/wp\/v2\/comments?post=354007"}],"version-history":[{"count":0,"href":"https:\/\/www.europesays.com\/fr\/wp-json\/wp\/v2\/posts\/354007\/revisions"}],"wp:featuredmedia":[{"embeddable":true,"href":"https:\/\/www.europesays.com\/fr\/wp-json\/wp\/v2\/media\/354008"}],"wp:attachment":[{"href":"https:\/\/www.europesays.com\/fr\/wp-json\/wp\/v2\/media?parent=354007"}],"wp:term":[{"taxonomy":"category","embeddable":true,"href":"https:\/\/www.europesays.com\/fr\/wp-json\/wp\/v2\/categories?post=354007"},{"taxonomy":"post_tag","embeddable":true,"href":"https:\/\/www.europesays.com\/fr\/wp-json\/wp\/v2\/tags?post=354007"}],"curies":[{"name":"wp","href":"https:\/\/api.w.org\/{rel}","templated":true}]}}