{"id":354009,"date":"2025-08-30T07:05:09","date_gmt":"2025-08-30T07:05:09","guid":{"rendered":"https:\/\/www.europesays.com\/fr\/354009\/"},"modified":"2025-08-30T07:05:09","modified_gmt":"2025-08-30T07:05:09","slug":"ce-celebre-medicament-ne-sera-plus-rembourse-le-1er-septembre-pour-tous-700-000-francais-concernes","status":"publish","type":"post","link":"https:\/\/www.europesays.com\/fr\/354009\/","title":{"rendered":"Ce c\u00e9l\u00e8bre m\u00e9dicament ne sera plus rembours\u00e9 le 1er septembre pour tous\u00a0: 700\u00a0000\u00a0Fran\u00e7ais concern\u00e9s"},"content":{"rendered":"<p>\n                L&rsquo;Assurance maladie ne reviendra pas sur sa d\u00e9cision.            <\/p>\n<p>Environ 80 euros la bo\u00eete. Des milliers de Fran\u00e7ais se rendent chaque semaine en\u00a0pharmacie pour\u00a0ce m\u00e9dicament. Sans lui, tout leur organisme est d\u00e9r\u00e9gl\u00e9. Hausse de la <a href=\"https:\/\/sante.journaldesfemmes.fr\/fiches-anatomie-et-examens\/2423998-glycemie-a-jeun-elevee-basse-normal-taux-faire-baisser-test\/\" title=\"Taux de glucose\" rel=\"nofollow noopener\" target=\"_blank\">glyc\u00e9mie<\/a>, complications cardiovasculaires, prise de poids&#8230; Ils ne peuvent pas s&rsquo;en passer. Mais l&rsquo;Assurance maladie durcit ses conditions de remboursement \u00e0 partir du 1er septembre, \u00e0 cause des m\u00e9susages exposant \u00e0 des effets graves.\u00a0<\/p>\n<p>Ce m\u00e9dicament fait partie de la famille des analogues du GLP-1,\u00a0une hormone naturelle\u00a0qui joue un r\u00f4le cl\u00e9 dans la r\u00e9gulation de la glyc\u00e9mie. Autoris\u00e9 uniquement aux personnes diab\u00e9tiques, il\u00a0int\u00e9resse\u00a0aussi toutes celles\u00a0qui souhaitent perdre du poids. Comme il r\u00e9duit l&rsquo;app\u00e9tit et rassasie rapidement, il fait maigrir.\u00a0La perte de poids peut aller <a href=\"https:\/\/pmc.ncbi.nlm.nih.gov\/articles\/PMC6099440\/\" target=\"_blank\" rel=\"nofollow noopener\">jusqu&rsquo;\u00e0 3\u00a0\u00e0 5\u00a0kg en 6\u00a0mois<\/a> \u00e0 1 an. Probl\u00e8me :\u00a0cet effet \u00ab\u00a0minceur\u00a0\u00bb n&rsquo;est pas un motif de prescription reconnu par les autorit\u00e9s sanitaires fran\u00e7aises. Les m\u00e9decins ne sont pas autoris\u00e9s \u00e0 le prescrire dans cette indication. Or, l&rsquo;Assurance Maladie et l&rsquo;Agence nationale du m\u00e9dicament (ANSM) constatent\u00a0qu&rsquo;une partie des prescriptions\u00a0est faite pour maigrir.<\/p>\n<p>Pour contrer ce ph\u00e9nom\u00e8ne et garantir la disponibilit\u00e9 du m\u00e9dicament aux patients qui en ont besoin, la CNAM a instaur\u00e9 d\u00e9but 2025\u00a0un formulaire obligatoire, \u00e0 remettre au patient avec l&rsquo;ordonnance pour justifier que la prescription respecte l&rsquo;AMM (autorisation de mise sur le march\u00e9) et permettre le remboursement. Depuis le 1er juin, le remboursement n&rsquo;est plus possible sans justificatif pr\u00e9sent\u00e9 au pharmacien. L&rsquo;Assurance Maladie tol\u00e9rait toutefois un remboursement a posteriori, apr\u00e8s avance de frais, jusqu&rsquo;au 31\u00a0ao\u00fbt. Le 1er septembre, ce sera fini : \u00ab\u00a0Le justificatif sera indispensable \u00e0 la prise en charge du m\u00e9dicament et aucun remboursement a posteriori ne sera plus effectu\u00e9\u00a0\u00bb pr\u00e9vient la <a href=\"https:\/\/www.ameli.fr\/medecin\/actualites\/aglp-1-le-remboursement-posteriori-des-patients-sans-justificatif-est-possible-jusqu-au-31-aout\" target=\"_blank\" rel=\"nofollow noopener\">CNAM<\/a>. Le m\u00e9dicament est le s\u00e9maglutide plus connu sous le nom d&rsquo;Ozempic\u00ae.\u00a0Ce dispositif concerne aussi les\u00a0antidiab\u00e9tiques\u00a0Trulicity\u00ae (dulaglutide), Victoza\u00ae (liraglutide) et Byetta\u00ae (exenatide).<\/p>\n<p>Comme le rappelle l&rsquo;<a href=\"https:\/\/ansm.sante.fr\/uploads\/2024\/07\/05\/20240314-cr-cst-aglp1.pdf\" target=\"_blank\" rel=\"nofollow noopener\">ANSM<\/a>, environ 700 000 patients diab\u00e9tiques sont trait\u00e9s avec ces traitements. Si le m\u00e9decin les prescrit\u00a0hors AMM, il portera les\u00a0mentions \u00ab\u00a0non remboursable\u00a0\u00bb ou \u00ab\u00a0NR\u00a0\u00bb sur l&rsquo;ordonnance et informera\u00a0le patient que le traitement ne sera pas rembours\u00e9. Les m\u00e9dicaments analogues du GLP-1\u00a0autoris\u00e9s, eux, dans le <a href=\"https:\/\/sante.journaldesfemmes.fr\/fiches-maladies\/2620691-obesite-traitement-chirurgie-medicament-indications\/\" title=\"Traitement de l&#039;ob\u00e9sit\u00e9\" rel=\"nofollow noopener\" target=\"_blank\">traitement de l&rsquo;ob\u00e9sit\u00e9<\/a>\u00a0comme\u00a0Wegovy\u00ae\u00a0(s\u00e9maglutide),\u00a0Mounjaro\u00ae\u00a0(tirz\u00e9patide) et\u00a0Saxenda\u00ae\u00a0(liraglutide), ne sont pas concern\u00e9s par ce formulaire puisqu&rsquo;ils ne sont pas rembours\u00e9s. Ils sont disponibles uniquement sur ordonnance et\u00a0aux frais du patient, qui doit d\u00e9bourser environ 300\u00a0euros par bo\u00eete.<\/p>\n","protected":false},"excerpt":{"rendered":"L&rsquo;Assurance maladie ne reviendra pas sur sa d\u00e9cision. Environ 80 euros la bo\u00eete. Des milliers de Fran\u00e7ais se&hellip;\n","protected":false},"author":2,"featured_media":354010,"comment_status":"","ping_status":"","sticky":false,"template":"","format":"standard","meta":{"footnotes":""},"categories":[10],"tags":[1011,27,72,71],"class_list":{"0":"post-354009","1":"post","2":"type-post","3":"status-publish","4":"format-standard","5":"has-post-thumbnail","7":"category-sante","8":"tag-fr","9":"tag-france","10":"tag-health","11":"tag-sante"},"share_on_mastodon":{"url":"https:\/\/pubeurope.com\/@fr\/115116449701387458","error":""},"_links":{"self":[{"href":"https:\/\/www.europesays.com\/fr\/wp-json\/wp\/v2\/posts\/354009","targetHints":{"allow":["GET"]}}],"collection":[{"href":"https:\/\/www.europesays.com\/fr\/wp-json\/wp\/v2\/posts"}],"about":[{"href":"https:\/\/www.europesays.com\/fr\/wp-json\/wp\/v2\/types\/post"}],"author":[{"embeddable":true,"href":"https:\/\/www.europesays.com\/fr\/wp-json\/wp\/v2\/users\/2"}],"replies":[{"embeddable":true,"href":"https:\/\/www.europesays.com\/fr\/wp-json\/wp\/v2\/comments?post=354009"}],"version-history":[{"count":0,"href":"https:\/\/www.europesays.com\/fr\/wp-json\/wp\/v2\/posts\/354009\/revisions"}],"wp:featuredmedia":[{"embeddable":true,"href":"https:\/\/www.europesays.com\/fr\/wp-json\/wp\/v2\/media\/354010"}],"wp:attachment":[{"href":"https:\/\/www.europesays.com\/fr\/wp-json\/wp\/v2\/media?parent=354009"}],"wp:term":[{"taxonomy":"category","embeddable":true,"href":"https:\/\/www.europesays.com\/fr\/wp-json\/wp\/v2\/categories?post=354009"},{"taxonomy":"post_tag","embeddable":true,"href":"https:\/\/www.europesays.com\/fr\/wp-json\/wp\/v2\/tags?post=354009"}],"curies":[{"name":"wp","href":"https:\/\/api.w.org\/{rel}","templated":true}]}}