{"id":354019,"date":"2025-08-30T07:10:11","date_gmt":"2025-08-30T07:10:11","guid":{"rendered":"https:\/\/www.europesays.com\/fr\/354019\/"},"modified":"2025-08-30T07:10:11","modified_gmt":"2025-08-30T07:10:11","slug":"ladministration-trump-fait-imploser-la-principale-agence-sanitaire-americaine-avec-cette-decision","status":"publish","type":"post","link":"https:\/\/www.europesays.com\/fr\/354019\/","title":{"rendered":"L\u2019administration Trump fait imploser la principale agence sanitaire am\u00e9ricaine avec cette d\u00e9cision"},"content":{"rendered":"<p>        <img decoding=\"async\" loading=\"lazy\" src=\"https:\/\/www.europesays.com\/fr\/wp-content\/uploads\/2025\/08\/58651c7_sirius-fs-upload-1-sbpqaq4znbia-1746203925714-063-2210603938.jpg\"  width=\"728\" height=\"409\" alt=\"Robert Kennedy Jr, le ministre de la Sant\u00e9 de Donald Trump, a licenci\u00e9 la responsable de la principale agence de sant\u00e9 publique am\u00e9ricaine car elle refusait de retirer l\u2019autorisation des vaccins contre le Covid-19. (Photo d\u2019illustration)\"\/>  <\/p>\n<p>ALEX WONG \/ Getty Images via AFP<\/p>\n<p>Robert Kennedy Jr, le ministre de la Sant\u00e9 de Donald Trump, a licenci\u00e9 la responsable de la principale agence de sant\u00e9 publique am\u00e9ricaine car elle refusait de retirer l\u2019autorisation des vaccins contre le Covid-19. (Photo d\u2019illustration)<\/p>\n<p class=\"asset asset-text\">\u00c9TATS-UNIS &#8211; On l\u2019avait presque oubli\u00e9, avec cette administration am\u00e9ricaine remplie de profils tous plus controvers\u00e9s les uns que les autres.\u00a0Mais <a href=\"https:\/\/www.huffingtonpost.fr\/international\/article\/robert-kennedy-jr-vire-des-experts-des-vaccins-nouvelle-illustration-de-sa-politique-antivax_251142.html\" rel=\"nofollow noopener\" target=\"_blank\">le vaccinosceptique Robert Kennedy\u00a0Jr<\/a> (RFK) est revenu au c\u0153ur de l\u2019actualit\u00e9, et pas pour les bonnes raisons. Le ministre de la Sant\u00e9 de Donald Trump est au centre d\u2019une bataille\u00a0in\u00e9dite avec la principale agence de sant\u00e9 publique des \u00c9tats-Unis, le Centre am\u00e9ricain pour le contr\u00f4le et la pr\u00e9vention des maladies (CDC), apr\u00e8s avoir limog\u00e9 mercredi 27\u00a0ao\u00fbt sa directrice, <a href=\"https:\/\/www.huffingtonpost.fr\/international\/article\/aux-etats-unis-cet-autre-limogeage-exige-par-l-administration-trump-tourne-au-bras-de-fer_254066.html\" rel=\"nofollow noopener\" target=\"_blank\">Susan Monarez<\/a>.<\/p>\n<p class=\"asset asset-text\">Cette scientifique \u00e9minente et respect\u00e9e \u00e9tait pourtant arriv\u00e9e il y a seulement un mois. Et si elle n\u2019\u00e9tait pas le premier choix de Donald Trump, son CV paraissait tout \u00e0 fait coh\u00e9rent pour une agence dont les responsabilit\u00e9s sont immenses, que ce soit dans la recherche, la pr\u00e9vention et la coordination des politiques sanitaires.<\/p>\n<p class=\"asset asset-text\">Mais pas aux yeux de RFK Jr, dont la d\u00e9fiance envers la science et tout particuli\u00e8rement les vaccins vire fr\u00e9quemment avec le complotisme\u00a0le plus assum\u00e9 &#8211; comme lorsqu\u2019il avait qualifi\u00e9 le vaccin contre le Covid de \u00ab\u00a0poison\u00a0\u00bb, ou qu\u2019il affirmait que \u00ab\u00a0l\u2019autisme provenait des vaccins\u00a0\u00bb.<\/p>\n<p>    \u00ab\u00a0Instrumentaliser la sant\u00e9 publique \u00e0 des fins politiques\u00a0\u00bb    <\/p>\n<p class=\"asset asset-text\">Pour comprendre l\u2019ampleur de ce qui se d\u00e9roule, il faut revenir \u00e0 ce mercredi 27\u00a0ao\u00fbt au soir. Le <a href=\"https:\/\/www.washingtonpost.com\/health\/2025\/08\/27\/susan-monarez-cdc-director-ousted\/\" target=\"_blank\" rel=\"noopener nofollow\" title=\"Nouvelle fen\u00eatre\">Washington Post<\/a> annonce le d\u00e9part de Susan Monarez de la CDC. Dans un communiqu\u00e9, Robert Kennedy\u00a0Jr la \u00ab\u00a0remercie pour son service d\u00e9vou\u00e9\u00a0\u00bb, sans qu\u2019aucune raison officielle ne soit donn\u00e9e.<\/p>\n<p class=\"asset asset-text\">C\u2019est d\u00e8s le lendemain, le jeudi 28\u00a0ao\u00fbt, que l\u2019affaire prend une ampleur nationale. Susan Monarez conteste fermement son d\u00e9part par le biais d\u2019une lettre de ses avocats. Ceux-ci expliquent que leur cliente \u00ab\u00a0n\u2019a ni d\u00e9missionn\u00e9, ni re\u00e7u de notification de la Maison Blanche indiquant qu\u2019elle avait \u00e9t\u00e9 licenci\u00e9e\u00a0\u00bb. Indiquant qu\u2019\u00ab\u00a0en tant que personne int\u00e8gre et d\u00e9vou\u00e9e \u00e0 la science, elle ne d\u00e9missionnera pas\u00a0\u00bb, son conseil en profite pour tacler RFK Jr, l\u2019accusant \u00ab\u00a0d\u2019instrumentaliser la sant\u00e9 publique \u00e0 des fins politiques\u00a0\u00bb et de \u00ab\u00a0mettre en danger la vie de millions d\u2019Am\u00e9ricains\u00a0\u00bb.<\/p>\n<p> La lecture de ce contenu est susceptible d\u2019entra\u00eener un d\u00e9p\u00f4t de cookies de la part de l\u2019op\u00e9rateur tiers qui l\u2019h\u00e9berge. Compte-tenu des choix que vous avez exprim\u00e9s en mati\u00e8re de d\u00e9p\u00f4t de cookies, nous avons bloqu\u00e9 l\u2019affichage de ce contenu. Si vous souhaitez y acc\u00e9der, vous devez accepter la cat\u00e9gorie de cookies \u201cContenus tiers\u201d en cliquant sur le bouton ci-dessous. <\/p>\n<p> Lire la Vid\u00e9o        <\/p>\n<p class=\"asset asset-text\">La raison de cette attaque frontale est finalement divulgu\u00e9e par la presse am\u00e9ricaine. Le Washington Post r\u00e9v\u00e8le que Susan Monarez subissait depuis plusieurs jours d\u2019importantes pressions pour valider le retrait d\u2019autorisations des vaccins notamment ceux contre le Covid-19. En outre, il lui \u00e9tait demand\u00e9 de licencier une partie de son \u00e9quipe dirigeante, pas au go\u00fbt du ministre. Face \u00e0 son refus, la porte lui aurait \u00e9t\u00e9 montr\u00e9e.<\/p>\n<p class=\"asset asset-text\">La scientifique tente alors de contre-attaquer, ou du moins de retarder l\u2019in\u00e9vitable. Ses avocats affirment que parce qu\u2019elle a \u00e9t\u00e9 nomm\u00e9e par Donald Trump directement, seul ce dernier peut mettre fin \u00e0 ses responsabilit\u00e9s, et non Robert Kennedy\u00a0Jr. Mais ce serait croire que le pr\u00e9sident am\u00e9ricain ne soutient pas le projet de son ministre de la Sant\u00e9. \u00ab\u00a0Susan Monarez n\u2019est pas en accord avec le programme du pr\u00e9sident\u00a0\u00bb, a affirm\u00e9 jeudi 28\u00a0ao\u00fbt la Maison Blanche dans un communiqu\u00e9. \u00ab\u00a0Susan Monarez ayant refus\u00e9 de d\u00e9missionner malgr\u00e9 avoir inform\u00e9 le minist\u00e8re de la Sant\u00e9 de son intention de le faire, la Maison Blanche a renvoy\u00e9 Mme\u00a0Monarez de son poste.\u00a0\u00bb<\/p>\n<p>                     La d\u00e9mission d\u2019autres hauts responsables    <\/p>\n<p class=\"asset asset-text\">Le limogeage de Susan Monarez a agi comme un d\u00e9tonateur chez plusieurs autres hauts responsables des autorit\u00e9s sanitaires. Dans la foul\u00e9e, trois d\u2019entre eux ont annonc\u00e9 leur d\u00e9mission avec fracas, t\u00e9moignant de leur impossibilit\u00e9 de faire leur travail\u00a0face aux pressions\u00a0: Debra Houry, m\u00e9decin en chef du CDC, Dan Jernigan, directeur du centre national des maladies \u00e9mergentes, et Demetre Daskalakis, directeur du Centre national d\u2019immunisation et des maladies respiratoires au CDC.<\/p>\n<p class=\"asset asset-text\">Ce dernier a eu les mots les plus durs envers Robert Kennedy\u00a0Jr. Dans sa lettre ouverte de d\u00e9mission publi\u00e9e sur X, il affirme que le ministre et ses conseillers g\u00e9n\u00e8rent \u00ab\u00a0des politiques et des documents ne refl\u00e9tant pas la r\u00e9alit\u00e9 scientifique\u00a0\u00bb et \u00ab\u00a0mettent en danger la vie des plus jeunes Am\u00e9ricains et des personnes enceintes\u00a0\u00bb.<\/p>\n<p> La lecture de ce contenu est susceptible d\u2019entra\u00eener un d\u00e9p\u00f4t de cookies de la part de l\u2019op\u00e9rateur tiers qui l\u2019h\u00e9berge. Compte-tenu des choix que vous avez exprim\u00e9s en mati\u00e8re de d\u00e9p\u00f4t de cookies, nous avons bloqu\u00e9 l\u2019affichage de ce contenu. Si vous souhaitez y acc\u00e9der, vous devez accepter la cat\u00e9gorie de cookies \u201cContenus tiers\u201d en cliquant sur le bouton ci-dessous. <\/p>\n<p> Lire la Vid\u00e9o        <\/p>\n<p class=\"asset asset-text\">Ce climat d\u00e9l\u00e9t\u00e8re est r\u00e9v\u00e9lateur du combat de RFK Jr pour refa\u00e7onner la politique de sant\u00e9, quitte \u00e0 s\u2019affranchir compl\u00e8tement du consensus scientifique. Son slogan\u00a0? \u00ab\u00a0Make America Healthy Again\u00a0\u00bb \u2013 \u00ab\u00a0Rendre la sant\u00e9 \u00e0 l\u2019Am\u00e9rique\u00a0\u00bb, la reprise \u00e0 son compte du slogan historique de Donald Trump, \u00ab\u00a0Make America Great Again\u00a0\u00bb \u2013, t\u00e9moigne de son ambition d\u00e9mesur\u00e9e.<\/p>\n<p class=\"asset asset-text\">Le minist\u00e8re de la Sant\u00e9 am\u00e9ricain a par exemple approuv\u00e9 jeudi la limitation de l\u2019acc\u00e8s aux vaccins Covid aux personnes de plus de 65\u00a0ans ou \u00e0 haut risque, une premi\u00e8re \u00e9tape dans la lutte acharn\u00e9e qu\u2019il m\u00e8ne \u00e0 leur encontre. Autre exemple\u00a0: selon Debra Houry, l\u2019une des trois scientifiques ayant claqu\u00e9 la porte, le nouveau comit\u00e9 consultatif sur les vaccins, enti\u00e8rement remodel\u00e9 par RFK Jr, compte modifier les recommandations officielles sur d\u2019autres vaccins d\u00e8s septembre dont l\u2019h\u00e9patite B.<\/p>\n<p class=\"asset asset-text\">Le choix du directeur par interim du CDC apr\u00e8s le d\u00e9part forc\u00e9 de Susan Monarez en dit aussi long\u00a0: la Maison Blanche a annonc\u00e9 la nomination de Jim O\u2019Neill, bras droit de RFK Jr au minist\u00e8re de la Sant\u00e9, un ex-financier de la tech, sans aucune expertise scientifique ni m\u00e9dicale.<\/p>\n<p>    \u00ab\u00a0Changer la culture institutionnelle\u00a0\u00bb    <\/p>\n<p class=\"asset asset-text\">Un \u00e9v\u00e9nement est par ailleurs pr\u00e9sent dans tous les esprits \u00e0 la CDC. Il y a trois semaines \u00e0 peine, un homme p\u00e9n\u00e9trait dans le si\u00e8ge de l\u2019organisation et ouvrait le feu, tuant un policier. Ses motivations\u00a0? T\u00e9moigner de sa rage contre le vaccin Covid, sur lequel il rejetait la faute pour ses probl\u00e8mes de sant\u00e9.<\/p>\n<p class=\"asset asset-text\">Plusieurs centaines d\u2019employ\u00e9s de l\u2019agence sanitaire avaient alors bl\u00e2m\u00e9 RFK Jr, et sa propagation de fausses informations. Ces m\u00eames employ\u00e9s qui ont fait une haie d\u2019honneur aux trois dirigeants d\u00e9missionnaires, avec des panneaux\u00a0: \u00ab\u00a0La science plut\u00f4t que le complot.\u00a0\u00bb<\/p>\n<p class=\"asset asset-text\">\u00ab\u00a0Il y a beaucoup de probl\u00e8mes au CDC\u00a0\u00bb, s\u2019est content\u00e9 de r\u00e9torquer Robert Kennedy\u00a0Jr face \u00e0 la fronde. \u00ab Cela va n\u00e9cessiter de se s\u00e9parer de certaines personnes sur le long terme afin que nous puissions changer la culture institutionnelle\u00a0\u00bb. Celle de la croyance dans les faits scientifiques.<\/p>\n","protected":false},"excerpt":{"rendered":"ALEX WONG \/ Getty Images via AFP Robert Kennedy Jr, le ministre de la Sant\u00e9 de Donald Trump,&hellip;\n","protected":false},"author":2,"featured_media":354020,"comment_status":"","ping_status":"","sticky":false,"template":"","format":"standard","meta":{"footnotes":""},"categories":[5],"tags":[11,49024,75,73,1011,27,14,12,71,28],"class_list":{"0":"post-354019","1":"post","2":"type-post","3":"status-publish","4":"format-standard","5":"has-post-thumbnail","7":"category-international","8":"tag-actualites","9":"tag-anti-vaccin","10":"tag-donald-trump","11":"tag-etats-unis","12":"tag-fr","13":"tag-france","14":"tag-international","15":"tag-news","16":"tag-sante","17":"tag-world"},"share_on_mastodon":{"url":"https:\/\/pubeurope.com\/@fr\/115116469591091520","error":""},"_links":{"self":[{"href":"https:\/\/www.europesays.com\/fr\/wp-json\/wp\/v2\/posts\/354019","targetHints":{"allow":["GET"]}}],"collection":[{"href":"https:\/\/www.europesays.com\/fr\/wp-json\/wp\/v2\/posts"}],"about":[{"href":"https:\/\/www.europesays.com\/fr\/wp-json\/wp\/v2\/types\/post"}],"author":[{"embeddable":true,"href":"https:\/\/www.europesays.com\/fr\/wp-json\/wp\/v2\/users\/2"}],"replies":[{"embeddable":true,"href":"https:\/\/www.europesays.com\/fr\/wp-json\/wp\/v2\/comments?post=354019"}],"version-history":[{"count":0,"href":"https:\/\/www.europesays.com\/fr\/wp-json\/wp\/v2\/posts\/354019\/revisions"}],"wp:featuredmedia":[{"embeddable":true,"href":"https:\/\/www.europesays.com\/fr\/wp-json\/wp\/v2\/media\/354020"}],"wp:attachment":[{"href":"https:\/\/www.europesays.com\/fr\/wp-json\/wp\/v2\/media?parent=354019"}],"wp:term":[{"taxonomy":"category","embeddable":true,"href":"https:\/\/www.europesays.com\/fr\/wp-json\/wp\/v2\/categories?post=354019"},{"taxonomy":"post_tag","embeddable":true,"href":"https:\/\/www.europesays.com\/fr\/wp-json\/wp\/v2\/tags?post=354019"}],"curies":[{"name":"wp","href":"https:\/\/api.w.org\/{rel}","templated":true}]}}