{"id":354026,"date":"2025-08-30T07:14:16","date_gmt":"2025-08-30T07:14:16","guid":{"rendered":"https:\/\/www.europesays.com\/fr\/354026\/"},"modified":"2025-08-30T07:14:16","modified_gmt":"2025-08-30T07:14:16","slug":"compositions-chaine-tv-heure-et-cotes-3","status":"publish","type":"post","link":"https:\/\/www.europesays.com\/fr\/354026\/","title":{"rendered":"Compositions, Cha\u00eene TV, Heure et Cotes"},"content":{"rendered":"<p style=\"text-align: justify;\"><strong>LIGUE 2 2025-2026 \u2013 \u00c0 quelle heure et sur quelle cha\u00eene TV suivre le match de Ligue 2 entre Saint-\u00c9tienne et Grenoble ? Retrouvez \u00e9galement les compositions des deux \u00e9quipes.<\/strong><\/p>\n<p style=\"text-align: justify;\"><strong>Saint-\u00c9tienne<\/strong> dispute son deuxi\u00e8me match \u00e0 domicile de la saison avec la r\u00e9ception de <strong>Grenoble<\/strong>. Les <strong>Verts<\/strong> ont pris sept points sur leurs trois premiers matchs, malgr\u00e9 leur nul \u00e0 <strong>Laval<\/strong> en ouverture de saison. L\u2019<strong>ASSE<\/strong> a ensuite encha\u00een\u00e9 avec une victoire convaincante face \u00e0 <strong>Rodez<\/strong> avant d\u2019aller chercher un succ\u00e8s sur la pelouse de <strong>Boulogne<\/strong>.<\/p>\n<p>Grenoble n\u2019a rien \u00e0 perdre !<\/p>\n<p style=\"text-align: justify;\">Le d\u00e9but de saison est beaucoup plus compliqu\u00e9 pour <strong>Grenoble<\/strong> qui n\u2019a pris qu\u2019un point en trois rencontres. Les <strong>Grenoblois<\/strong> ont d\u2019abord commenc\u00e9 par une d\u00e9faite sur la pelouse de <strong>Troyes<\/strong> avant de d\u00e9crocher un nul \u00e0 la maison face \u00e0 Laval. La semaine pass\u00e9e, ils se sont inclin\u00e9s deux \u00e0 un \u00e0 <strong>Clermont<\/strong> malgr\u00e9 l\u2019ouverture du score en d\u00e9but de seconde p\u00e9riode.<\/p>\n<p style=\"text-align: justify;\"><strong>Saint-\u00c9tienne<\/strong> a remport\u00e9 la derni\u00e8re confrontation entre les deux \u00e9quipes, en 2024, sur le score de 2 \u00e0 0. Chez les bookmakers, les <strong>Verts<\/strong> sont largement favoris pour cette rencontre.<\/p>\n<p>Ligue 2 : Le programme TV de Saint-\u00c9tienne Grenoble<br \/>\nSamedi 30 ao\u00fbt 2025<\/p>\n<p style=\"text-align: justify;\"><b>Match diffus\u00e9 sur beIN SPORTS 1<\/b><b>\u00a0: <\/b>D\u00e9but du match \u00e0<strong> 20h00.<\/strong><\/p>\n<p>Les compositions probables de Saint-\u00c9tienne Grenoble<br \/>\nLa composition de Saint-\u00c9tienne<\/p>\n<p style=\"text-align: justify;\">Larsonneur \u2013 Ferreira, Lamba, Nad\u00e9, Traor\u00e9 \u2013 Jaber, Tardieu, Moueffek \u2013 Davitashvili, Boakye, Stassin<\/p>\n<p>La composition de Grenoble<\/p>\n<p style=\"text-align: justify;\">Diop \u2013 Delos, Paquiez, Mouyokolo, Mambo, Xantippe \u2013 Diba, Benet, Valls \u2013 Bangr\u00e9, Elphege.<\/p>\n<p>Les cotes de Saint-\u00c9tienne Grenoble<\/p>\n<tr style=\"height: 16px;\">\n<td style=\"background-color: #404040; border-color: #ededed; width: 840px; text-align: left;\" colspan=\"3\"><strong><img loading=\"lazy\" decoding=\"async\" class=\"alignnone wp-image-512842 perfmatters-lazy\" alt=\"\" width=\"14\" height=\"13\" src=\"https:\/\/www.europesays.com\/fr\/wp-content\/uploads\/2025\/05\/Logo-Winamax.png\"  data-\/> Samedi 30 ao\u00fbt, 20h00<\/strong><\/td>\n<\/tr>\n<tr style=\"height: 24px;\">\n<td style=\"background-color: #ffffff; border-color: #ededed; vertical-align: middle; text-align: center; width: 266px;\"><strong>Saint-\u00c9tienne<br \/><\/strong><a href=\"https:\/\/www.winamax.fr\/paris-sportifs\/match\/61527410?banid=33423\" class=\"su-button su-button-style-flat su-button-wide\" style=\"color:#000;background-color:#00ffcf;border-color:#00cca6;border-radius:5px\" target=\"_blank\" rel=\"noopener noreferrer\"> 1.45<\/a><\/td>\n<td style=\"background-color: #ffffff; border-color: #ededed; vertical-align: middle; text-align: center; width: 266px;\"><strong>Match nul<\/strong><br \/><a href=\"https:\/\/www.winamax.fr\/paris-sportifs\/match\/61527410?banid=33423\" class=\"su-button su-button-style-flat su-button-wide\" style=\"color:#000;background-color:#00ffcf;border-color:#00cca6;border-radius:5px\" target=\"_blank\" rel=\"noopener noreferrer\"> 5.50<\/a><\/td>\n<td style=\"background-color: #ffffff; border-color: #ededed; vertical-align: middle; text-align: center; width: 266px;\"><strong>Grenoble<\/strong><br \/><a href=\"https:\/\/www.winamax.fr\/paris-sportifs\/match\/61527410?banid=33423\" class=\"su-button su-button-style-flat su-button-wide\" style=\"color:#000;background-color:#00ffcf;border-color:#00cca6;border-radius:5px\" target=\"_blank\" rel=\"noopener noreferrer\"> 6.50<\/a><\/td>\n<\/tr>\n<p style=\"text-align: justify;\">Tentez votre chance en profitant de votre <a href=\"https:\/\/www.winamax.fr\/registration\/landing\/affiliation_Bonus100?banid=33423\" target=\"_blank\" rel=\"noopener\">1er d\u00e9p\u00f4t doubl\u00e9 jusqu\u2019\u00e0 100 \u20ac<\/a> direct en paris gratuits sur Winamax !<\/p>\n","protected":false},"excerpt":{"rendered":"LIGUE 2 2025-2026 \u2013 \u00c0 quelle heure et sur quelle cha\u00eene TV suivre le match de Ligue 2&hellip;\n","protected":false},"author":2,"featured_media":354027,"comment_status":"","ping_status":"","sticky":false,"template":"","format":"standard","meta":{"footnotes":""},"categories":[9653],"tags":[1111,11,461,2430,2113,1777,674,63,1011,27,2731,12,502,25,4001],"class_list":{"0":"post-354026","1":"post","2":"type-post","3":"status-publish","4":"format-standard","5":"has-post-thumbnail","7":"category-saint-etienne","8":"tag-actu","9":"tag-actualites","10":"tag-asse","11":"tag-auvergne-rhone-alpes","12":"tag-breve","13":"tag-eu","14":"tag-europe","15":"tag-football","16":"tag-fr","17":"tag-france","18":"tag-grenoble","19":"tag-news","20":"tag-programme-tv","21":"tag-republique-francaise","22":"tag-saint-etienne"},"share_on_mastodon":{"url":"https:\/\/pubeurope.com\/@fr\/115116485103587616","error":""},"_links":{"self":[{"href":"https:\/\/www.europesays.com\/fr\/wp-json\/wp\/v2\/posts\/354026","targetHints":{"allow":["GET"]}}],"collection":[{"href":"https:\/\/www.europesays.com\/fr\/wp-json\/wp\/v2\/posts"}],"about":[{"href":"https:\/\/www.europesays.com\/fr\/wp-json\/wp\/v2\/types\/post"}],"author":[{"embeddable":true,"href":"https:\/\/www.europesays.com\/fr\/wp-json\/wp\/v2\/users\/2"}],"replies":[{"embeddable":true,"href":"https:\/\/www.europesays.com\/fr\/wp-json\/wp\/v2\/comments?post=354026"}],"version-history":[{"count":0,"href":"https:\/\/www.europesays.com\/fr\/wp-json\/wp\/v2\/posts\/354026\/revisions"}],"wp:featuredmedia":[{"embeddable":true,"href":"https:\/\/www.europesays.com\/fr\/wp-json\/wp\/v2\/media\/354027"}],"wp:attachment":[{"href":"https:\/\/www.europesays.com\/fr\/wp-json\/wp\/v2\/media?parent=354026"}],"wp:term":[{"taxonomy":"category","embeddable":true,"href":"https:\/\/www.europesays.com\/fr\/wp-json\/wp\/v2\/categories?post=354026"},{"taxonomy":"post_tag","embeddable":true,"href":"https:\/\/www.europesays.com\/fr\/wp-json\/wp\/v2\/tags?post=354026"}],"curies":[{"name":"wp","href":"https:\/\/api.w.org\/{rel}","templated":true}]}}