{"id":354038,"date":"2025-08-30T07:24:23","date_gmt":"2025-08-30T07:24:23","guid":{"rendered":"https:\/\/www.europesays.com\/fr\/354038\/"},"modified":"2025-08-30T07:24:23","modified_gmt":"2025-08-30T07:24:23","slug":"valenciennes-fc-fc-rouen","status":"publish","type":"post","link":"https:\/\/www.europesays.com\/fr\/354038\/","title":{"rendered":"Valenciennes FC &#8211; FC Rouen &#8230;"},"content":{"rendered":"<p>Apr\u00e8s Sochaux, Valenciennes, un autre grand nom du football fran\u00e7ais, il a de la \u00ab\u00a0gueule\u00a0\u00bb ce championnat national.<\/p>\n<p>R\u00e9sumer l\u2019Histoire de Valenciennes, et ses 112 ans d\u2019existence, serait beaucoup trop long compte tenu de sa richesse.<\/p>\n<p>Aujourd\u2019hui, r\u00e9sumer Valenciennes en trois matchs c\u2019est : Une victoire face au Puy foot (2-1), un nul 0 \u2013 0 \u00e0 Ch\u00e2teauroux, et, pour finir, une d\u00e9faite \u00e0 Orl\u00e9ans 2 \u2013 1.<\/p>\n<p>\u00c0 entendre les commentaires, c\u2019est le sentiment de frustration qui domine sur la derni\u00e8re prestation.<\/p>\n<p>Il faudra se m\u00e9fier d\u2019un \u00e9ventuel sursaut valenciennois.<\/p>\n<p>Au vu des r\u00e9sultats d\u2019ensemble de ce d\u00e9but de championnat ( 3 matchs jou\u00e9s), hormis Versailles (3 victoires), aucune \u00e9quipe ne pr\u00e9sente un caract\u00e8re dominateur.<\/p>\n<p>Avant qu\u2019un certain \u00e9quilibre puisse \u00eatre trouv\u00e9 ici et l\u00e0, il y a de bons coups \u00e0 jouer !<\/p>\n<p>Les rouennais r\u00e9ussiront-t-ils \u00e0 en profiter ?<\/p>\n<p>Sans optimisme d\u00e9brid\u00e9, il est bon de constater que le dernier match face \u00e0 Sochaux peut laisser augurer des lendemains prometteurs.<\/p>\n<p>Une envie de \u00ab\u00a0travail bien fait\u00a0\u00bb est apparue au niveau collectif.<\/p>\n<p>Des cadres solides, des jeunes en devenir et talentueux\u2026.soyons optimiste !<\/p>\n<p>Allez Rouen !!<\/p>\n<p>Pour m\u00e9moire : Rouen \u2013 Fleury 0 \u2013 0, Dijon Rouen 1 -1, Rouen \u2013 Sochaux 3 \u2013 1.<\/p>\n","protected":false},"excerpt":{"rendered":"Apr\u00e8s Sochaux, Valenciennes, un autre grand nom du football fran\u00e7ais, il a de la \u00ab\u00a0gueule\u00a0\u00bb ce championnat national.&hellip;\n","protected":false},"author":2,"featured_media":354039,"comment_status":"","ping_status":"","sticky":false,"template":"","format":"standard","meta":{"footnotes":""},"categories":[9587],"tags":[1111,11,1777,674,1011,27,12,5161,25,9590],"class_list":{"0":"post-354038","1":"post","2":"type-post","3":"status-publish","4":"format-standard","5":"has-post-thumbnail","7":"category-rouen","8":"tag-actu","9":"tag-actualites","10":"tag-eu","11":"tag-europe","12":"tag-fr","13":"tag-france","14":"tag-news","15":"tag-normandie","16":"tag-republique-francaise","17":"tag-rouen"},"share_on_mastodon":{"url":"https:\/\/pubeurope.com\/@fr\/115116524461713597","error":""},"_links":{"self":[{"href":"https:\/\/www.europesays.com\/fr\/wp-json\/wp\/v2\/posts\/354038","targetHints":{"allow":["GET"]}}],"collection":[{"href":"https:\/\/www.europesays.com\/fr\/wp-json\/wp\/v2\/posts"}],"about":[{"href":"https:\/\/www.europesays.com\/fr\/wp-json\/wp\/v2\/types\/post"}],"author":[{"embeddable":true,"href":"https:\/\/www.europesays.com\/fr\/wp-json\/wp\/v2\/users\/2"}],"replies":[{"embeddable":true,"href":"https:\/\/www.europesays.com\/fr\/wp-json\/wp\/v2\/comments?post=354038"}],"version-history":[{"count":0,"href":"https:\/\/www.europesays.com\/fr\/wp-json\/wp\/v2\/posts\/354038\/revisions"}],"wp:featuredmedia":[{"embeddable":true,"href":"https:\/\/www.europesays.com\/fr\/wp-json\/wp\/v2\/media\/354039"}],"wp:attachment":[{"href":"https:\/\/www.europesays.com\/fr\/wp-json\/wp\/v2\/media?parent=354038"}],"wp:term":[{"taxonomy":"category","embeddable":true,"href":"https:\/\/www.europesays.com\/fr\/wp-json\/wp\/v2\/categories?post=354038"},{"taxonomy":"post_tag","embeddable":true,"href":"https:\/\/www.europesays.com\/fr\/wp-json\/wp\/v2\/tags?post=354038"}],"curies":[{"name":"wp","href":"https:\/\/api.w.org\/{rel}","templated":true}]}}