{"id":354042,"date":"2025-08-30T07:26:29","date_gmt":"2025-08-30T07:26:29","guid":{"rendered":"https:\/\/www.europesays.com\/fr\/354042\/"},"modified":"2025-08-30T07:26:29","modified_gmt":"2025-08-30T07:26:29","slug":"tout-ce-quil-faut-savoir-avant-asse-grenoble-dans-le-chaudron","status":"publish","type":"post","link":"https:\/\/www.europesays.com\/fr\/354042\/","title":{"rendered":"Tout ce qu&rsquo;il faut savoir avant ASSE-Grenoble dans le Chaudron !"},"content":{"rendered":"<p>              Forte affluence attendue !<\/p>\n<p>Pr\u00e8s de 34 500 supporters sont attendus ce samedi \u00e0 Geoffroy-Guichard pour ce quatri\u00e8me rendez-vous de Ligue 2 BKT ! Une poign\u00e9e de places est encore disponible dans la tribune Henri-Point alors que tous les blocs sup\u00e9rieurs de la tribune Pierre-Faurand sont ouverts \u00e0 la vente. Le reste du stade est d&rsquo;ores et d\u00e9j\u00e0 complet.<\/p>\n<p style=\"text-align: center;\"><a class=\"bouton\" href=\"https:\/\/billetterie.asse.fr\/fr\/catalogue\/match-asse-vs-grenoble-1?utm_source=siteofficiel&amp;utm_medium=article&amp;utm_campaign=ASSE-GF38\" rel=\"noopener noreferrer nofollow\" target=\"_blank\">&gt; Je r\u00e9serve mon billet<\/a><\/p>\n<p>Afin de favoriser la d\u00e9mat\u00e9rialisation, l&rsquo;AS Saint-\u00c9tienne invite ses supporters \u00e0 r\u00e9server leurs billets sur la billetterie en ligne. Le service billetterie du stade Geoffroy-Guichard sera ouvert ce samedi d\u00e8s 14h pour la gestion des litiges et la vente de billets Grand Public et PMR. Aucun tarif r\u00e9duit ne sera pratiqu\u00e9 aux guichets le jour de match et un suppl\u00e9ment de deux euros est appliqu\u00e9. Par ailleurs, aucun abonnement ne sera vendu ce samedi aux guichets. Les supporters ayant opt\u00e9 pour le carte d\u2019abonnement physique pourront la r\u00e9cup\u00e9rer aux guichets, mais le club les invite \u00e0 anticiper cette d\u00e9marche afin de limiter les files d\u2019attente \u00e0 l\u2019approche de la rencontre.<\/p>\n<p>Le club demande \u00e0 ses abonn\u00e9s d&rsquo;anticiper le t\u00e9l\u00e9chargement de leur e-Carte d&rsquo;abonnement et aux b\u00e9n\u00e9ficiaires de places de match de t\u00e9l\u00e9charger leur QR Code depuis leur espace personnel.\u00a0<\/p>\n<p>Acc\u00e8s au stade par les transports en commun<\/p>\n<p><img decoding=\"async\" src=\"https:\/\/www.europesays.com\/fr\/wp-content\/uploads\/2025\/05\/a5cafb25f0338a3f06c2e3c136cadece29ecfb04.jpg\" class=\"fr-fic fr-dib\"\/><\/p>\n<p><strong>En tram<\/strong><\/p>\n<p>Arr\u00eats \u00ab\u00a0Geoffroy-Guichard\/Mus\u00e9e des Verts\u00a0\u00bb (ligne T3) ou \u00ab\u00a0Roger-Rocher\/Allez Les Verts\u00a0\u00bb (ligne T1 \u00e0 5 minutes \u00e0 pied).\u00a0<\/p>\n<p><strong>En train<\/strong><\/p>\n<p>3 kms du stade : Gare TGV Saint-\u00c9tienne Ch\u00e2teaucreux (puis prendre le tram T3).<\/p>\n<p>2 kms du stade : Gare TER Saint-\u00c9tienne Carnot (puis prendre le tram T1).<\/p>\n<p>1 km du stade : Gare TER Saint-\u00c9tienne La Terrasse (puis 10 minutes \u00e0 pied).\u00a0<\/p>\n<p><strong>En bus<\/strong>\u00a0<\/p>\n<p>Ligne M9, arr\u00eat TECHNOP\u00d4LE<\/p>\n<p>Le service de consigne<\/p>\n<p>Profitez du service de consigne propos\u00e9 \u00e0 l\u2019ext\u00e9rieur du stade, proche de la porte B, d\u00e8s 18h pour d\u00e9poser des objets dont l\u2019entr\u00e9e dans l\u2019enceinte vous serait refus\u00e9e.<\/p>\n<p>Tarifs : <strong>3 articles pour 2\u20ac\u00a0<\/strong>(gratuit pour les abonn\u00e9s et les supporters ayant achet\u00e9 des produits \u00e0 la Boutique des Verts le jour du match, dans la limite de trois articles).\u00a0<\/p>\n<p style=\"text-align: center;\"><a class=\"bouton\" href=\"https:\/\/billetterie.asse.fr\/fr\/mon-geoffroy-guichard\/preparer-ma-venue\/objets-interdits-consignes\" rel=\"noopener noreferrer nofollow\" target=\"_blank\">&gt; LA LISTE DES OBJETS INTERDITS<\/a><\/p>\n<p>Ouverture des portes \u00e0 18h30<\/p>\n<p><strong>Les portes du Chaudron ouvriront \u00e0 18h30 ce samedi<\/strong>. L&rsquo;ASSE conseille \u00e0 ses supporters d&rsquo;arriver dans le stade le plus t\u00f4t possible.<\/p>\n<p>La Boutique des Verts<\/p>\n<p><a href=\"https:\/\/www.boutiquedesverts.fr\/pages\/collection-steph-drop-2\" rel=\"noopener noreferrer nofollow\" target=\"_blank\"><img decoding=\"async\" src=\"https:\/\/www.europesays.com\/fr\/wp-content\/uploads\/2025\/08\/a0ce187a39df2e26b3e831531388a751d669b65c.jpg\" class=\"fr-fic fr-dib\"\/><\/a>La Boutique des Verts sera ouverte<strong>\u00a0ce samedi \u00e0 partir de 10h<\/strong> et \u00e9galement <strong>apr\u00e8s le match jusqu&rsquo;\u00e0 23h30<\/strong> ! Venez d\u00e9couvrir de plus pr\u00e8s les trois nouveaux maillots 25-26 : domicile, ext\u00e9rieur, third, ainsi que la nouvelle gamme d&rsquo;entrainement par hummel. Rendez-vous en magasin, mais aussi sur <a href=\"https:\/\/www.boutiquedesverts.fr\/\" rel=\"noopener noreferrer nofollow\" target=\"_blank\">boutiquedesverts.fr.<\/a><\/p>\n<p>Le Mus\u00e9e des Verts<\/p>\n<p><img decoding=\"async\" src=\"https:\/\/www.europesays.com\/fr\/wp-content\/uploads\/2025\/08\/94db7f3814ce75b6e9d05aa30bf3ba1077ea8342.jpg\" class=\"fr-fic fr-dib\"\/><\/p>\n<p>Le Mus\u00e9e des Verts vous accueille ce samedi d\u00e8s 10h et vous propose des visites du Chaudron \u00e0 11h, 13h, 14h et 15h.\u00a0<\/p>\n<p style=\"text-align: center;\"><a class=\"bouton\" href=\"https:\/\/billetterie.asse.fr\/fr\/acheter\/visite-audioguidee-du-musee-visite-stade-gg-grand-public-2025-8xvm86en6m7l\/calendar\" rel=\"noopener noreferrer nofollow\" target=\"_blank\">&gt; Je r\u00e9serve ma visite du stade<\/a><\/p>\n<p>\u00c0 votre arriv\u00e9e au stade&#8230;Luttons ensemble contre toutes les formes de discrimination<\/p>\n<p><a href=\"https:\/\/forms.gle\/5uKqWvSU2XzcjMBQ6\" rel=\"noopener noreferrer nofollow\" target=\"_blank\"><img decoding=\"async\" src=\"https:\/\/www.europesays.com\/fr\/wp-content\/uploads\/2025\/05\/5eb4e052e52621b89d0f899512c9277e0f623d89.png\" class=\"fr-fic fr-dib\"\/><\/a><\/p>\n<p>Depuis plus de 10 ans, l\u2019AS Saint-\u00c9tienne lutte activement contre toutes les formes de discrimination par les actions de son association ASSE C\u0153ur-Vert ou encore, plus r\u00e9cemment, par la signature d\u2019une convention avec <a href=\"https:\/\/www.asse.fr\/fr\/actualites\/l-asse-noue-un-partenariat-inedit-en-france-avec-her-game-too-ac35975\" rel=\"nofollow noopener\" target=\"_blank\">Her Game Too.<\/a><\/p>\n<p>L\u2019ASSE appelle son magnifique Chaudron \u00e0 soutenir les Verts en \u00e9tant fid\u00e8le aux valeurs pr\u00f4n\u00e9es par le club : passion, ferveur, solidarit\u00e9 et respect.<\/p>\n<p>Tout chant ou comportement injurieux, discriminatoire ou homophobe pourrait exposer le club et ses supporters \u00e0 des sanctions s\u00e9v\u00e8res et \u00e0 des mesures disciplinaires qui les p\u00e9naliseraient directement. Si vous \u00eates victime ou t\u00e9moin d&rsquo;une agression sexiste, physique ou verbale, <a href=\"https:\/\/forms.gle\/5uKqWvSU2XzcjMBQ6\" rel=\"noopener noreferrer nofollow\" target=\"_blank\">utilisez le formulaire de signalement<\/a> cr\u00e9\u00e9 par l&rsquo;association pour remonter rapidement l&rsquo;incident.<\/p>\n<p><strong>Ensemble, faisons du stade Geoffroy-Guichard un lieu sans discrimination ni homophobie !<\/strong><\/p>\n<p>DJ, canons \u00e0 t-shirts, animations en Corner Famille\u2026<\/p>\n<p><img decoding=\"async\" src=\"https:\/\/www.europesays.com\/fr\/wp-content\/uploads\/2025\/05\/9478b77ae7713d3c5b74079c26876a36640adf69.jpg\" class=\"fr-fic fr-dib\"\/><\/p>\n<p>Un DJ animera la rue Henri-Point d\u00e8s l&rsquo;ouverture des portes et jusqu&rsquo;au coup d&rsquo;envoi de la rencontre programm\u00e9 \u00e0 20h !<\/p>\n<p>Des stands de jeux vid\u00e9o et le photobooth seront d\u00e9ploy\u00e9s en Corner Famille alors que des canons \u00e0 t-shirts lanceront des cadeaux en avant-match \u00e0 la mi-temps en direction de la tribune Henri-Point.\u00a0<\/p>\n<p>L&rsquo;ASSE Kids&rsquo;Club<\/p>\n<p><img decoding=\"async\" src=\"https:\/\/www.europesays.com\/fr\/wp-content\/uploads\/2025\/05\/0131fa0f1e7348857a08fdde742896ff5e3f23ff.jpg\" class=\"fr-fic fr-dib\"\/>140 enfants membres de l&rsquo;ASSE Kids\u2019 Club rejoindront le stade Geoffroy-Guichard pour vivre le match dans la tribune qui leur est d\u00e9di\u00e9e et donner de la voix. D&rsquo;autres accueilleront les joueurs \u00e0 leur arriv\u00e9e par le bus, puis entreront sur la pelouse main dans la main avec les deux \u00e9quipes et l&rsquo;arbitre de la rencontre.<\/p>\n<p style=\"text-align: center;\"><a class=\"bouton\" href=\"https:\/\/www.asse-kids.fr\/\" rel=\"noopener noreferrer nofollow\" target=\"_blank\">&gt; J&rsquo;inscris gratuitement mon enfant \u00e0 l&rsquo;ASSE Kids&rsquo;Club<\/a><\/p>\n<p>Participez \u00e0 \u00ab\u00a0Question pour un Chaudron\u00a0\u00bb\u00a0<\/p>\n<p><strong>Le d\u00e9sormais c\u00e9l\u00e8bre \u00ab\u00a0Question pour un Chaudron\u00a0\u00bb est de retour lui aussi !<\/strong> Depuis votre t\u00e9l\u00e9phone, scannez le QR code affich\u00e9 sur les \u00e9crans g\u00e9ants avant 19h30 et r\u00e9pondez aux questions pour obtenir le maximum de bonnes r\u00e9ponses le plus vite possible. D\u00e9couvrez votre classement en live et tentez de remporter l&rsquo;un des trois lots mis en jeu : deux places VIP \/ deux Pass Geoffroy-Guichard \/ deux pass \u00ab\u00a0Arriv\u00e9e du bus\u00a0\u00bb et \u00ab\u00a0\u00e9chauffement en bord pelouse\u00a0\u00bb.<\/p>\n<p>Le Challenge des Matrus<\/p>\n<p>Seize clubs du d\u00e9partement vont participer \u00e0 la nouvelle \u00e9dition du Challenge des Matrus, parrain\u00e9 par le d\u00e9partement de la Loire. \u00c0 la mi-temps d&rsquo;ASSE &#8211; Grenoble, des jeunes joueurs de Saint-Just-Saint-Rambert et de Saint-Marcellin s&rsquo;affronteront dans des faces \u00e0 faces lanc\u00e9s depuis le rond central. L&rsquo;\u00e9quipe vainqueure se qualifiera ainsi pour les quarts de finale !\u00a0<\/p>\n<p>T\u00e9l\u00e9chargez la nouvelle application officielle !\u00a0<\/p>\n<p><a href=\"https:\/\/www.asse.fr\/appli\" rel=\"noopener noreferrer nofollow\" target=\"_blank\"><img decoding=\"async\" src=\"https:\/\/www.europesays.com\/fr\/wp-content\/uploads\/2025\/08\/eceb00e952208d35e6ba157f4d5f537ebc16e7df.jpg\" class=\"fr-fic fr-dib\"\/><\/a><\/p>\n<p>La tr\u00eave a permis \u00e0 votre compagnon de poche pr\u00e9f\u00e9r\u00e9, l&rsquo;application officielle de l&rsquo;AS Saint-\u00c9tienne, de se refaire une beaut\u00e9 ! <a href=\"https:\/\/www.asse.fr\/appli\" rel=\"noopener noreferrer nofollow\" target=\"_blank\">Mettez l\u00e0 rapidement \u00e0 jour<\/a> pour ne rien manquer de l&rsquo;actualit\u00e9 des Verts !\u00a0<\/p>\n<p>Bon match \u00e0 tous et ALLEZ LES VERTS !                          <\/p>\n","protected":false},"excerpt":{"rendered":"Forte affluence attendue ! Pr\u00e8s de 34 500 supporters sont attendus ce samedi \u00e0 Geoffroy-Guichard pour ce quatri\u00e8me&hellip;\n","protected":false},"author":2,"featured_media":354043,"comment_status":"","ping_status":"","sticky":false,"template":"","format":"standard","meta":{"footnotes":""},"categories":[9566],"tags":[1111,11,2430,1777,674,1011,27,2731,12,25],"class_list":{"0":"post-354042","1":"post","2":"type-post","3":"status-publish","4":"format-standard","5":"has-post-thumbnail","7":"category-grenoble","8":"tag-actu","9":"tag-actualites","10":"tag-auvergne-rhone-alpes","11":"tag-eu","12":"tag-europe","13":"tag-fr","14":"tag-france","15":"tag-grenoble","16":"tag-news","17":"tag-republique-francaise"},"share_on_mastodon":{"url":"https:\/\/pubeurope.com\/@fr\/115116532771905917","error":""},"_links":{"self":[{"href":"https:\/\/www.europesays.com\/fr\/wp-json\/wp\/v2\/posts\/354042","targetHints":{"allow":["GET"]}}],"collection":[{"href":"https:\/\/www.europesays.com\/fr\/wp-json\/wp\/v2\/posts"}],"about":[{"href":"https:\/\/www.europesays.com\/fr\/wp-json\/wp\/v2\/types\/post"}],"author":[{"embeddable":true,"href":"https:\/\/www.europesays.com\/fr\/wp-json\/wp\/v2\/users\/2"}],"replies":[{"embeddable":true,"href":"https:\/\/www.europesays.com\/fr\/wp-json\/wp\/v2\/comments?post=354042"}],"version-history":[{"count":0,"href":"https:\/\/www.europesays.com\/fr\/wp-json\/wp\/v2\/posts\/354042\/revisions"}],"wp:featuredmedia":[{"embeddable":true,"href":"https:\/\/www.europesays.com\/fr\/wp-json\/wp\/v2\/media\/354043"}],"wp:attachment":[{"href":"https:\/\/www.europesays.com\/fr\/wp-json\/wp\/v2\/media?parent=354042"}],"wp:term":[{"taxonomy":"category","embeddable":true,"href":"https:\/\/www.europesays.com\/fr\/wp-json\/wp\/v2\/categories?post=354042"},{"taxonomy":"post_tag","embeddable":true,"href":"https:\/\/www.europesays.com\/fr\/wp-json\/wp\/v2\/tags?post=354042"}],"curies":[{"name":"wp","href":"https:\/\/api.w.org\/{rel}","templated":true}]}}