{"id":354044,"date":"2025-08-30T07:27:13","date_gmt":"2025-08-30T07:27:13","guid":{"rendered":"https:\/\/www.europesays.com\/fr\/354044\/"},"modified":"2025-08-30T07:27:13","modified_gmt":"2025-08-30T07:27:13","slug":"comment-shabiller-a-la-rentree-coups-de-vent-pluie-la-meteo-pas-vraiment-au-rendez-vous-en-bretagne","status":"publish","type":"post","link":"https:\/\/www.europesays.com\/fr\/354044\/","title":{"rendered":"Comment s&rsquo;habiller \u00e0 la rentr\u00e9e ? Coups de vent, pluie\u2026 La m\u00e9t\u00e9o (pas vraiment) au rendez-vous en Bretagne"},"content":{"rendered":"<p>            Par<br \/>\n        <strong><br \/>\n            <a href=\"https:\/\/actu.fr\/auteur\/brian-legoff\" title=\"Consulter tous les articles de Brian Le Goff\" target=\"_blank\" rel=\"noopener\">Brian Le Goff<\/a><br \/>\n        <\/strong><\/p>\n<p>        Publi\u00e9 le<\/p>\n<p>            30 ao\u00fbt 2025 \u00e0 6h32        <\/p>\n<p>Cette fois, c\u2019est la <strong>derni\u00e8re ligne droite<\/strong> pour des centaines de milliers d\u2019\u00e9l\u00e8ves (et pas que) qui vont retrouver le chemin de l\u2019\u00e9cole (et du travail) dans les prochains jours.<\/p>\n<p class=\" wall-content\">Pour \u00eatre <strong>fin pr\u00eat<\/strong> le jour J, <strong>s\u2019habiller<\/strong> peut relever du casse-t\u00eate. La r\u00e9daction d\u2019<a href=\"https:\/\/actu.fr\/rennes\/\" target=\"_blank\" rel=\"noopener\">actu Rennes<\/a> vous pr\u00e9sente les pr\u00e9visions de la rentr\u00e9e avec <strong>S\u00e9bastien Decaux<\/strong>, m\u00e9t\u00e9orologue \u00e0 <a href=\"https:\/\/www.meteo.bzh\/\" target=\"_blank\" rel=\"noopener\">M\u00e9t\u00e9o Bretagne,<\/a> pour que <strong>votre look<\/strong> co\u00efncide avec la m\u00e9t\u00e9o.<\/p>\n<p>Des averses ce week-end<\/p>\n<p class=\" wall-content\">Les derniers jours et derni\u00e8res heures de la rentr\u00e9e seront marqu\u00e9s, ce week-end, par une <strong>d\u00e9gradation active qui va traverser<\/strong> la r\u00e9gion, d\u00e8s le samedi 30\u00a0ao\u00fbt. \u00ab\u2009\u00c7a se d\u00e9grade au fil de la journ\u00e9e avec un <strong>climat maussade, pluvieux et venteux<\/strong> qui concernera vraiment toute la r\u00e9gion. \u00c7a ne sera pas top pour le <a href=\"https:\/\/actu.fr\/bretagne\/loheac_35155\/pour-lepreuve-des-championnats-de-france-60-000-spectateurs-sont-attendus_63081067.html\" target=\"_blank\" rel=\"noopener\">Rallycross de Loh\u00e9ac\u2009\u00bb<\/a>, indique S\u00e9bastien Decaux.<\/p>\n<blockquote class=\"ac-article-quote wall-content\">\n<p>Le vent venant du sud-ouest soufflera \u00e0 50-60 km\/h dans les terres, tandis que, sur le littoral, les rafales atteindront facilement les 70-80 km\/h.<\/p>\n<p>    <strong>S\u00e9bastien Decaux<\/strong><br \/>\n        M\u00e9t\u00e9o Bretagne    <\/p><\/blockquote>\n<p class=\" wall-content\">Dimanche, c\u2019est un <strong>ciel de tra\u00eene avec des averses,<\/strong> un peu plus rares le matin que l\u2019apr\u00e8s-midi, qui s\u2019installera sur la Bretagne.<\/p>\n<p>Les pr\u00e9visions pour la rentr\u00e9e<\/p>\n<p class=\" wall-content\">Au menu de cette rentr\u00e9e 2025, c\u2019est un <strong>r\u00e9gime d\u2019averses<\/strong> qui vous accompagnera<strong> lundi 1er\u00a0septembre<\/strong>, o\u00f9 que vous soyez en Bretagne. \u00ab\u2009Les temp\u00e9ratures restent stables, autour de <strong>19 \u00e0 22\u00a0\u00b0C<\/strong>, l\u00e9g\u00e8rement en dessous des normales de saison.\u2009\u00bb<\/p>\n<p class=\" wall-content\"><strong>Pour mardi et mercredi, deux nouvelles d\u00e9pressions<\/strong> pourraient passer sur ou \u00e0 proximit\u00e9 de la r\u00e9gion bretonne et apporter pluie et <strong>coups de vent<\/strong>.<\/p>\n<p>Votre r\u00e9gion, votre actu !<\/p>\n<p>Recevez chaque jour les infos qui comptent pour vous.<\/p>\n<p>\t<a href=\"https:\/\/actu.fr\/newsletter\" class=\"ac-btn ac-btn--corner ac-btn--medium ac-btn--blue800\" target=\"_blank\" rel=\"noopener\">S&rsquo;incrire<\/a><\/p>\n<p class=\" wall-content\"><strong>Jeudi<\/strong>, la m\u00e9t\u00e9o devrait \u00eatre une <strong>nouvelle fois instable<\/strong> avant le retour d\u2019une <strong>m\u00e9t\u00e9o plus calme vendredi et samedi<\/strong> prochains, annonce S\u00e9bastien Decaux. \u00ab\u2009Mais les pr\u00e9visions <strong>doivent encore s\u2019affiner\u2009\u00bb<\/strong>, temp\u00e8re-t-il.<\/p>\n<p class=\" wall-content\">Personnalisez votre actualit\u00e9 en ajoutant vos villes et m\u00e9dias en favori avec <a href=\"https:\/\/moncompte.actu.fr\" title=\"D\u00e9couvez Mon Actu\" rel=\"nofollow noopener\" data-trk=\"{&quot;cta&quot;:{&quot;action&quot;:&quot;https:\\\/\\\/moncompte.actu.fr&quot;,&quot;category&quot;:&quot;mon compte&quot;,&quot;from&quot;:&quot;article footer&quot;,&quot;name&quot;:&quot;Mon actu&quot;,&quot;type&quot;:&quot;cta&quot;}}\" target=\"_blank\">Mon Actu<\/a>.<\/p>\n","protected":false},"excerpt":{"rendered":"Par Brian Le Goff Publi\u00e9 le 30 ao\u00fbt 2025 \u00e0 6h32 Cette fois, c\u2019est la derni\u00e8re ligne droite&hellip;\n","protected":false},"author":2,"featured_media":354045,"comment_status":"","ping_status":"","sticky":false,"template":"","format":"standard","meta":{"footnotes":""},"categories":[2821],"tags":[1111,11,829,1777,674,1011,27,2487,12,4459,584,10918,25],"class_list":{"0":"post-354044","1":"post","2":"type-post","3":"status-publish","4":"format-standard","5":"has-post-thumbnail","7":"category-rennes","8":"tag-actu","9":"tag-actualites","10":"tag-bretagne","11":"tag-eu","12":"tag-europe","13":"tag-fr","14":"tag-france","15":"tag-meteo","16":"tag-news","17":"tag-pluie","18":"tag-rennes","19":"tag-rentree-scolaire","20":"tag-republique-francaise"},"share_on_mastodon":{"url":"https:\/\/pubeurope.com\/@fr\/115116536209240727","error":""},"_links":{"self":[{"href":"https:\/\/www.europesays.com\/fr\/wp-json\/wp\/v2\/posts\/354044","targetHints":{"allow":["GET"]}}],"collection":[{"href":"https:\/\/www.europesays.com\/fr\/wp-json\/wp\/v2\/posts"}],"about":[{"href":"https:\/\/www.europesays.com\/fr\/wp-json\/wp\/v2\/types\/post"}],"author":[{"embeddable":true,"href":"https:\/\/www.europesays.com\/fr\/wp-json\/wp\/v2\/users\/2"}],"replies":[{"embeddable":true,"href":"https:\/\/www.europesays.com\/fr\/wp-json\/wp\/v2\/comments?post=354044"}],"version-history":[{"count":0,"href":"https:\/\/www.europesays.com\/fr\/wp-json\/wp\/v2\/posts\/354044\/revisions"}],"wp:featuredmedia":[{"embeddable":true,"href":"https:\/\/www.europesays.com\/fr\/wp-json\/wp\/v2\/media\/354045"}],"wp:attachment":[{"href":"https:\/\/www.europesays.com\/fr\/wp-json\/wp\/v2\/media?parent=354044"}],"wp:term":[{"taxonomy":"category","embeddable":true,"href":"https:\/\/www.europesays.com\/fr\/wp-json\/wp\/v2\/categories?post=354044"},{"taxonomy":"post_tag","embeddable":true,"href":"https:\/\/www.europesays.com\/fr\/wp-json\/wp\/v2\/tags?post=354044"}],"curies":[{"name":"wp","href":"https:\/\/api.w.org\/{rel}","templated":true}]}}