{"id":354057,"date":"2025-08-30T07:34:24","date_gmt":"2025-08-30T07:34:24","guid":{"rendered":"https:\/\/www.europesays.com\/fr\/354057\/"},"modified":"2025-08-30T07:34:24","modified_gmt":"2025-08-30T07:34:24","slug":"cest-leur-seule-sortie-de-lannee","status":"publish","type":"post","link":"https:\/\/www.europesays.com\/fr\/354057\/","title":{"rendered":"\u00ab C&rsquo;est leur seule sortie de l&rsquo;ann\u00e9e \u00bb"},"content":{"rendered":"<p>            Par<br \/>\n        <strong><br \/>\n            <a href=\"https:\/\/actu.fr\/auteur\/vincent-malboeuf\" title=\"Consulter tous les articles de Vincent Malb\u0153uf\" target=\"_blank\" rel=\"noopener\">Vincent Malb\u0153uf<\/a><br \/>\n        <\/strong><\/p>\n<p>        Publi\u00e9 le<\/p>\n<p>            30 ao\u00fbt 2025 \u00e0 8h16        <\/p>\n<p>Des<b> \u00e9clats de rire<\/b> s\u2019entendent \u00e0 l\u2019autre bout du couloir.<\/p>\n<p class=\" wall-content\">Dans la pi\u00e8ce principale de la <b>Maison des vacances <\/b>des <a href=\"https:\/\/www.petitsfreresdespauvres.fr\/nos-implantations\/fraternite-regionale-ouest-antennes-bretagne-pays-de-la-loire\/les-petits-freres-des-pauvres-de-nantes-metropole\/?gad_source=1&amp;gad_campaignid=22542819738&amp;gbraid=0AAAAAD7TiwjWVZ-E6WiNCN6493MFqpeq1&amp;gclid=Cj0KCQjw_L_FBhDmARIsAItqgt7e0oRZtHdk0gmpxwQoh1GCP4Q9G9x8tm4IxXbPlO_RmNp3CwHPqtQaAn2VEALw_wcB\" target=\"_blank\" rel=\"noopener\">Petits fr\u00e8res des pauvres<\/a>, offrant une vue remarquable sur la Chauss\u00e9e des Moines \u00e0 <a href=\"https:\/\/actu.fr\/pays-de-la-loire\/vertou_44215\" target=\"_blank\" rel=\"noopener\">Vertou <\/a>(pr\u00e8s de Nantes), on joue dans la joie et la bonne humeur \u00e0 \u00ab Papotages \u00bb, un jeu cr\u00e9\u00e9 par l\u2019animatrice en chef du s\u00e9jour, Roxane.<\/p>\n<p>De 67 \u00e0 91\u00a0ans<\/p>\n<p class=\" wall-content\">Autour d\u2019elle, des b\u00e9n\u00e9voles de l\u2019association et des vacanciers d\u2019un certain \u00e2ge. Il y a Robert, Anne-Marie, Gis\u00e8le, Yvette, Pierre, Catherine, Fran\u00e7oise, Jacky et la doyenne Madeleine, 91\u00a0ans.<\/p>\n<p class=\" wall-content\">De Loire-Atlantique, Vend\u00e9e et Maine-et-Loire, <b>tous ou presque sont en fauteuil roulant<\/b>, tandis que Catherine, la plus jeune de tous (67\u00a0ans), se d\u00e9place \u00e0 l\u2019aide d\u2019un d\u00e9ambulateur.<\/p>\n<p>    <img   decoding=\"async\" loading=\"lazy\" class=\"size-large\" src=\"https:\/\/www.europesays.com\/fr\/wp-content\/uploads\/2025\/08\/f002d80b37a867132d80b37a8b142dv-960x640.jpg\" alt=\"Petits fr\u00e8res des pauvres - vacances - Vertou Prieur\u00e9 - a\u00een\u00e9s isol\u00e9s\" width=\"960\" height=\"640\"\/><br \/>\n    Roxane (en tee-shirt rose), l\u2019animatrice en chef du s\u00e9jour des Petits fr\u00e8res des Pauvres, \u00e0 Vertou (pr\u00e8s de Nantes). \u00a9HSM\u00ab\u00a0On est \u00e0 tous leurs petits soins, on les chouchoute\u00a0\u00bb<\/p>\n<blockquote class=\"ac-article-quote wall-content\">\n<p>Ce sont des personnes d\u00e9pendantes, pr\u00e9caris\u00e9es et isol\u00e9es, qui ne sortent pratiquement jamais de leur maison de retraite ou de leur r\u00e9sidence. Pour beaucoup, ces vacances sont leur seule sortie de l\u2019ann\u00e9e. Il y a tr\u00e8s peu de s\u00e9jours pour ce type de public en France chez les Petits fr\u00e8res des Pauvres : seulement 6, dont Vertou. En Ehpad, ils sont moins nombreux \u00e0 s\u2019occuper d\u2019eux ; l\u00e0, on est une dizaine de b\u00e9n\u00e9voles pour 9 vacanciers. On est tous \u00e0 leurs petits soins, on les chouchoute\u2026 Ils appr\u00e9cient qu\u2019on s\u2019occupe pleinement d\u2019eux. Si c\u2019est un s\u00e9jour qui est difficile car la prise en charge est lourde, on est tr\u00e8s heureux de se retrouver. Et de les voir sourire, \u00e7a nous fait plaisir<\/p>\n<p>Jocelyne Sodoyer, responsable du s\u00e9jour aux Petits fr\u00e8res des pauvres<\/p><\/blockquote>\n<p>Vid\u00e9os : en ce moment sur ActuJourn\u00e9e \u00e0 la mer, sortie cin\u00e9ma, promenade \u00e0 Nantes, Messe du 15-ao\u00fbt\u2026<\/p>\n<p class=\" wall-content\">B\u00e9n\u00e9vole aux Petits fr\u00e8res des pauvres depuis 16 ans, cette retrait\u00e9e herblinoise est la responsable de ce s\u00e9jour qui n\u00e9cessite la pr\u00e9sence d\u2019une aide-soignante 24 h\/24.<\/p>\n<p>Votre r\u00e9gion, votre actu !<\/p>\n<p>Recevez chaque jour les infos qui comptent pour vous.<\/p>\n<p>\t<a href=\"https:\/\/actu.fr\/newsletter\" class=\"ac-btn ac-btn--corner ac-btn--medium ac-btn--blue800\" target=\"_blank\" rel=\"noopener\">S&rsquo;incrire<\/a><\/p>\n<p class=\" wall-content\">L\u2019\u00e9quipe s\u2019occupe de tout. Et a concoct\u00e9 un <b>programme adapt\u00e9 \u00e0 leurs pathologies<\/b> durant ces cinq jours des vacances (entre le 18 et le 22 ao\u00fbt).<\/p>\n<p class=\" wall-content\">Journ\u00e9e \u00e0 la mer \u00e0 La Bernerie-en-Retz, sortie cin\u00e9ma au P\u00f4le Sud de <a href=\"https:\/\/actu.fr\/pays-de-la-loire\/basse-goulaine_44009\" target=\"_blank\" rel=\"noopener\">Basse-Goulaine<\/a>, d\u00eener au restaurant \u00e0 Nantes et promenade sur les bords de l\u2019Erdre,<b> sortie \u00e0 Caffino et au march\u00e9 de Vertou<\/b>, Messe du 15-ao\u00fbt pour les int\u00e9ress\u00e9s\u2026 \u00e9taient au menu.<\/p>\n<p class=\" wall-content\">\u00ab On ne les oblige pas \u00e0 bouger. Certains ne sont pas venus \u00e0 des activit\u00e9s, pr\u00e9f\u00e9rant rester \u00e0 la Maison des vacances \u00bb, rappelle Fr\u00e9d\u00e9ric Pougnand, rendu \u00e0 son 34e s\u00e9jour en tant que b\u00e9n\u00e9vole chez les Petits fr\u00e8res des pauvres.<\/p>\n<p>    <img   decoding=\"async\" loading=\"lazy\" class=\"size-large\" src=\"https:\/\/www.europesays.com\/fr\/wp-content\/uploads\/2025\/08\/3c95b80b37a8630a5b80b37a875a5bv-960x640.jpg\" alt=\"Petits fr\u00e8res des pauvres - vacances - Vertou Prieur\u00e9 - a\u00een\u00e9s isol\u00e9s - Jocelyne Sodoyer\" width=\"960\" height=\"640\"\/><br \/>\n    Jocelyne Sodoyer (au centre), b\u00e9n\u00e9vole aux Petits fr\u00e8res des pauvres depuis 16 ans, est la responsable du s\u00e9jour. \u00a9HSM\u00ab\u00a0J\u2019aimerais que ce soit comme \u00e7a toute l\u2019ann\u00e9e\u00a0\u00bb<\/p>\n<p class=\" wall-content\">Qu\u2019en pensent les vacanciers ?<\/p>\n<p class=\" wall-content\"><b>Anne-Marie,<\/b> r\u00e9sidente \u00e0 l\u2019Ehpad de <a href=\"https:\/\/actu.fr\/pays-de-la-loire\/la-gaubretiere_85097\" target=\"_blank\" rel=\"noopener\">La Gaubreti\u00e8re <\/a>(en Vend\u00e9e), n\u2019a pas h\u00e9sit\u00e9 \u00e0 revenir cette ann\u00e9e apr\u00e8s son premier s\u00e9jour en 2024.<\/p>\n<p class=\" wall-content\">Veuve depuis trois ans, sans enfant, elle \u00ab appr\u00e9cie tout \u00bb de ces vacances chez les Petits fr\u00e8res des pauvres. \u00ab On est bien, on mange bien, on discute de tout \u00bb, s\u2019exprime celle qui appr\u00e9hendait le retour \u00ab entre quatre murs \u00bb en cette veille de d\u00e9part.<\/p>\n<p class=\" wall-content\">Catherine, r\u00e9sidente <b>dans une structure pour personnes d\u00e9pendantes <\/b>au Lion d\u2019Angers, trouve chacun de ses s\u00e9jours \u00ab agr\u00e9ables \u00bb. C\u2019est son 4e, dont 3 \u00e0 Vertou.<\/p>\n<p class=\" wall-content\">\u00ab On rigole, on joue \u00e0 des jeux de soci\u00e9t\u00e9\u2026 J\u2019aimerais que ce soit comme \u00e7a toute l\u2019ann\u00e9e \u00bb, dit celle qui termine chacun de ses s\u00e9jours par <b>un discours pour remercier les b\u00e9n\u00e9voles.<\/b><\/p>\n<p>    <img   decoding=\"async\" loading=\"lazy\" class=\"size-large\" src=\"https:\/\/www.europesays.com\/fr\/wp-content\/uploads\/2025\/08\/196dc90b37a860d6dc90b37a8e07dcv-960x640.jpg\" alt=\"Petits fr\u00e8res des pauvres - vacances - Vertou Prieur\u00e9 - a\u00een\u00e9s isol\u00e9s\" width=\"960\" height=\"640\"\/><br \/>\n    Chaque matin, durant le s\u00e9jour, des animations \u00e9taient propos\u00e9es aux vacanciers, comme ce jeudi 21 ao\u00fbt o\u00f9 l\u2019on jouait \u00e0 \u00ab\u00a0Papotages\u00a0\u00bb. \u00a9HSM3 \u20ac par jour demand\u00e9 aux Ehpad\u00a0<\/p>\n<p class=\" wall-content\">Enfin, Jacky, <b>une jambe en moins et en fauteuil roulant, <\/b>vit seul avec son chien dans sa maison \u00e0 Nantes. Une aide \u00e0 domicile vient lui rendre visite tous les jours.<\/p>\n<p class=\" wall-content\">\u00ab Ici, j\u2019appr\u00e9cie la gentillesse de tous ces gens. Ce sont des s\u00e9jours immanquables pour moi \u00bb.<\/p>\n<p class=\" wall-content\">Des <b>s\u00e9jours g\u00e9n\u00e9reusement offerts<\/b> par les Petits fr\u00e8res des pauvres, qui ne demandent que 3 \u20ac par jour aux Ehpad des vacanciers.<\/p>\n<p class=\" wall-content\">Personnalisez votre actualit\u00e9 en ajoutant vos villes et m\u00e9dias en favori avec <a href=\"https:\/\/moncompte.actu.fr\" title=\"D\u00e9couvez Mon Actu\" rel=\"nofollow noopener\" data-trk=\"{&quot;cta&quot;:{&quot;action&quot;:&quot;https:\\\/\\\/moncompte.actu.fr&quot;,&quot;category&quot;:&quot;mon compte&quot;,&quot;from&quot;:&quot;article footer&quot;,&quot;name&quot;:&quot;Mon actu&quot;,&quot;type&quot;:&quot;cta&quot;}}\" target=\"_blank\">Mon Actu<\/a>.<\/p>\n","protected":false},"excerpt":{"rendered":"Par Vincent Malb\u0153uf Publi\u00e9 le 30 ao\u00fbt 2025 \u00e0 8h16 Des \u00e9clats de rire s\u2019entendent \u00e0 l\u2019autre bout&hellip;\n","protected":false},"author":2,"featured_media":354058,"comment_status":"","ping_status":"","sticky":false,"template":"","format":"standard","meta":{"footnotes":""},"categories":[2818],"tags":[1111,11,1777,674,1011,27,766,12,2636,25,3552,104,3400,2900],"class_list":{"0":"post-354057","1":"post","2":"type-post","3":"status-publish","4":"format-standard","5":"has-post-thumbnail","7":"category-nantes","8":"tag-actu","9":"tag-actualites","10":"tag-eu","11":"tag-europe","12":"tag-fr","13":"tag-france","14":"tag-nantes","15":"tag-news","16":"tag-pays-de-la-loire","17":"tag-republique-francaise","18":"tag-seniors","19":"tag-societe","20":"tag-solidarite","21":"tag-vignoble-nantais"},"share_on_mastodon":{"url":"https:\/\/pubeurope.com\/@fr\/115116564297059337","error":""},"_links":{"self":[{"href":"https:\/\/www.europesays.com\/fr\/wp-json\/wp\/v2\/posts\/354057","targetHints":{"allow":["GET"]}}],"collection":[{"href":"https:\/\/www.europesays.com\/fr\/wp-json\/wp\/v2\/posts"}],"about":[{"href":"https:\/\/www.europesays.com\/fr\/wp-json\/wp\/v2\/types\/post"}],"author":[{"embeddable":true,"href":"https:\/\/www.europesays.com\/fr\/wp-json\/wp\/v2\/users\/2"}],"replies":[{"embeddable":true,"href":"https:\/\/www.europesays.com\/fr\/wp-json\/wp\/v2\/comments?post=354057"}],"version-history":[{"count":0,"href":"https:\/\/www.europesays.com\/fr\/wp-json\/wp\/v2\/posts\/354057\/revisions"}],"wp:featuredmedia":[{"embeddable":true,"href":"https:\/\/www.europesays.com\/fr\/wp-json\/wp\/v2\/media\/354058"}],"wp:attachment":[{"href":"https:\/\/www.europesays.com\/fr\/wp-json\/wp\/v2\/media?parent=354057"}],"wp:term":[{"taxonomy":"category","embeddable":true,"href":"https:\/\/www.europesays.com\/fr\/wp-json\/wp\/v2\/categories?post=354057"},{"taxonomy":"post_tag","embeddable":true,"href":"https:\/\/www.europesays.com\/fr\/wp-json\/wp\/v2\/tags?post=354057"}],"curies":[{"name":"wp","href":"https:\/\/api.w.org\/{rel}","templated":true}]}}