{"id":354063,"date":"2025-08-30T07:37:09","date_gmt":"2025-08-30T07:37:09","guid":{"rendered":"https:\/\/www.europesays.com\/fr\/354063\/"},"modified":"2025-08-30T07:37:09","modified_gmt":"2025-08-30T07:37:09","slug":"a-toulouse-sa-famille-temoigne-on-y-pense-tout-le-temps","status":"publish","type":"post","link":"https:\/\/www.europesays.com\/fr\/354063\/","title":{"rendered":"\u00e0 Toulouse sa famille t\u00e9moigne, \u00ab\u00a0On y pense tout le temps\u00a0\u00bb"},"content":{"rendered":"<p>            Par<br \/>\n        <strong><br \/>\n            <a href=\"https:\/\/actu.fr\/auteur\/lucie-2\" title=\"Consulter tous les articles de Lucie Fraisse\" rel=\"nofollow noopener\" target=\"_blank\">Lucie Fraisse<\/a><br \/>\n        <\/strong><\/p>\n<p>        Publi\u00e9 le<\/p>\n<p>            30 ao\u00fbt 2025 \u00e0 9h10        <\/p>\n<p>Ce mercredi 27 ao\u00fbt 2025, <strong>Camilo Castro<\/strong> a f\u00eat\u00e9 ses 41 ans. Pour l\u2019occasion, les proches de cet homme originaire de <a href=\"https:\/\/actu.fr\/toulouse\/dernieres-actus\" rel=\"nofollow noopener\" target=\"_blank\">Toulouse<\/a> o\u00f9 sa famille r\u00e9side toujours, lui ont fait une vid\u00e9o, pour pr\u00e9senter leurs souhaits d\u2019anniversaire au jeune homme. Une vid\u00e9o que Camilo ne pourra pas voir : depuis deux mois, il est enferm\u00e9 sans raison <strong>dans une prison du Venezuela.\u00a0<\/strong><\/p>\n<p>Il passe la fronti\u00e8re pour son visa\u00a0<\/p>\n<p class=\" wall-content\">Tout commence le 26 juin dernier. <a href=\"https:\/\/www.instagram.com\/camilo.libre\/?hl=fr\" rel=\"nofollow noopener\" target=\"_blank\">Camilo Castro<\/a>, qui r\u00e9side en <strong>Colombie<\/strong> depuis plusieurs ann\u00e9es, veut obtenir un renouvellement de son visa. Il doit en effet retourner en France et souhaite r\u00e9gulariser sa situation avant de rejoindre l\u2019a\u00e9roport de Bogota.\u00a0<\/p>\n<p class=\" wall-content\">\u00ab\u00a0Il nous a laiss\u00e9 un message vocal pour nous dire qu\u2019il se rendait \u00e0 la fronti\u00e8re, raconte Yves Gilbert, son beau-p\u00e8re, compagnon de la m\u00e8re de Camilo. Mais le bureau de la migration a refus\u00e9 de lui accorder son visa et l\u2019a enjoint \u00e0 aller au<strong> Venezuela<\/strong> pour enregistrer son entr\u00e9e dans le pays. Dans son message, il nous a dit \u00ab\u00a0je n\u2019ai pas envie, mais il faut que j\u2019y aille\u00a0\u00bb.\u00a0\u00bb<\/p>\n<p>Ses amis colombiens se mobilisent<\/p>\n<p class=\" wall-content\">Ce sont les derni\u00e8res nouvelles directes qu\u2019aura la famille de Camilo. Un de ses amis re\u00e7oit, quelques heures plus tard, un<strong> message texte<\/strong> dans lequel le Toulousain d\u2019origine indique qu\u2019il pense qu\u2019il va \u00eatre renvoy\u00e9 en Colombie. Puis plus rien.<\/p>\n<p class=\" wall-content\">\u00ab\u00a0Ses amis colombiens ont r\u00e9agi imm\u00e9diatement en collant des affiches partout, parce qu\u2019ils savaient que l\u2019endroit o\u00f9 s\u2019\u00e9tait rendu Camilo \u00e9tait dangereux. Tr\u00e8s vite, tout le monde a eu de forts soup\u00e7ons sur le fait que sa disparition \u00e9tait li\u00e9e \u00e0<strong> la police du Venezuela<\/strong>.\u00a0\u00bb<\/p>\n<p class=\" wall-content\">Un soup\u00e7on confirm\u00e9 \u00ab\u00a0en off\u00a0\u00bb par un membre de la police colombienne qui affirme que Camilo est dans une prison de Venezuela.<\/p>\n<p>Votre r\u00e9gion, votre actu !<\/p>\n<p>Recevez chaque jour les infos qui comptent pour vous.<\/p>\n<p>\t<a href=\"https:\/\/actu.fr\/newsletter\" class=\"ac-btn ac-btn--corner ac-btn--medium ac-btn--blue800\" rel=\"nofollow noopener\" target=\"_blank\">S&rsquo;incrire<\/a><br \/>\nUn \u00e9change de prisonniers\u00a0<\/p>\n<p class=\" wall-content\">\u00ab\u00a0Il y avait une possibilit\u00e9, faible, mais existante, qu\u2019il ait disparu quelque part en Colombie, qu\u2019il y ait eu un accident, un truc qui se soit mal pass\u00e9\u2026, explique Yves Gilbert. On l\u2019a cherch\u00e9 jusqu\u2019au 18 juillet, jour o\u00f9 il y a eu un \u00e9change de prisonniers entre le Venezuela et les Etats-Unis.\u00a0\u00bb<\/p>\n<p class=\" wall-content\">Cet \u00e9change de prisonniers a permis le retour au pays de <strong>252 V\u00e9n\u00e9zu\u00e9liens<\/strong> qui avaient \u00e9t\u00e9 expuls\u00e9s en mars par l\u2019administration Trump. En \u00e9change, dix prisonniers de nationalit\u00e9 am\u00e9ricaine et une cinquantaine de prisonniers politiques v\u00e9n\u00e9zu\u00e9liens ont \u00e9t\u00e9 lib\u00e9r\u00e9s.<\/p>\n<p>Enferm\u00e9 dans l\u2019une des plus grosses prisons du pays\u00a0<\/p>\n<p class=\" wall-content\">\u00ab\u00a0On a \u00e9t\u00e9 en contact avec des prisonniers lib\u00e9r\u00e9s, confie Yves Gilbert. Ils ont formellement reconnu Camilo qui \u00e9tait dans la m\u00eame prison qu\u2019eux. C\u2019est l\u2019une des plus grosses du pays, dans laquelle <strong>Nicol\u00e0s Maduro<\/strong> enferme des centaines d\u2019opposants politiques depuis les \u00e9lections de l\u2019an pass\u00e9.\u00a0\u00bb<\/p>\n<p class=\" wall-content\">L\u2019\u00e9lection du pr\u00e9sident v\u00e9n\u00e9zu\u00e9lien, en juillet 2024,<a href=\"https:\/\/actu.fr\/monde\/venezuela-violentes-manifestations-apres-la-reelection-du-president-nicolas-maduro-au-moins-un-mort_61420882.html\" rel=\"nofollow noopener\" target=\"_blank\"> avait \u00e9t\u00e9 contest\u00e9e pour son manque de transparence et les r\u00e9sultats remis en question<\/a> (le d\u00e9compte officiel des voix n\u2019a d\u2019ailleurs toujours pas \u00e9t\u00e9 publi\u00e9). Depuis, les autorit\u00e9s du pays exercent une politique tr\u00e8s r\u00e9pressive, avec notamment des arrestations arbitraires.\u00a0<\/p>\n<p>Camilo, \u00ab\u00a0otage d\u2019\u00c9tat\u00a0\u00bb<\/p>\n<p class=\" wall-content\">\u00ab\u00a0Dans cette prison, ils ont visiblement cr\u00e9\u00e9 un secteur s\u00e9par\u00e9 o\u00f9 sont r\u00e9unis tous les \u00e9trangers qui sont dans la m\u00eame situation que Camilo et qui sont en fait des <strong>otages d\u2019\u00c9tat<\/strong>\u00ab\u00a0, souffle Yves Gilbert.<\/p>\n<p class=\" wall-content\">Car comme Camilo, ces prisonniers sont d\u00e9tenus sans aucune raison.\u00a0<\/p>\n<blockquote class=\"ac-article-quote wall-content\">\n<p>Camilo est en prison sans absolument aucun motif. Il est compl\u00e8tement \u00e0 l&rsquo;isolement, il n&rsquo;a pas la possibilit\u00e9 d&rsquo;avoir une visite consulaire, il n&rsquo;a pas d&rsquo;avocat, il n&rsquo;y a aucune raison officielle \u00e0 son incarc\u00e9ration, il n&rsquo;a \u00e9t\u00e9 condamn\u00e9 \u00e0 rien, il n&rsquo;y a pas eu de proc\u00e8s. Quand ont est arr\u00eat\u00e9 sans motif ou avec des motifs compl\u00e8tement fallacieux, uniquement pour servir de monnaie d&rsquo;\u00e9change, on est un otage d&rsquo;\u00c9tat. C&rsquo;est le cas de Camilo.<\/p>\n<p>    <strong>Yves Gilbert<\/strong>\n            <\/p><\/blockquote>\n<p>\u00c0 deux par cellule<\/p>\n<p class=\" wall-content\">\u00c0 ce stade, les proches de Camilo n\u2019ont toujours <strong>aucune possibilit\u00e9 de contacts avec lui<\/strong>. Gr\u00e2ce aux t\u00e9moignages des d\u00e9tenus lib\u00e9r\u00e9s en juillet, dont la v\u00e9racit\u00e9 a \u00e9t\u00e9 confirm\u00e9e par les autorit\u00e9s am\u00e9ricaines, ils ont quand m\u00eame pu en savoir un peu sur ses conditions de d\u00e9tention.<\/p>\n<p class=\" wall-content\">\u00ab\u00a0Ils sont par deux dans des cellules de trois m\u00e8tres sur deux, avec des <strong>lits superpos\u00e9s<\/strong> et un tuyau pour la douche, \u00e9num\u00e8re le beau-p\u00e8re de Camilo. Ils ont droit \u00e0 deux repas par jour, un galon d\u2019eau, une heure de promenade quotidienne et un m\u00e9decin les suit. Je pense qu\u2019on peut dire qu\u2019ils ne sont pas soumis \u00e0 de mauvais traitements physiques.\u00a0\u00bb<\/p>\n<p>Professeur de Yoga\u00a0<\/p>\n<p class=\" wall-content\">Selon les t\u00e9moignages recueillis par sa famille, Camilo semblait aller bien. Professeur de yoga, il pratique sa discipline et la m\u00e9ditation en d\u00e9tention. Il semble tr\u00e8s appr\u00e9ci\u00e9 de ses cod\u00e9tenus.\u00a0<\/p>\n<p class=\" wall-content\">\u00ab\u00a0Un de ses cod\u00e9tenus lib\u00e9r\u00e9s avec qui on a parl\u00e9 nous a dit qu\u2019il allait bien, qu\u2019il avait une vraie force et un mental. Mais c\u2019\u00e9tait il y a un mois\u2026\u00a0\u00bb<\/p>\n<p>Ses proches multiplient les actions<\/p>\n<p class=\" wall-content\">Depuis le d\u00e9but de l\u2019affaire, la famille de Camilo est en contact avec le Quai d\u2019Orsay, avec Amnesty international, la fondation Foro penal au Venezuela ou encore le bureau de Caracas du Haut commissariat aux droits de l\u2019Homme de l\u2019ONU, le CICR, l\u2019association SOS Otages\u2026<\/p>\n<p class=\" wall-content\">\u00ab\u00a0On a fait beaucoup de choses, on a d\u00e9pos\u00e9 une plainte en France, on va en d\u00e9poser une aupr\u00e8s de la commission interam\u00e9ricaine des droits de l\u2019Homme\u2026, \u00e9num\u00e8re le beau-p\u00e8re de Camilo Castro. <strong>On enclenche le plus possible de proc\u00e9dures.<\/strong>\u00ab\u00a0<\/p>\n<p class=\" wall-content\">Les proches de Camilo se sont aussi r\u00e9solus \u00e0 m\u00e9diatiser l\u2019affaire. \u00ab\u00a0Les gens qui ont pu sortir de la prison nous ont dit \u00ab\u00a0il faut absolument contacter les m\u00e9dias : un \u00c9tat prend des personnes \u00e9trang\u00e8res en otage et personne n\u2019en parle\u202f! \u00a0\u00bb Et puis les gens doivent savoir qu\u2019<strong>il ne faut absolument pas mettre les pieds au Venezuela<\/strong> ! C\u2019est trop dangereux !\u00a0\u00bb<\/p>\n<p>Bient\u00f4t des mobilisations \u00e0 Toulouse<\/p>\n<p class=\" wall-content\">Sa famille compte \u00e9galement solliciter<strong> les \u00e9lus locaux \u00e0 Toulouse, et sans doute organiser<\/strong> des mobilisations dans la ville qui a vu Camilo Castro grandir, l\u00e0 o\u00f9 il a \u00e9tudi\u00e9 <strong>au lyc\u00e9e Saint-Sernin et \u00e0 la facult\u00e9 du Mirail<\/strong>. Des actions concr\u00e8tes qui permettent aussi \u00e0 ses proches de tenir le coup face \u00e0 l\u2019absence de nouvelles.<\/p>\n<p class=\" wall-content\">\u00ab\u00a0Parce que c\u2019est s\u00fbr que c\u2019est compliqu\u00e9, soupire Yves Gilbert. Depuis le jour o\u00f9 Camilo a disparu, on a compl\u00e8tement chang\u00e9 de monde, <strong>on y pense tout le temps<\/strong>. On est sans avenir : vu qu\u2019il n\u2019y a pas d\u2019\u00e9ch\u00e9ance, on vit au jour le jour.\u00a0\u00bb<\/p>\n<p class=\" wall-content\">Personnalisez votre actualit\u00e9 en ajoutant vos villes et m\u00e9dias en favori avec <a href=\"https:\/\/moncompte.actu.fr\" title=\"D\u00e9couvez Mon Actu\" rel=\"nofollow noopener\" data-trk=\"{&quot;cta&quot;:{&quot;action&quot;:&quot;https:\\\/\\\/moncompte.actu.fr&quot;,&quot;category&quot;:&quot;mon compte&quot;,&quot;from&quot;:&quot;article footer&quot;,&quot;name&quot;:&quot;Mon actu&quot;,&quot;type&quot;:&quot;cta&quot;}}\" target=\"_blank\">Mon Actu<\/a>.<\/p>\n<p>                    <script async src=\"\/\/www.instagram.com\/embed.js\"><\/script><\/p>\n","protected":false},"excerpt":{"rendered":"Par Lucie Fraisse Publi\u00e9 le 30 ao\u00fbt 2025 \u00e0 9h10 Ce mercredi 27 ao\u00fbt 2025, Camilo Castro a&hellip;\n","protected":false},"author":2,"featured_media":354064,"comment_status":"","ping_status":"","sticky":false,"template":"","format":"standard","meta":{"footnotes":""},"categories":[2816],"tags":[1111,11,1777,674,1011,27,12,2680,25,104,2312],"class_list":{"0":"post-354063","1":"post","2":"type-post","3":"status-publish","4":"format-standard","5":"has-post-thumbnail","7":"category-toulouse","8":"tag-actu","9":"tag-actualites","10":"tag-eu","11":"tag-europe","12":"tag-fr","13":"tag-france","14":"tag-news","15":"tag-occitanie","16":"tag-republique-francaise","17":"tag-societe","18":"tag-toulouse"},"share_on_mastodon":{"url":"https:\/\/pubeurope.com\/@fr\/115116575717373552","error":""},"_links":{"self":[{"href":"https:\/\/www.europesays.com\/fr\/wp-json\/wp\/v2\/posts\/354063","targetHints":{"allow":["GET"]}}],"collection":[{"href":"https:\/\/www.europesays.com\/fr\/wp-json\/wp\/v2\/posts"}],"about":[{"href":"https:\/\/www.europesays.com\/fr\/wp-json\/wp\/v2\/types\/post"}],"author":[{"embeddable":true,"href":"https:\/\/www.europesays.com\/fr\/wp-json\/wp\/v2\/users\/2"}],"replies":[{"embeddable":true,"href":"https:\/\/www.europesays.com\/fr\/wp-json\/wp\/v2\/comments?post=354063"}],"version-history":[{"count":0,"href":"https:\/\/www.europesays.com\/fr\/wp-json\/wp\/v2\/posts\/354063\/revisions"}],"wp:featuredmedia":[{"embeddable":true,"href":"https:\/\/www.europesays.com\/fr\/wp-json\/wp\/v2\/media\/354064"}],"wp:attachment":[{"href":"https:\/\/www.europesays.com\/fr\/wp-json\/wp\/v2\/media?parent=354063"}],"wp:term":[{"taxonomy":"category","embeddable":true,"href":"https:\/\/www.europesays.com\/fr\/wp-json\/wp\/v2\/categories?post=354063"},{"taxonomy":"post_tag","embeddable":true,"href":"https:\/\/www.europesays.com\/fr\/wp-json\/wp\/v2\/tags?post=354063"}],"curies":[{"name":"wp","href":"https:\/\/api.w.org\/{rel}","templated":true}]}}