{"id":354071,"date":"2025-08-30T07:41:10","date_gmt":"2025-08-30T07:41:10","guid":{"rendered":"https:\/\/www.europesays.com\/fr\/354071\/"},"modified":"2025-08-30T07:41:10","modified_gmt":"2025-08-30T07:41:10","slug":"la-gauche-denonce-cinq-ans-de-politique-revancharde-de-la-droite-a-la-metropole","status":"publish","type":"post","link":"https:\/\/www.europesays.com\/fr\/354071\/","title":{"rendered":"La gauche d\u00e9nonce cinq ans de politique \u00ab\u00a0revancharde\u00a0\u00bb de la droite \u00e0 la M\u00e9tropole"},"content":{"rendered":"<p>Alors que la droite et la gauche s\u2019\u00e9trillent depuis quelques jours sur les r\u00e9seaux sociaux sur la question de la propret\u00e9, comp\u00e9tence m\u00e9tropolitaine, le groupe Pour une M\u00e9tropole du bien commun, o\u00f9 si\u00e8gent les \u00e9lus de la gauche marseillaise, a dress\u00e9 jeudi 28\u00a0ao\u00fbt au soir le bilan de cinq ans de mandat. Cinq ans \u00e0 \u00ab\u00a0la tonalit\u00e9 parfois difficile\u00a0\u00bb, r\u00e9sume <a href=\"https:\/\/www.laprovence.com\/article\/region\/2686894170608814\/redresser-les-quartiers-de-belsunce-et-de-noailles-lenjeu-pour-2025-de-la-maire-des-1e-et-7e-a-marseille\" target=\"_blank\" rel=\"noopener\">Sophie Camard<\/a>, la pr\u00e9sidente (GRS) du groupe, la ville centre, dirig\u00e9e par<a href=\"https:\/\/www.laprovence.com\/article\/region\/2204525661155714\/municipales-a-marseille-a-sept-mois-du-scrutin-benoit-payan-et-martine-vassal-saffrontent-sur-la-proprete\" target=\"_blank\" rel=\"noopener\"> Beno\u00eet Payan (DVG)<\/a>, s\u2019\u00e9tant retrouv\u00e9e \u00e0 la M\u00e9tropole face \u00e0 une majorit\u00e9 de droite, pr\u00e9sid\u00e9e par Martine Vassal, la candidate (DVD) malheureuse des municipales de\u00a02020. \u00ab\u00a0Cela a \u00e9t\u00e9 la chronique d\u2019une revanche politique des municipales de\u00a02020, la revanche droite-gauche\u00a0\u00bb, poursuit celle qui est aussi maire des 1er et 7e arrondissements.<\/p>\n<p>Sur les finances et la gouvernance, les transports, la voirie ou la propret\u00e9, les \u00e9lus se sont beaucoup affront\u00e9s tout au long du mandat.\u00a0\u00ab\u00a0Une M\u00e9tropole, c\u2019est un EPCI, un \u00e9tablissement public de coop\u00e9ration intercommunale mais le C a \u00e9t\u00e9 plus souvent traduit en conflit qu\u2019en coop\u00e9ration, d\u00e9plore\u00a0Jo\u00ebl Canicave. Et l\u2019adjoint aux finances (PS) de pointer l\u2019\u00e9tat des finances de la collectivit\u00e9\u00a0: \u00ab\u00a0Une M\u00e9tropole, normalement, c\u2019est u&#8230;<\/p>\n","protected":false},"excerpt":{"rendered":"Alors que la droite et la gauche s\u2019\u00e9trillent depuis quelques jours sur les r\u00e9seaux sociaux sur la question&hellip;\n","protected":false},"author":2,"featured_media":354072,"comment_status":"","ping_status":"","sticky":false,"template":"","format":"standard","meta":{"footnotes":""},"categories":[2814],"tags":[17,1111,11,5650,1764,3216,7891,1777,674,1011,27,2383,884,2800,12,316,882,16,25],"class_list":{"0":"post-354071","1":"post","2":"type-post","3":"status-publish","4":"format-standard","5":"has-post-thumbnail","7":"category-marseille","8":"tag-17","9":"tag-actu","10":"tag-actualites","11":"tag-aix-marseille-provence","12":"tag-ans","13":"tag-cinq","14":"tag-denonce","15":"tag-eu","16":"tag-europe","17":"tag-fr","18":"tag-france","19":"tag-gauche","20":"tag-marseille","21":"tag-metropole","22":"tag-news","23":"tag-politique","24":"tag-provence-alpes-cote-dazur","25":"tag-region","26":"tag-republique-francaise"},"share_on_mastodon":{"url":"https:\/\/pubeurope.com\/@fr\/115116591281343580","error":""},"_links":{"self":[{"href":"https:\/\/www.europesays.com\/fr\/wp-json\/wp\/v2\/posts\/354071","targetHints":{"allow":["GET"]}}],"collection":[{"href":"https:\/\/www.europesays.com\/fr\/wp-json\/wp\/v2\/posts"}],"about":[{"href":"https:\/\/www.europesays.com\/fr\/wp-json\/wp\/v2\/types\/post"}],"author":[{"embeddable":true,"href":"https:\/\/www.europesays.com\/fr\/wp-json\/wp\/v2\/users\/2"}],"replies":[{"embeddable":true,"href":"https:\/\/www.europesays.com\/fr\/wp-json\/wp\/v2\/comments?post=354071"}],"version-history":[{"count":0,"href":"https:\/\/www.europesays.com\/fr\/wp-json\/wp\/v2\/posts\/354071\/revisions"}],"wp:featuredmedia":[{"embeddable":true,"href":"https:\/\/www.europesays.com\/fr\/wp-json\/wp\/v2\/media\/354072"}],"wp:attachment":[{"href":"https:\/\/www.europesays.com\/fr\/wp-json\/wp\/v2\/media?parent=354071"}],"wp:term":[{"taxonomy":"category","embeddable":true,"href":"https:\/\/www.europesays.com\/fr\/wp-json\/wp\/v2\/categories?post=354071"},{"taxonomy":"post_tag","embeddable":true,"href":"https:\/\/www.europesays.com\/fr\/wp-json\/wp\/v2\/tags?post=354071"}],"curies":[{"name":"wp","href":"https:\/\/api.w.org\/{rel}","templated":true}]}}