{"id":354073,"date":"2025-08-30T07:42:12","date_gmt":"2025-08-30T07:42:12","guid":{"rendered":"https:\/\/www.europesays.com\/fr\/354073\/"},"modified":"2025-08-30T07:42:12","modified_gmt":"2025-08-30T07:42:12","slug":"un-ex-policier-de-la-brigade-des-mineurs-de-marseille-juge-a-aix-pour-viol-denfants","status":"publish","type":"post","link":"https:\/\/www.europesays.com\/fr\/354073\/","title":{"rendered":"Un ex-policier de la brigade des mineurs de Marseille jug\u00e9 \u00e0 Aix pour viol d&rsquo;enfants"},"content":{"rendered":"<p>Un ancien policier de la brigade de protection des mineurs de Marseille sera jug\u00e9 \u00e0 partir de lundi \u00e0 Aix-en-Provence pour viols et agressions sexuelles de deux enfants des rues de Manille, deux fr\u00e8res \u00e2g\u00e9s de 12 et 15 ans.<\/p>\n<p>L&rsquo;ex-fonctionnaire, aujourd&rsquo;hui \u00e2g\u00e9 de 46 ans et en d\u00e9tention provisoire depuis quatre ans, compara\u00eet \u00e9galement devant la cour criminelle pour la d\u00e9tention de quelque 3.000 images et vid\u00e9os p\u00e9dopornographiques pour ce proc\u00e8s qui doit durer jusqu&rsquo;\u00e0 jeudi.<\/p>\n<p>L&rsquo;affaire d\u00e9bute \u00e0 Marseille par le signalement de la directrice d&rsquo;un foyer o\u00f9 un jeune homme de 17 ans, victime de viols, recevait \u00e0 des heures tardives des messages tendancieux du policier charg\u00e9 de son enqu\u00eate.<\/p>\n<p>A la brigade des mineurs, les questions se posent alors sur ce coll\u00e8gue d\u00e9crit comme \u00ab\u00a0gentil\u00a0\u00bb et \u00ab\u00a0nonchalant\u00a0\u00bb, des policiers se rem\u00e9morant par exemple son int\u00e9r\u00eat pour les photos de leurs enqu\u00eates.<\/p>\n<p>L&rsquo;accus\u00e9 cherche \u00e0 balayer les soup\u00e7ons : \u00ab\u00a0Si le loup est dans la bergerie, il faut vite ouvrir une enqu\u00eate\u00a0\u00bb, lance-t-il \u00e0 son chef qui lui adressera une lettre de mise en garde au sujet de ses messages avec la jeune victime qu&rsquo;il appelait \u00ab\u00a0mon chat\u00a0\u00bb.<\/p>\n<p>L&rsquo;enqu\u00eate ouverte par le parquet de Marseille aboutit, en juin 2021, \u00e0 la perquisition du domicile du policier o\u00f9 quelques milliers d&rsquo;images p\u00e9dopornographiques sont saisies et des traces informatiques retrouv\u00e9es sur des recherches ciblant les jeunes gar\u00e7ons, y compris sur le darknet.<\/p>\n<p>Puis de fil en aiguille, la piste du tourisme sexuel se dessine pour cet homme, \u00e0 l&rsquo;apparence au-dessus de tout soup\u00e7on, qui se rendait chaque ann\u00e9e aux Philippines, \u00e9tant devenu pr\u00e9sident de la branche fran\u00e7aise d&rsquo;une institution \u0153uvrant \u00e0 la protection et l&rsquo;insertion des enfants des rues \u00e0 Manille.<\/p>\n<p>Les enqu\u00eateurs ont pu retrouver la trace des deux victimes pour lesquelles il est jug\u00e9 aujourd&rsquo;hui. Entendus en f\u00e9vrier 2024 dans le cadre d&rsquo;une commission rogatoire internationale, les deux orphelins, qui dormaient sur un trottoir de la capitale des Philippines, avaient reconnu sur photo \u00ab\u00a0le touriste am\u00e9ricain\u00a0\u00bb. En septembre 2018, dans un terrain vague d&rsquo;abord puis dans son appartement, il avait monnay\u00e9 des relations sexuelles pour quelques milliers de pesos, soit quelques dizaines d&rsquo;euros.<\/p>\n<p>Les d\u00e9clarations de ces deux jeunes rabatteurs de clients pour \u00ab\u00a0jeepneys\u00a0\u00bb (transports collectifs, ndlr) confirmaient ainsi une note r\u00e9dig\u00e9e, en septembre 2018, par l&rsquo;accus\u00e9, faisant le r\u00e9cit cru d&rsquo;agressions sexuelles et de viols de deux jeunes mendiants.<\/p>\n<p>\u00a0<\/p>\n<p>Syndrome de Peter Pan<\/p>\n<p>\u00a0<\/p>\n<p>La cour criminelle attend sa position\u00a0sur ces faits qui lui sont reproch\u00e9s, apr\u00e8s les avoir reconnus puis contest\u00e9s. Ce proc\u00e8s devrait s&rsquo;ouvrir sans ces deux victimes, une absence qui suscitera sans doute un d\u00e9bat sur l&rsquo;opportunit\u00e9 de tenir l&rsquo;audience \u00e0 huis clos ou pas.<\/p>\n<p>Parlant d&rsquo;un \u00ab\u00a0engrenage\u00a0\u00bb, le policier \u00e9voque dans un courrier \u00ab\u00a0une curiosit\u00e9 devenue addictive, l&rsquo;envie de toujours en voir plus. Quand j&rsquo;avais cet \u00e9clair de lucidit\u00e9 je fermais l&rsquo;ordinateur, d\u00e9go\u00fbt\u00e9. Et le pire c&rsquo;est que le lendemain, \u00e7a me donnait la niaque pour le boulot, prot\u00e9ger ces enfants\u00a0\u00bb.<\/p>\n<p>La personnalit\u00e9 de cet homme, atteint selon un expert-psychologue du syndrome de Peter Pan, une sorte de refus de l&rsquo;\u00e2ge adulte et d&rsquo;immaturit\u00e9, sera au c\u0153ur des d\u00e9bats.<\/p>\n<p>L&rsquo;enqu\u00eate a \u00e9tabli qu&rsquo;il s&rsquo;\u00e9tait cr\u00e9\u00e9 une r\u00e9alit\u00e9 parall\u00e8le. A ses coll\u00e8gues, il se pr\u00e9sentait comme tiers de confiance d&rsquo;un filleul pr\u00e9nomm\u00e9 Gabin qui n&rsquo;existait pas mais dont il montrait une photo, celle\u00a0r\u00e9cup\u00e9r\u00e9e sur les r\u00e9seaux sociaux d&rsquo;un jeune DJ belge&#8230;<\/p>\n<p>Cinq associations de d\u00e9fense de l\u2019enfance se sont constitu\u00e9es parties civiles.<\/p>\n<p>\u00ab\u00a0Nous sommes face \u00e0 un sch\u00e9ma machiav\u00e9lique, un\u00a0 mode op\u00e9ratoire assez in\u00e9dit dans le fait de s&rsquo;\u00e9riger en ambassadeur de la protection de l&rsquo;enfance et, sous cette casquette, de remplir des missions polici\u00e8res et humanitaires\u00a0\u00bb, estime Me C\u00e9line Astolfe, avocate de la Fondation pour l&rsquo;enfance.<\/p>\n<p>Pour elle, ce proc\u00e8s doit \u00eatre \u00ab\u00a0l&rsquo;occasion de redire l&rsquo;importance de la pr\u00e9vention et de la formation de tous les acteurs au contact des mineurs\u00a0\u00bb.<\/p>\n<p>Contact\u00e9e par l&rsquo;AFP, l&rsquo;avocate de l&rsquo;accus\u00e9 n&rsquo;a pas souhait\u00e9 s&rsquo;exprimer avant l&rsquo;ouverture des d\u00e9bats.<\/p>\n<p>\u00a0<\/p>\n<p>\u00a9 Agence France-Presse (par L. Leroux)<\/p>\n","protected":false},"excerpt":{"rendered":"Un ancien policier de la brigade de protection des mineurs de Marseille sera jug\u00e9 \u00e0 partir de lundi&hellip;\n","protected":false},"author":2,"featured_media":66011,"comment_status":"","ping_status":"","sticky":false,"template":"","format":"standard","meta":{"footnotes":""},"categories":[2814],"tags":[1111,11,7404,1777,674,1011,27,303,884,12,10910,882,25,1265],"class_list":{"0":"post-354073","1":"post","2":"type-post","3":"status-publish","4":"format-standard","5":"has-post-thumbnail","7":"category-marseille","8":"tag-actu","9":"tag-actualites","10":"tag-aix-en-provence","11":"tag-eu","12":"tag-europe","13":"tag-fr","14":"tag-france","15":"tag-justice","16":"tag-marseille","17":"tag-news","18":"tag-policier","19":"tag-provence-alpes-cote-dazur","20":"tag-republique-francaise","21":"tag-viol"},"share_on_mastodon":{"url":"https:\/\/pubeurope.com\/@fr\/115116595206569287","error":""},"_links":{"self":[{"href":"https:\/\/www.europesays.com\/fr\/wp-json\/wp\/v2\/posts\/354073","targetHints":{"allow":["GET"]}}],"collection":[{"href":"https:\/\/www.europesays.com\/fr\/wp-json\/wp\/v2\/posts"}],"about":[{"href":"https:\/\/www.europesays.com\/fr\/wp-json\/wp\/v2\/types\/post"}],"author":[{"embeddable":true,"href":"https:\/\/www.europesays.com\/fr\/wp-json\/wp\/v2\/users\/2"}],"replies":[{"embeddable":true,"href":"https:\/\/www.europesays.com\/fr\/wp-json\/wp\/v2\/comments?post=354073"}],"version-history":[{"count":0,"href":"https:\/\/www.europesays.com\/fr\/wp-json\/wp\/v2\/posts\/354073\/revisions"}],"wp:featuredmedia":[{"embeddable":true,"href":"https:\/\/www.europesays.com\/fr\/wp-json\/wp\/v2\/media\/66011"}],"wp:attachment":[{"href":"https:\/\/www.europesays.com\/fr\/wp-json\/wp\/v2\/media?parent=354073"}],"wp:term":[{"taxonomy":"category","embeddable":true,"href":"https:\/\/www.europesays.com\/fr\/wp-json\/wp\/v2\/categories?post=354073"},{"taxonomy":"post_tag","embeddable":true,"href":"https:\/\/www.europesays.com\/fr\/wp-json\/wp\/v2\/tags?post=354073"}],"curies":[{"name":"wp","href":"https:\/\/api.w.org\/{rel}","templated":true}]}}