{"id":354078,"date":"2025-08-30T07:49:12","date_gmt":"2025-08-30T07:49:12","guid":{"rendered":"https:\/\/www.europesays.com\/fr\/354078\/"},"modified":"2025-08-30T07:49:12","modified_gmt":"2025-08-30T07:49:12","slug":"dune-valeur-exceptionnelle-des-tombes-du-cimetiere-du-montparnasse-classees-monuments-historiques","status":"publish","type":"post","link":"https:\/\/www.europesays.com\/fr\/354078\/","title":{"rendered":"d&rsquo;une valeur exceptionnelle, des tombes du cimeti\u00e8re du Montparnasse class\u00e9es Monuments historiques"},"content":{"rendered":"<p>            Par<br \/>\n        <strong><br \/>\n            <a href=\"https:\/\/actu.fr\/auteur\/ines-cussac-actu-fr\" title=\"Consulter tous les articles de In\u00e8s Cussac\" rel=\"nofollow noopener\" target=\"_blank\">In\u00e8s Cussac<\/a><br \/>\n        <\/strong><\/p>\n<p>        Publi\u00e9 le<\/p>\n<p>            30 ao\u00fbt 2025 \u00e0 7h32        <\/p>\n<p>\u00c0 Paris, les all\u00e9es des cimeti\u00e8res convoquent la m\u00e9moire et le recueillement des familles mais titillent aussi parfois la curiosit\u00e9 des visiteurs. Comme <a href=\"https:\/\/actu.fr\/ile-de-france\/paris_75056\/photos-toussaint-a-paris-les-tombes-immanquables-du-cimetiere-du-pere-lachaise_45951224.html\" rel=\"nofollow noopener\" target=\"_blank\">au P\u00e8re-Lachaise<\/a>, v\u00e9ritable Panth\u00e9on \u00e0 ciel ouvert. Le cimeti\u00e8re du 20e arrondissement <a href=\"https:\/\/actu.fr\/ile-de-france\/paris_75056\/en-images-toussaint-a-paris-ces-tombes-insolites-au-cimetiere-du-montparnasse-a-voir-absolument_60272432.html\" rel=\"nofollow noopener\" target=\"_blank\">ne d\u00e9tient cependant pas le monopole patrimonial<\/a>. Si dix monuments fun\u00e9raires y sont class\u00e9s Monuments historiques, il y en a presque autant <strong>au cimeti\u00e8re du Montparnasse<\/strong>, dans le 14e.<br \/>Depuis le jeudi 21\u00a0ao\u00fbt 2025, <strong>sept s\u00e9pultures et un c\u00e9notaphe<\/strong> y sont d\u00e9sormais prot\u00e9g\u00e9s par ce titre, selon un arr\u00eat\u00e9 du minist\u00e8re de la Culture. \u00ab\u2009Rendre ses lettres de noblesse \u00e0 ce cimeti\u00e8re historique\u2009\u00bb, \u00e9tait l\u2019objectif pr\u00e9sent\u00e9 par les \u00e9quipes du service de la Conservation r\u00e9gionale des Monuments historiques (CRMH) de la <a href=\"https:\/\/www.culture.gouv.fr\/fr\/regions\/drac-ile-de-france\/actualites\/actualite-a-la-une\/sept-monuments-funeraires-du-cimetiere-du-montparnasse-classes-au-titre-des-monuments-historiques\" rel=\"nofollow noopener\" target=\"_blank\">DRAC \u00cele-de-France<\/a> qui ont men\u00e9 cette campagne de protection.<\/p>\n<p class=\" wall-content\">Les tombeaux de la famille de Montault, de la famille Dumont d\u2019Urville, de Jacques Lefranc, d\u2019Antoine Chrysostome Quatrem\u00e8re de Quincy, de la famille Constant-Dufeux et de la famille Schelfhaut ainsi que le c\u00e9notaphe de Charles Baudelaire figurent d\u00e9sormais dans la liste des monuments fun\u00e9raires class\u00e9s au titre de <strong>Monuments historiques<\/strong>.<\/p>\n<p>La Ville de Paris, nouvelle propri\u00e9taire<\/p>\n<p class=\" wall-content\">Parmi les <strong>42\u2009000 tombes du cimeti\u00e8re du Montparnasse<\/strong>, <a href=\"https:\/\/actu.fr\/ile-de-france\/paris_75056\/la-statue-le-baiser-de-brancusi-ne-quittera-pas-le-cimetiere-montparnasse-a-paris_43370680.html\" rel=\"nofollow noopener\" target=\"_blank\">une seule \u00e9tait prot\u00e9g\u00e9e depuis 2010<\/a>. Et pour cause, au-dessus du tombeau de la d\u00e9funte, Tania Rachevska\u00efa morte en 1910, l\u2019une des premi\u00e8res sculptures de Constantin Brancusi, Le Baiser, avait \u00e9t\u00e9 install\u00e9e. Cent ans apr\u00e8s le d\u00e9c\u00e8s de cette jeune Russe anonyme, son classement au patrimoine avait \u00e9t\u00e9 confirm\u00e9 par le Conseil d\u2019\u00c9tat afin d\u2019emp\u00eacher ses descendants de d\u00e9manteler l\u2019\u0153uvre pour la vendre.<\/p>\n<p class=\" wall-content\">Le moulin de la Charit\u00e9, construit au XVIIe si\u00e8cle, est \u00e9galement class\u00e9 depuis 1931.<\/p>\n<p class=\" wall-content\">Pour aboutir au classement de sept nouveaux monuments fun\u00e9raires avec des d\u00e9marches simplifi\u00e9es, <strong>la Ville de Paris est devenue propri\u00e9taire des tombeaux<\/strong> en question. \u00ab\u2009La protection des monuments fun\u00e9raires se heurte habituellement \u00e0 une double difficult\u00e9\u2009: la diversit\u00e9 et l\u2019ampleur du corpus d\u2019une part, et la complexit\u00e9 li\u00e9e au statut priv\u00e9 des concessions d\u2019autre part\u2009\u00bb, souligne la DRAC \u00cele-de-France. \u00ab\u2009Les propri\u00e9taires \u00e9tant souvent nombreux ou introuvables, cela rend l\u2019accord pr\u00e9alable difficile \u00e0 obtenir.\u2009\u00bb<\/p>\n<p>Architecture, personnalit\u00e9s comm\u00e9mor\u00e9es\u2026<\/p>\n<p class=\" wall-content\">Ces sept monuments fun\u00e9raires n\u2019ont pas \u00e9t\u00e9 d\u00e9sign\u00e9s au hasard par le CRMH et la Drac \u00cele-de-France. La qualit\u00e9 architecturale et l\u2019anciennet\u00e9, l\u2019importance des personnalit\u00e9s comm\u00e9mor\u00e9es, la notori\u00e9t\u00e9 des artistes impliqu\u00e9s, le retentissement critique ou encore l\u2019apport \u00e0 l\u2019histoire de la sculpture permettent de d\u00e9signer tel ou tel monument pour le classer.<\/p>\n<p>Votre r\u00e9gion, votre actu !<\/p>\n<p>Recevez chaque jour les infos qui comptent pour vous.<\/p>\n<p>\t<a href=\"https:\/\/actu.fr\/newsletter\" class=\"ac-btn ac-btn--corner ac-btn--medium ac-btn--blue800\" rel=\"nofollow noopener\" target=\"_blank\">S&rsquo;incrire<\/a><\/p>\n<p class=\" wall-content\">Ainsi, la chapelle fun\u00e9raire de la famille de Montault a \u00e9t\u00e9 retenue puisqu\u2019elle est \u00ab\u2009l\u2019un des premiers exemples de <strong>chapelles fun\u00e9raires n\u00e9o-gothiques<\/strong> des cimeti\u00e8res parisiens\u2009\u00bb, pr\u00e9cise la Drac, qui la qualifie d\u2019\u00ab\u2009unicum\u2009\u00bb justifiant une mesure de protection.<\/p>\n<p class=\" wall-content\">Le tombeau de la famille Dumont d\u2019Urville, \u00e9rig\u00e9 en m\u00e9moire du c\u00e9l\u00e8bre navigateur, se d\u00e9marque lui aussi pour son caract\u00e8re exceptionnel. \u00ab\u2009La figuration des principaux voyages de Dumont d\u2019Urville autour du monument en fait <strong>une \u2018tombe parlante\u2019<\/strong> [\u2026]. Le mode de repr\u00e9sentation, avec des sc\u00e8nes qui se lisent en tournant autour du monument, rappelle certains grands mod\u00e8les antiques, et \u00e9voque \u00e9galement les panoramas et dioramas tr\u00e8s en vogue au d\u00e9but du 19e si\u00e8cle [\u2026]. Le tombeau ne fit pas \u00e9cole, ne constitua pas un mod\u00e8le\u2009: il s\u2019agit \u00e0 tout point de vue d\u2019un tombeau exceptionnel \u00e9difi\u00e9 pour honorer la m\u00e9moire d\u2019une personnalit\u00e9 hors du commun\u2009\u00bb, pr\u00e9cise la DRAC.<\/p>\n<p class=\" wall-content\">Le tombeau du chirurgien Jacques Lisfranc est aussi un \u00ab\u2009exemple pr\u00e9coce\u2009\u00bb de monument fun\u00e9raire avec la mise en sc\u00e8ne du d\u00e9funt dans <strong>ses activit\u00e9s professionnelles<\/strong>. \u00ab\u2009L\u2019originalit\u00e9 de ce tombeau pour son \u00e9poque, alli\u00e9e \u00e0 la qualit\u00e9 de ses mat\u00e9riaux (bronze et marbre) et de son ex\u00e9cution font de lui un monument fun\u00e9raire remarquable. Enfin, le fait que la grille qui l\u2019entoure, constitu\u00e9e de tibias et de cr\u00e2nes, ait \u00e9t\u00e9 conserv\u00e9e m\u00e9rite d\u2019\u00eatre signal\u00e9, tant les \u00e9l\u00e9ments de ferronnerie ancienne ont souvent disparu de nombreuses s\u00e9pultures\u2009\u00bb, note la DRAC.<\/p>\n<p>    <img   decoding=\"async\" loading=\"lazy\" src=\"https:\/\/www.europesays.com\/fr\/wp-content\/uploads\/2025\/08\/20250821-083251-960x640.jpg\" alt=\"Le tombeau de Jacques Lisfranc.\" width=\"960\" height=\"640\"\/><br \/>\n    Le tombeau de Jacques Lisfranc. (\u00a9IC \/ actu Paris)<\/p>\n<p class=\" wall-content\">Par ailleurs, la tombe d\u2019Antoine Chrysostome Quatrem\u00e8re de Quincy, l\u2019une des plus anciennes du cimeti\u00e8re, \u00ab\u2009est rep\u00e9r\u00e9e depuis plus d\u2019un si\u00e8cle comme \u00e9tant l\u2019une des s\u00e9pultures \u00e0 entretenir\u2009\u00bb. En plus de saluer \u00ab\u2009la qualit\u00e9 artistique\u2009\u00bb du tombeau, une telle protection honore \u00ab\u2009la m\u00e9moire de <strong>l\u2019un des premiers d\u00e9fenseurs du patrimoine<\/strong>, qui souhaitait en son temps que les cimeti\u00e8res, qui venaient d\u2019appara\u00eetre dans leur forme moderne, deviennent des mus\u00e9es d\u2019art et d\u2019histoire\u2009\u00bb.<\/p>\n<p class=\" wall-content\">Enfin, les tombeaux de la famille Constant-Dufeux et de la famille Schelfhaut ainsi que le c\u00e9notaphe de Charles Baudelaire figure dans la liste des Monuments historique en partie gr\u00e2ce \u00e0 <strong>l\u2019\u0153uvre artistique de leur s\u00e9pulture<\/strong>. Celle de l\u2019auteur des Fleurs du mal, est par exemple mise en avant pour \u00ab\u2009la qualit\u00e9 d\u2019\u0153uvre singuli\u00e8re du sculpteur\u2009\u00bb.<\/p>\n<p class=\" wall-content\">Dans le viseur de la Drac prochainement, <strong>les tombeaux con\u00e7us par Hector Guimard<\/strong> en \u00cele-de-France. <a href=\"https:\/\/actu.fr\/ile-de-france\/paris_75056\/bientot-un-musee-guimard-maitre-de-l-art-nouveau-a-paris-une-plongee-dans-une-villa-de-la-belle-epoque_62893269.html\" rel=\"nofollow noopener\" target=\"_blank\">L\u2019architecte et d\u00e9corateur phare de l\u2019Art nouveau<\/a>, \u00e0 qui l\u2019on doit de nombreux monuments dans Paris, notamment les fameuses entr\u00e9es du m\u00e9tro, est aussi le p\u00e8re d\u2019une dizaine de s\u00e9pultures sans doute bient\u00f4t mises sous protection.<\/p>\n<p class=\" wall-content\">Personnalisez votre actualit\u00e9 en ajoutant vos villes et m\u00e9dias en favori avec <a href=\"https:\/\/moncompte.actu.fr\" title=\"D\u00e9couvez Mon Actu\" rel=\"nofollow noopener\" data-trk=\"{&quot;cta&quot;:{&quot;action&quot;:&quot;https:\\\/\\\/moncompte.actu.fr&quot;,&quot;category&quot;:&quot;mon compte&quot;,&quot;from&quot;:&quot;article footer&quot;,&quot;name&quot;:&quot;Mon actu&quot;,&quot;type&quot;:&quot;cta&quot;}}\" target=\"_blank\">Mon Actu<\/a>.<\/p>\n","protected":false},"excerpt":{"rendered":"Par In\u00e8s Cussac Publi\u00e9 le 30 ao\u00fbt 2025 \u00e0 7h32 \u00c0 Paris, les all\u00e9es des cimeti\u00e8res convoquent la&hellip;\n","protected":false},"author":2,"featured_media":354079,"comment_status":"","ping_status":"","sticky":false,"template":"","format":"standard","meta":{"footnotes":""},"categories":[1888],"tags":[1111,1928,11,1927,49029,1777,674,1011,27,12,1926,626,1925,2551,25,104],"class_list":{"0":"post-354078","1":"post","2":"type-post","3":"status-publish","4":"format-standard","5":"has-post-thumbnail","7":"category-paris","8":"tag-actu","9":"tag-actu-paris","10":"tag-actualites","11":"tag-actualites-paris","12":"tag-cimetiere-du-montparnasse","13":"tag-eu","14":"tag-europe","15":"tag-fr","16":"tag-france","17":"tag-news","18":"tag-news-paris","19":"tag-paris","20":"tag-paris-news","21":"tag-patrimoine","22":"tag-republique-francaise","23":"tag-societe"},"share_on_mastodon":{"url":"https:\/\/pubeurope.com\/@fr\/115116622724531691","error":""},"_links":{"self":[{"href":"https:\/\/www.europesays.com\/fr\/wp-json\/wp\/v2\/posts\/354078","targetHints":{"allow":["GET"]}}],"collection":[{"href":"https:\/\/www.europesays.com\/fr\/wp-json\/wp\/v2\/posts"}],"about":[{"href":"https:\/\/www.europesays.com\/fr\/wp-json\/wp\/v2\/types\/post"}],"author":[{"embeddable":true,"href":"https:\/\/www.europesays.com\/fr\/wp-json\/wp\/v2\/users\/2"}],"replies":[{"embeddable":true,"href":"https:\/\/www.europesays.com\/fr\/wp-json\/wp\/v2\/comments?post=354078"}],"version-history":[{"count":0,"href":"https:\/\/www.europesays.com\/fr\/wp-json\/wp\/v2\/posts\/354078\/revisions"}],"wp:featuredmedia":[{"embeddable":true,"href":"https:\/\/www.europesays.com\/fr\/wp-json\/wp\/v2\/media\/354079"}],"wp:attachment":[{"href":"https:\/\/www.europesays.com\/fr\/wp-json\/wp\/v2\/media?parent=354078"}],"wp:term":[{"taxonomy":"category","embeddable":true,"href":"https:\/\/www.europesays.com\/fr\/wp-json\/wp\/v2\/categories?post=354078"},{"taxonomy":"post_tag","embeddable":true,"href":"https:\/\/www.europesays.com\/fr\/wp-json\/wp\/v2\/tags?post=354078"}],"curies":[{"name":"wp","href":"https:\/\/api.w.org\/{rel}","templated":true}]}}