{"id":354088,"date":"2025-08-30T07:54:14","date_gmt":"2025-08-30T07:54:14","guid":{"rendered":"https:\/\/www.europesays.com\/fr\/354088\/"},"modified":"2025-08-30T07:54:14","modified_gmt":"2025-08-30T07:54:14","slug":"lukraine-va-acheter-dequipements-americains-de-defense-aerienne-et-de-communications-par-satellite","status":"publish","type":"post","link":"https:\/\/www.europesays.com\/fr\/354088\/","title":{"rendered":"L&rsquo;Ukraine va acheter d&rsquo;\u00e9quipements am\u00e9ricains de d\u00e9fense a\u00e9rienne et de communications par satellite"},"content":{"rendered":"<p>Le D\u00e9partement d&rsquo;\u00c9tat am\u00e9ricain a approuv\u00e9 la vente de syst\u00e8mes de communications par satellite \u00e0 l&rsquo;Ukraine pour un montant de 150 millions de dollars.<\/p>\n<p style=\"text-align: justify;\">Comme le rapporte un correspondant d&rsquo;Ukrinform, cette annonce a \u00e9t\u00e9 faite par le Bureau de la coop\u00e9ration militaire du D\u00e9partement de la D\u00e9fense am\u00e9ricain.<\/p>\n<p style=\"text-align: justify;\">\u00ab\u00a0Le D\u00e9partement d&rsquo;\u00c9tat a d\u00e9cid\u00e9 d&rsquo;approuver une \u00e9ventuelle vente militaire \u00e9trang\u00e8re au gouvernement ukrainien de services de communications par satellite et d&rsquo;\u00e9quipements connexes pour un montant d&rsquo;environ 150 millions de dollars\u00a0\u00bb, indique un communiqu\u00e9 de presse largement diffus\u00e9.<\/p>\n<p style=\"text-align: justify;\">Il est \u00e0 noter que le principal entrepreneur dans le cadre de cet accord sera Starlink.<\/p>\n<p style=\"text-align: justify;\">Dans une autre d\u00e9cision, le D\u00e9partement d&rsquo;\u00c9tat a approuv\u00e9 la vente \u00e0 l&rsquo;Ukraine de \u00ab\u00a0soutien aux syst\u00e8mes de d\u00e9fense a\u00e9rienne Patriot et d&rsquo;\u00e9quipements connexes pour un montant d&rsquo;environ 179,1 millions de dollars\u00a0\u00bb.<\/p>\n<p style=\"text-align: justify;\">Conform\u00e9ment \u00e0 cette d\u00e9cision, l&rsquo;Ukraine recevra des pi\u00e8ces d\u00e9tach\u00e9es pour Patriot, divers logiciels, de la documentation, des \u00e9quipements de communication et de test, ainsi que d&rsquo;autres \u00e9l\u00e9ments n\u00e9cessaires au bon fonctionnement du Patriot.<\/p>\n<p style=\"text-align: justify;\">\u00a0\u00ab\u00a0Cette vente n\u00e9cessitera le d\u00e9placement d&rsquo;environ cinq responsables am\u00e9ricains et de quinze entrepreneurs au Commandement am\u00e9ricain en Europe pour dispenser des formations et tenir des r\u00e9unions p\u00e9riodiques\u00a0\u00bb, a pr\u00e9cis\u00e9 le D\u00e9partement.<\/p>\n<p style=\"text-align: justify;\">Pour rappel, le Bureau de la coop\u00e9ration militaire du D\u00e9partement de la D\u00e9fense am\u00e9ricain a plus t\u00f4t annonc\u00e9 l\u2019approbation de la vente de bombes a\u00e9riennes d\u2019une valeur de plus de 800 millions de dollars \u00e0 l\u2019Ukraine.<\/p>\n","protected":false},"excerpt":{"rendered":"Le D\u00e9partement d&rsquo;\u00c9tat am\u00e9ricain a approuv\u00e9 la vente de syst\u00e8mes de communications par satellite \u00e0 l&rsquo;Ukraine pour un&hellip;\n","protected":false},"author":2,"featured_media":354089,"comment_status":"","ping_status":"","sticky":false,"template":"","format":"standard","meta":{"footnotes":""},"categories":[1590],"tags":[11,1777,674,12,220],"class_list":{"0":"post-354088","1":"post","2":"type-post","3":"status-publish","4":"format-standard","5":"has-post-thumbnail","7":"category-ukraine","8":"tag-actualites","9":"tag-eu","10":"tag-europe","11":"tag-news","12":"tag-ukraine"},"share_on_mastodon":{"url":"https:\/\/pubeurope.com\/@fr\/115116642448091455","error":""},"_links":{"self":[{"href":"https:\/\/www.europesays.com\/fr\/wp-json\/wp\/v2\/posts\/354088","targetHints":{"allow":["GET"]}}],"collection":[{"href":"https:\/\/www.europesays.com\/fr\/wp-json\/wp\/v2\/posts"}],"about":[{"href":"https:\/\/www.europesays.com\/fr\/wp-json\/wp\/v2\/types\/post"}],"author":[{"embeddable":true,"href":"https:\/\/www.europesays.com\/fr\/wp-json\/wp\/v2\/users\/2"}],"replies":[{"embeddable":true,"href":"https:\/\/www.europesays.com\/fr\/wp-json\/wp\/v2\/comments?post=354088"}],"version-history":[{"count":0,"href":"https:\/\/www.europesays.com\/fr\/wp-json\/wp\/v2\/posts\/354088\/revisions"}],"wp:featuredmedia":[{"embeddable":true,"href":"https:\/\/www.europesays.com\/fr\/wp-json\/wp\/v2\/media\/354089"}],"wp:attachment":[{"href":"https:\/\/www.europesays.com\/fr\/wp-json\/wp\/v2\/media?parent=354088"}],"wp:term":[{"taxonomy":"category","embeddable":true,"href":"https:\/\/www.europesays.com\/fr\/wp-json\/wp\/v2\/categories?post=354088"},{"taxonomy":"post_tag","embeddable":true,"href":"https:\/\/www.europesays.com\/fr\/wp-json\/wp\/v2\/tags?post=354088"}],"curies":[{"name":"wp","href":"https:\/\/api.w.org\/{rel}","templated":true}]}}