{"id":354092,"date":"2025-08-30T07:56:11","date_gmt":"2025-08-30T07:56:11","guid":{"rendered":"https:\/\/www.europesays.com\/fr\/354092\/"},"modified":"2025-08-30T07:56:11","modified_gmt":"2025-08-30T07:56:11","slug":"les-intentions-douteuses-dune-campagne-daffichage-de-drapeaux-anglais-dite-patriotique","status":"publish","type":"post","link":"https:\/\/www.europesays.com\/fr\/354092\/","title":{"rendered":"les intentions douteuses d\u2019une campagne d\u2019affichage de drapeaux anglais dite \u00ab\u00a0patriotique\u00a0\u00bb"},"content":{"rendered":"<p>Croix rouge sur fond blanc. La croix de Saint-Georges, drapeau de l\u2019Angleterre, a essaim\u00e9 partout dans le pays depuis le d\u00e9but du mois d\u2019ao\u00fbt. Accroch\u00e9s \u00e0 des lampadaires, peints sur des ronds-points ou des passages pi\u00e9tons, post\u00e9s sur les r\u00e9seaux sociaux jusqu\u2019au compte X d\u2019<a href=\"https:\/\/www.la-croix.com\/economie\/intelligence-artificielle-elon-musk-accuse-apple-et-openai-de-pratiques-anticoncurrentielles-20250825\" data-tracking=\"inpage_click\" data-tracking-action=\"suivre un lien dans l&#039;article\" data-tracking-category=\"engagement\" rel=\"nofollow noopener\" target=\"_blank\">Elon Musk<\/a>, le drapeau anglais et l\u2019Union Jack britannique sont au c\u0153ur d\u2019une campagne baptis\u00e9e \u00ab\u00a0Raise the colours\u00a0\u00bb (en fran\u00e7ais, \u00ab\u00a0Levez les couleurs\u00a0\u00bb). Si ses promoteurs disent vouloir afficher leur patriotisme, d\u2019autres craignent qu\u2019elle soit plut\u00f4t un signe d\u2019intimidation en pleine p\u00e9riode de forte tension contre l\u2019immigration.<\/p>\n<p>Cet article est r\u00e9serv\u00e9 aux abonn\u00e9s<\/p>\n<p>\n                    Vous souhaitez lire la suite\u00a0? Abonnez-vous sans engagement \u00e0 notre offre num\u00e9rique\n                <\/p>\n<p>                <a href=\"https:\/\/www.la-croix.com\/abonnement\" class=\"default-paywall__subscribe-button\" data-tracking=\"cta_click\" data-tracking-action=\"voir la page abonnement\" data-tracking-category=\"abonnement\" rel=\"nofollow noopener\" target=\"_blank\">Je m&rsquo;abonne<\/a><\/p>\n","protected":false},"excerpt":{"rendered":"Croix rouge sur fond blanc. La croix de Saint-Georges, drapeau de l\u2019Angleterre, a essaim\u00e9 partout dans le pays&hellip;\n","protected":false},"author":2,"featured_media":354093,"comment_status":"","ping_status":"","sticky":false,"template":"","format":"standard","meta":{"footnotes":""},"categories":[1588],"tags":[11,1777,674,12,473,1853,1851,1850,1852],"class_list":{"0":"post-354092","1":"post","2":"type-post","3":"status-publish","4":"format-standard","5":"has-post-thumbnail","7":"category-royaume-uni","8":"tag-actualites","9":"tag-eu","10":"tag-europe","11":"tag-news","12":"tag-royaume-uni","13":"tag-royaume-uni-de-grande-bretagne-et-dirlande-du-nord","14":"tag-uk","15":"tag-united-kingdom","16":"tag-united-kingdom-of-great-britain-and-northern-ireland"},"share_on_mastodon":{"url":"https:\/\/pubeurope.com\/@fr\/115116650341548431","error":""},"_links":{"self":[{"href":"https:\/\/www.europesays.com\/fr\/wp-json\/wp\/v2\/posts\/354092","targetHints":{"allow":["GET"]}}],"collection":[{"href":"https:\/\/www.europesays.com\/fr\/wp-json\/wp\/v2\/posts"}],"about":[{"href":"https:\/\/www.europesays.com\/fr\/wp-json\/wp\/v2\/types\/post"}],"author":[{"embeddable":true,"href":"https:\/\/www.europesays.com\/fr\/wp-json\/wp\/v2\/users\/2"}],"replies":[{"embeddable":true,"href":"https:\/\/www.europesays.com\/fr\/wp-json\/wp\/v2\/comments?post=354092"}],"version-history":[{"count":0,"href":"https:\/\/www.europesays.com\/fr\/wp-json\/wp\/v2\/posts\/354092\/revisions"}],"wp:featuredmedia":[{"embeddable":true,"href":"https:\/\/www.europesays.com\/fr\/wp-json\/wp\/v2\/media\/354093"}],"wp:attachment":[{"href":"https:\/\/www.europesays.com\/fr\/wp-json\/wp\/v2\/media?parent=354092"}],"wp:term":[{"taxonomy":"category","embeddable":true,"href":"https:\/\/www.europesays.com\/fr\/wp-json\/wp\/v2\/categories?post=354092"},{"taxonomy":"post_tag","embeddable":true,"href":"https:\/\/www.europesays.com\/fr\/wp-json\/wp\/v2\/tags?post=354092"}],"curies":[{"name":"wp","href":"https:\/\/api.w.org\/{rel}","templated":true}]}}