{"id":354102,"date":"2025-08-30T08:01:10","date_gmt":"2025-08-30T08:01:10","guid":{"rendered":"https:\/\/www.europesays.com\/fr\/354102\/"},"modified":"2025-08-30T08:01:10","modified_gmt":"2025-08-30T08:01:10","slug":"larbitre-nous-traite-comme-des-chiens-kenny-lala-fustige-larbitre-apres-la-defaite-du-stade-brestois-a-lens","status":"publish","type":"post","link":"https:\/\/www.europesays.com\/fr\/354102\/","title":{"rendered":"\u00ab\u00a0L\u2019arbitre nous traite comme des chiens\u00a0\u00bb\u00a0: Kenny Lala fustige l\u2019arbitre apr\u00e8s la d\u00e9faite du Stade Brestois \u00e0 Lens"},"content":{"rendered":"<p>Ligue 1 (3e journ\u00e9e). RC Lens &#8211; Stade Brestois (3-1). <\/p>\n<p>Kenny Lala ne m\u00e2che pas ses mots. Interrog\u00e9 par le diffuseur apr\u00e8s la d\u00e9faite de Brest \u00e0 Lens (3-1), le lat\u00e9ral brestois n\u2019a pas cach\u00e9 sa frustration face \u00e0 l\u2019arbitrage. \u00ab Il y a une incompr\u00e9hension, on fait des r\u00e9unions sur les r\u00e8gles des derniers joueurs, on est trois dans le but et il maintient la d\u00e9cision. Il y a faute mais il ne donne pas d\u2019explications \u00bb, expliquait Lala, en r\u00e9f\u00e9rence au carton rouge pour Majecki, entra\u00eenant le penalty de l\u2019\u00e9galisation lensoise (60\u2019).<\/p>\n<p>\u00ab On ne pourra jamais les changer \u00bb<\/p>\n<p>Tr\u00e8s remont\u00e9, l\u2019ancien lensois allait plus loin : \u00ab Avec tout le respect pour l\u2019arbitre, il nous traite comme des chiens. On a l\u2019impression de jouer \u00e0 12 contre 11. Dans la mani\u00e8re dont il nous parle, dont il nous regarde, les gestes qu\u2019ils nous font. Je ne comprends pas et je n\u2019accepterai jamais qu\u2019on prenne moi-m\u00eame et mes co\u00e9quipiers pour des chiens. C\u2019est l\u2019impression que j\u2019ai. C\u2019est difficile \u00e0 accepter, on ne pourra jamais les changer (les arbitres), c\u2019est \u00e0 nous de changer les choses. \u00bb<\/p>\n<p>Dans la confusion, \u00c9ric Roy a aussi \u00e9t\u00e9 exclu apr\u00e8s le match, alors que Kenny Lala soutenait que Magnetti \u00ab est parti lui parler, il a pris deuxi\u00e8me jaune et rouge \u00bb.<\/p>\n","protected":false},"excerpt":{"rendered":"Ligue 1 (3e journ\u00e9e). RC Lens &#8211; Stade Brestois (3-1). Kenny Lala ne m\u00e2che pas ses mots. Interrog\u00e9&hellip;\n","protected":false},"author":2,"featured_media":354103,"comment_status":"","ping_status":"","sticky":false,"template":"","format":"standard","meta":{"footnotes":""},"categories":[2],"tags":[11,3450,3166,63,1011,27,66,12,25,60,4449],"class_list":{"0":"post-354102","1":"post","2":"type-post","3":"status-publish","4":"format-standard","5":"has-post-thumbnail","7":"category-actualites","8":"tag-actualites","9":"tag-brest","10":"tag-en-continu-sports","11":"tag-football","12":"tag-fr","13":"tag-france","14":"tag-ligue-1","15":"tag-news","16":"tag-republique-francaise","17":"tag-sports","18":"tag-stade-brestois"},"share_on_mastodon":{"url":"https:\/\/pubeurope.com\/@fr\/115116669998280284","error":""},"_links":{"self":[{"href":"https:\/\/www.europesays.com\/fr\/wp-json\/wp\/v2\/posts\/354102","targetHints":{"allow":["GET"]}}],"collection":[{"href":"https:\/\/www.europesays.com\/fr\/wp-json\/wp\/v2\/posts"}],"about":[{"href":"https:\/\/www.europesays.com\/fr\/wp-json\/wp\/v2\/types\/post"}],"author":[{"embeddable":true,"href":"https:\/\/www.europesays.com\/fr\/wp-json\/wp\/v2\/users\/2"}],"replies":[{"embeddable":true,"href":"https:\/\/www.europesays.com\/fr\/wp-json\/wp\/v2\/comments?post=354102"}],"version-history":[{"count":0,"href":"https:\/\/www.europesays.com\/fr\/wp-json\/wp\/v2\/posts\/354102\/revisions"}],"wp:featuredmedia":[{"embeddable":true,"href":"https:\/\/www.europesays.com\/fr\/wp-json\/wp\/v2\/media\/354103"}],"wp:attachment":[{"href":"https:\/\/www.europesays.com\/fr\/wp-json\/wp\/v2\/media?parent=354102"}],"wp:term":[{"taxonomy":"category","embeddable":true,"href":"https:\/\/www.europesays.com\/fr\/wp-json\/wp\/v2\/categories?post=354102"},{"taxonomy":"post_tag","embeddable":true,"href":"https:\/\/www.europesays.com\/fr\/wp-json\/wp\/v2\/tags?post=354102"}],"curies":[{"name":"wp","href":"https:\/\/api.w.org\/{rel}","templated":true}]}}