{"id":354104,"date":"2025-08-30T08:02:10","date_gmt":"2025-08-30T08:02:10","guid":{"rendered":"https:\/\/www.europesays.com\/fr\/354104\/"},"modified":"2025-08-30T08:02:10","modified_gmt":"2025-08-30T08:02:10","slug":"la-france-reagit-au-refus-de-washington-daccorder-des-visas-aux-palestiniens","status":"publish","type":"post","link":"https:\/\/www.europesays.com\/fr\/354104\/","title":{"rendered":"la France r\u00e9agit au refus de Washington d&rsquo;accorder des visas aux Palestiniens"},"content":{"rendered":"<p>Le chef de la diplomatie fran\u00e7aise Jean-No\u00ebl Barrot a d\u00e9nonc\u00e9 ce samedi le refus par les \u00c9tats-Unis de l&rsquo;octroi de visas \u00e0 des responsables palestiniens pour venir \u00e0 New York. Washington avait annonc\u00e9 cette d\u00e9cision vendredi soir, \u00e0 quelques semaines de la prochaine assembl\u00e9e g\u00e9n\u00e9rale des Nations Unies pr\u00e9vue en septembre, o\u00f9 la France plaidera pour <a href=\"https:\/\/www.ledauphine.com\/defense-guerre-conflit\/2025\/07\/24\/emmanuel-macron-annonce-que-la-france-va-reconnaitre-l-etat-de-palestine-en-septembre\" target=\"_blank\" rel=\"noopener\">la reconnaissance d&rsquo;un \u00c9tat palestinien<\/a>.<\/p>\n<p>\u00ab\u00a0Le si\u00e8ge des Nations Unies est un lieu de neutralit\u00e9. C&rsquo;est un sanctuaire, au service de la paix. Une Assembl\u00e9e g\u00e9n\u00e9rale des Nations Unies ne saurait souffrir d&rsquo;aucune restriction d&rsquo;acc\u00e8s\u00a0\u00bb, a d\u00e9clar\u00e9 Jean-No\u00ebl Barrot \u00e0 Copenhague, peu avant une r\u00e9union des ministres des Affaires \u00e9trang\u00e8res de l&rsquo;UE.<\/p>\n<p>  Une d\u00e9cision jug\u00e9e contraire au droit international<\/p>\n<p>Le d\u00e9partement d&rsquo;Etat avait indiqu\u00e9 <a href=\"https:\/\/www.ledauphine.com\/defense-guerre-conflit\/2025\/08\/29\/les-etats-unis-refusent-l-octroi-de-visas-a-des-responsables-palestiniens-avant-le-sommet-de-l-onu\" target=\"_blank\" rel=\"noopener\">\u00ab r\u00e9voquer et refuser \u00bb l&rsquo;octroi de visas<\/a> \u00ab\u00a0pour les membres de l&rsquo;Organisation de lib\u00e9ration de la Palestine et de l&rsquo;Autorit\u00e9 palestinienne\u00a0\u00bb, \u00e0 l&rsquo;approche de cette r\u00e9union internationale. L&rsquo;administration Trump les consid\u00e8re \u00ab\u00a0responsables de ne pas respecter leurs engagements et de compromettre les perspectives de paix\u00a0\u00bb<\/p>\n<p>Le d\u00e9partement d&rsquo;Etat accusent notamment les Palestiniens de se servir de la justice \u00e0 des fins ill\u00e9gitimes en se tournant vers la Cour p\u00e9nale internationale (CPI) et la Cour internationale de justice (CIJ) pour r\u00e9soudre leurs contentieux avec Isra\u00ebl.<\/p>\n<p>La d\u00e9cision de Washinghton a \u00e9t\u00e9 salu\u00e9e par Tel-Aviv, tandis que l&rsquo;Autorit\u00e9 palestinienne l&rsquo;a jug\u00e9e \u00ab\u00a0en contradiction avec le droit international\u00a0\u00bb, et a appel\u00e9 Washington \u00e0 \u00ab\u00a0revenir\u00a0\u00bb dessus. Les \u00c9tats-Unis ne sont pas cens\u00e9s refuser des visas aux fonctionnaires se rendant \u00e0 l\u2019ONU, dont le si\u00e8ge est \u00e0 New York, en vertu d&rsquo;un accord que le d\u00e9partement d&rsquo;\u00c9tat assure respecter en autorisant la mission palestinienne aupr\u00e8s des Nations unies.<\/p>\n<p>L&rsquo;assembl\u00e9e d\u00e9plac\u00e9e \u00e0 Gen\u00eave\u00a0?<\/p>\n<p>Le porte-parole de l\u2019ONU, St\u00e9phane Dujarric, a d\u00e9clar\u00e9 de son c\u00f4t\u00e9 qu\u2019il \u00e9tait \u00ab\u00a0important\u00a0\u00bb que tous les \u00c9tats et les observateurs permanents, y compris les Palestiniens, soient repr\u00e9sent\u00e9s lors d\u2019un sommet pr\u00e9vu la veille du d\u00e9but de l\u2019Assembl\u00e9e g\u00e9n\u00e9rale. \u00ab\u00a0Nous esp\u00e9rons \u00e9videmment que cela sera r\u00e9solu\u00a0\u00bb.<\/p>\n<p>Hormis la France, la d\u00e9cision am\u00e9ricaine a \u00e9galement \u00e9t\u00e9 d\u00e9nonc\u00e9e par Xavier Bettel, ministre luxembourgeois des Affaires \u00e9trang\u00e8res. \u00ab\u00a0On ne peut pas nous prendre en otage\u00a0\u00bb, a-t-il lanc\u00e9, sugg\u00e9rant d&rsquo;organiser \u00e0 Gen\u00e8ve une session sp\u00e9ciale de l&rsquo;AG de l&rsquo;ONU pour s&rsquo;assurer de la pr\u00e9sence des Palestiniens. \u00ab\u00a0On doit pouvoir discuter ensemble, on ne peut pas tout simplement dire qu&rsquo;on exclut la Palestine du dialogue\u00a0\u00bb, a affirm\u00e9 Xavier Bettel \u00e0 Copenhague.<\/p>\n","protected":false},"excerpt":{"rendered":"Le chef de la diplomatie fran\u00e7aise Jean-No\u00ebl Barrot a d\u00e9nonc\u00e9 ce samedi le refus par les \u00c9tats-Unis de&hellip;\n","protected":false},"author":2,"featured_media":354105,"comment_status":"","ping_status":"","sticky":false,"template":"","format":"standard","meta":{"footnotes":""},"categories":[4],"tags":[11,3206,107,1011,27,329,12,25],"class_list":{"0":"post-354104","1":"post","2":"type-post","3":"status-publish","4":"format-standard","5":"has-post-thumbnail","7":"category-france","8":"tag-actualites","9":"tag-defense-guerre-conflit","10":"tag-fil-info","11":"tag-fr","12":"tag-france","13":"tag-france-monde","14":"tag-news","15":"tag-republique-francaise"},"share_on_mastodon":{"url":"https:\/\/pubeurope.com\/@fr\/115116673761087816","error":""},"_links":{"self":[{"href":"https:\/\/www.europesays.com\/fr\/wp-json\/wp\/v2\/posts\/354104","targetHints":{"allow":["GET"]}}],"collection":[{"href":"https:\/\/www.europesays.com\/fr\/wp-json\/wp\/v2\/posts"}],"about":[{"href":"https:\/\/www.europesays.com\/fr\/wp-json\/wp\/v2\/types\/post"}],"author":[{"embeddable":true,"href":"https:\/\/www.europesays.com\/fr\/wp-json\/wp\/v2\/users\/2"}],"replies":[{"embeddable":true,"href":"https:\/\/www.europesays.com\/fr\/wp-json\/wp\/v2\/comments?post=354104"}],"version-history":[{"count":0,"href":"https:\/\/www.europesays.com\/fr\/wp-json\/wp\/v2\/posts\/354104\/revisions"}],"wp:featuredmedia":[{"embeddable":true,"href":"https:\/\/www.europesays.com\/fr\/wp-json\/wp\/v2\/media\/354105"}],"wp:attachment":[{"href":"https:\/\/www.europesays.com\/fr\/wp-json\/wp\/v2\/media?parent=354104"}],"wp:term":[{"taxonomy":"category","embeddable":true,"href":"https:\/\/www.europesays.com\/fr\/wp-json\/wp\/v2\/categories?post=354104"},{"taxonomy":"post_tag","embeddable":true,"href":"https:\/\/www.europesays.com\/fr\/wp-json\/wp\/v2\/tags?post=354104"}],"curies":[{"name":"wp","href":"https:\/\/api.w.org\/{rel}","templated":true}]}}