{"id":354106,"date":"2025-08-30T08:05:11","date_gmt":"2025-08-30T08:05:11","guid":{"rendered":"https:\/\/www.europesays.com\/fr\/354106\/"},"modified":"2025-08-30T08:05:11","modified_gmt":"2025-08-30T08:05:11","slug":"nationale-us-bressane-du-renfort-en-ligne-de-mire","status":"publish","type":"post","link":"https:\/\/www.europesays.com\/fr\/354106\/","title":{"rendered":"Nationale. US Bressane : du renfort en ligne de mire"},"content":{"rendered":"<p>Le verdict est tomb\u00e9 pour le pilier droit Lasha Mchedlidze\u00a0! Sorti sur une blessure au genou \u00e0 Chamb\u00e9ry, le G\u00e9orgien souffre d\u2019une rupture des ligaments crois\u00e9s qui n\u00e9cessite une intervention chirurgicale. Il sera absent plusieurs semaines. \u00ab\u00a0Nous avons un besoin r\u00e9el, il y aura un renfort au poste de pilier\u00a0\u00bb confirme le manager de l\u2019USBPA Richard Savey. \u00c0 voir s\u2019il s\u2019agira d\u2019un gaucher ou d\u2019un droitier, ce qui\u00a0d\u00e9pend de plusieurs param\u00e8tres. Dont notamment l\u2019enveloppe budg\u00e9taire allou\u00e9e \u00e0 ce renfort\u2026<\/p>\n","protected":false},"excerpt":{"rendered":"Le verdict est tomb\u00e9 pour le pilier droit Lasha Mchedlidze\u00a0! Sorti sur une blessure au genou \u00e0 Chamb\u00e9ry,&hellip;\n","protected":false},"author":2,"featured_media":354107,"comment_status":"","ping_status":"","sticky":false,"template":"","format":"standard","meta":{"footnotes":""},"categories":[1416],"tags":[6749,6750,6751,1011,27,479,1468,517,60,6748],"class_list":{"0":"post-354106","1":"post","2":"type-post","3":"status-publish","4":"format-standard","5":"has-post-thumbnail","7":"category-rugby","8":"tag-bourg-en-bresse","9":"tag-bourg-en-bresse-ville","10":"tag-edition-ain-ouest","11":"tag-fr","12":"tag-france","13":"tag-rugby","14":"tag-rugby-football","15":"tag-sport","16":"tag-sports","17":"tag-us-bressane-union-sportive-bressane-pays-de-lain"},"share_on_mastodon":{"url":"https:\/\/pubeurope.com\/@fr\/115116685586986115","error":""},"_links":{"self":[{"href":"https:\/\/www.europesays.com\/fr\/wp-json\/wp\/v2\/posts\/354106","targetHints":{"allow":["GET"]}}],"collection":[{"href":"https:\/\/www.europesays.com\/fr\/wp-json\/wp\/v2\/posts"}],"about":[{"href":"https:\/\/www.europesays.com\/fr\/wp-json\/wp\/v2\/types\/post"}],"author":[{"embeddable":true,"href":"https:\/\/www.europesays.com\/fr\/wp-json\/wp\/v2\/users\/2"}],"replies":[{"embeddable":true,"href":"https:\/\/www.europesays.com\/fr\/wp-json\/wp\/v2\/comments?post=354106"}],"version-history":[{"count":0,"href":"https:\/\/www.europesays.com\/fr\/wp-json\/wp\/v2\/posts\/354106\/revisions"}],"wp:featuredmedia":[{"embeddable":true,"href":"https:\/\/www.europesays.com\/fr\/wp-json\/wp\/v2\/media\/354107"}],"wp:attachment":[{"href":"https:\/\/www.europesays.com\/fr\/wp-json\/wp\/v2\/media?parent=354106"}],"wp:term":[{"taxonomy":"category","embeddable":true,"href":"https:\/\/www.europesays.com\/fr\/wp-json\/wp\/v2\/categories?post=354106"},{"taxonomy":"post_tag","embeddable":true,"href":"https:\/\/www.europesays.com\/fr\/wp-json\/wp\/v2\/tags?post=354106"}],"curies":[{"name":"wp","href":"https:\/\/api.w.org\/{rel}","templated":true}]}}