{"id":354108,"date":"2025-08-30T08:06:10","date_gmt":"2025-08-30T08:06:10","guid":{"rendered":"https:\/\/www.europesays.com\/fr\/354108\/"},"modified":"2025-08-30T08:06:10","modified_gmt":"2025-08-30T08:06:10","slug":"laventure-du-qualifie-ugo-blanchet-sarrete-au-troisieme-tour","status":"publish","type":"post","link":"https:\/\/www.europesays.com\/fr\/354108\/","title":{"rendered":"l&rsquo;aventure du qualifi\u00e9 Ugo Blanchet s&rsquo;arr\u00eate au troisi\u00e8me tour"},"content":{"rendered":"<p>Seul rescap\u00e9 fran\u00e7ais des qualifications, le 184e mondial Ugo Blanchet a vu son aventure new-yorkaise s\u2019arr\u00eater vendredi aux portes des huiti\u00e8mes de finale.<\/p>\n<p class=\"fig-paragraph\">Le joueur entra\u00een\u00e9 par St\u00e9phane Robert s&rsquo;est inclin\u00e9 7-5, 6-3, 6-1 contre le Tch\u00e8que Tomas Machac (22e). A 26 ans, Blanchet disputait le deuxi\u00e8me tableau final de sa carri\u00e8re en Grand Chelem.<\/p>\n<p class=\"fig-paragraph\">Battu d\u00e8s le premier tour de Roland-Garros fin mai, il avait d\u00e9croch\u00e9 au premier tour de l&rsquo;US Open sa premi\u00e8re victoire dans le grand tableau d&rsquo;un des quatre tournois phares du tennis mondial. Le droitier \u00e0 la casquette \u00e0 l&rsquo;envers avait ensuite surpris le 16e mondial Jakub Mensik au deuxi\u00e8me tour.<\/p>\n<p>                                    <a class=\"fig-a11y-skip a11y-hidden\" href=\"#fig-a11y-skip-main-inarticle\"><br \/>\n        Passer la publicit\u00e9<br \/>\n    <\/a><\/p>\n<p class=\"fig-paragraph\">Avant ses deux victoires \u00e0 New York, il n&rsquo;avait remport\u00e9 qu&rsquo;un seul match dans le tableau final d&rsquo;un tournoi du circuit principal, \u00e0 l&rsquo;ATP 500 de Hambourg en 2024. Apr\u00e8s l&rsquo;\u00e9limination de Blanchet, deux Fran\u00e7ais restent en lice dans le tableau masculin du dernier Grand Chelem de la saison.<\/p>\n<p class=\"fig-paragraph\"><a href=\"http:\/\/www.lefigaro.fr\/sports\/tennis\/us-open\/us-open-plus-fort-que-bonzi-rinderknech-remporte-le-duel-100-tricolore-et-defiera-alcaraz-20250829\" data-fig-type=\"NewsFlash\" data-gtm-custom-categorie=\"navigation\" data-gtm-custom-action=\"crossclick\" data-gtm-custom-label=\"Contextuel\" data-gtm-event=\"customEventSPE\" data-fig-domain=\"LEFIGARO\" rel=\"nofollow noopener\" target=\"_blank\">Arthur Rinderknech<\/a>\u00a0(82e) d\u00e9fiera dimanche en huiti\u00e8mes de finale le num\u00e9ro 2 mondial Carlos Alcaraz, tandis qu&rsquo;<a href=\"http:\/\/www.lefigaro.fr\/sports\/tennis\/us-open\/us-open-mannarino-se-hisse-en-huitieme-de-finale-apres-l-abandon-de-shelton-blesse-a-l-epaule-20250829\" data-fig-type=\"NewsFlash\" data-gtm-custom-categorie=\"navigation\" data-gtm-custom-action=\"crossclick\" data-gtm-custom-label=\"Contextuel\" data-gtm-event=\"customEventSPE\" data-fig-domain=\"LEFIGARO\" rel=\"nofollow noopener\" target=\"_blank\">Adrian Mannarino<\/a>\u00a0jouera contre le Tch\u00e8que Jiri Lehecka (21e).<\/p>\n","protected":false},"excerpt":{"rendered":"Seul rescap\u00e9 fran\u00e7ais des qualifications, le 184e mondial Ugo Blanchet a vu son aventure new-yorkaise s\u2019arr\u00eater vendredi aux&hellip;\n","protected":false},"author":2,"featured_media":354109,"comment_status":"","ping_status":"","sticky":false,"template":"","format":"standard","meta":{"footnotes":""},"categories":[1415],"tags":[1011,27,60,1467,4172],"class_list":{"0":"post-354108","1":"post","2":"type-post","3":"status-publish","4":"format-standard","5":"has-post-thumbnail","7":"category-tennis","8":"tag-fr","9":"tag-france","10":"tag-sports","11":"tag-tennis","12":"tag-us-open"},"share_on_mastodon":{"url":"https:\/\/pubeurope.com\/@fr\/115116689469530475","error":""},"_links":{"self":[{"href":"https:\/\/www.europesays.com\/fr\/wp-json\/wp\/v2\/posts\/354108","targetHints":{"allow":["GET"]}}],"collection":[{"href":"https:\/\/www.europesays.com\/fr\/wp-json\/wp\/v2\/posts"}],"about":[{"href":"https:\/\/www.europesays.com\/fr\/wp-json\/wp\/v2\/types\/post"}],"author":[{"embeddable":true,"href":"https:\/\/www.europesays.com\/fr\/wp-json\/wp\/v2\/users\/2"}],"replies":[{"embeddable":true,"href":"https:\/\/www.europesays.com\/fr\/wp-json\/wp\/v2\/comments?post=354108"}],"version-history":[{"count":0,"href":"https:\/\/www.europesays.com\/fr\/wp-json\/wp\/v2\/posts\/354108\/revisions"}],"wp:featuredmedia":[{"embeddable":true,"href":"https:\/\/www.europesays.com\/fr\/wp-json\/wp\/v2\/media\/354109"}],"wp:attachment":[{"href":"https:\/\/www.europesays.com\/fr\/wp-json\/wp\/v2\/media?parent=354108"}],"wp:term":[{"taxonomy":"category","embeddable":true,"href":"https:\/\/www.europesays.com\/fr\/wp-json\/wp\/v2\/categories?post=354108"},{"taxonomy":"post_tag","embeddable":true,"href":"https:\/\/www.europesays.com\/fr\/wp-json\/wp\/v2\/tags?post=354108"}],"curies":[{"name":"wp","href":"https:\/\/api.w.org\/{rel}","templated":true}]}}