{"id":354110,"date":"2025-08-30T08:08:09","date_gmt":"2025-08-30T08:08:09","guid":{"rendered":"https:\/\/www.europesays.com\/fr\/354110\/"},"modified":"2025-08-30T08:08:09","modified_gmt":"2025-08-30T08:08:09","slug":"motogp-zarco-envoye-par-certains-en-superbike-restera-chez-lcr-ou-hrc-avec-moreira","status":"publish","type":"post","link":"https:\/\/www.europesays.com\/fr\/354110\/","title":{"rendered":"MotoGP Zarco, envoy\u00e9 par certains en Superbike, restera chez LCR ou HRC, avec Moreira !?"},"content":{"rendered":"<p>Tandis que des rumeurs peu cr\u00e9dibles de retraite en Superbike, sous l\u2019hypoth\u00e9tique houlette d\u2019Honda, sont actuellement relay\u00e9es, Johann Zarco restera bien en MotoGP la saison prochaine. Le tricolore l\u2019avait d\u00e9j\u00e0 d\u00e9clar\u00e9, plus t\u00f4t cette ann\u00e9e, ce sera, en 2026, chez LCR ou HRC. Visiblement, avec la reconduction de Luca Marini, non annonc\u00e9e mais qui serait effective selon Motorsport, il restera donc en place dans le Team de Lucio Cecchinello. Il serait d\u2019ailleurs aberrant de s\u2019en aller maintenant, pour JZ5. A moins d\u2019y \u00eatre forc\u00e9 par Honda, auquel cas, certaines \u00e9quipes (de MotoGP) se mettraient probablement sur les rangs pour le recruter\u2026<\/p>\n<p>MotoGP : Honda sur le point de changer radicalement de politique ?<\/p>\n<p>Reste \u00e0 d\u00e9finir, qui serait son co\u00e9quipier chez LCR ? Telle est la question. Mais il semble \u00e9vident que Somkiat Chantra ne sera pas conserv\u00e9 \u00e0 l\u2019issue du championnat 2026. Aussi, le pilote privil\u00e9gi\u00e9 pour le remplacer pourrait \u00eatre le jeune Diogo Moreira. Un pilote prometteur, d\u2019avenir, qui gagnerait \u00e0 apprendre les ficelles du m\u00e9tier avec un pilote du calibre de Johann Zarco. A la fois tr\u00e8s exp\u00e9riment\u00e9 et tr\u00e8s fin dans son pilotage et dans ses analyses.<\/p>\n<blockquote class=\"twitter-tweet\">\n<p dir=\"ltr\" lang=\"qme\"><a href=\"https:\/\/twitter.com\/hashtag\/NewProfilePic?src=hash&amp;ref_src=twsrc%5Etfw\" target=\"_blank\" rel=\"noopener\">#NewProfilePic<\/a> <a href=\"https:\/\/t.co\/E050YotPXU\">pic.twitter.com\/E050YotPXU<\/a><\/p>\n<p>\u2014 Somkiat chantra (@somkiat35) <a href=\"https:\/\/twitter.com\/somkiat35\/status\/1897639295592350204?ref_src=twsrc%5Etfw\" target=\"_blank\" rel=\"noopener\">March 6, 2025<\/a><\/p>\n<\/blockquote>\n<p>Selon certains m\u00e9dias, le pilote de 21 ans, qui oeuvre actuellement en Moto2, aurait re\u00e7u une offre ferme de la part d\u2019Honda. Chose qui, si elle \u00e9tait av\u00e9r\u00e9e, signifierait un changement radical de politique du constructeur japonais. Car, jusqu\u2019ici, il r\u00e9servait le deuxi\u00e8me guidon de l\u2019\u00e9curie satellite \u00e0 un pilote asiatique. Une nouvelle strat\u00e9gie, davantage ax\u00e9e sur le m\u00e9rite et la performance, serait donc en passe de prendre le dessus. Potentiellement\u2026<\/p>\n<p>Article publi\u00e9 le 30\/08\/2025 \u00e0 5h45<\/p>\n<p>                                                            <script async src=\"https:\/\/platform.twitter.com\/widgets.js\" charset=\"utf-8\"><\/script><\/p>\n","protected":false},"excerpt":{"rendered":"Tandis que des rumeurs peu cr\u00e9dibles de retraite en Superbike, sous l\u2019hypoth\u00e9tique houlette d\u2019Honda, sont actuellement relay\u00e9es, Johann&hellip;\n","protected":false},"author":2,"featured_media":354111,"comment_status":"","ping_status":"","sticky":false,"template":"","format":"standard","meta":{"footnotes":""},"categories":[1413],"tags":[1011,27,1741,1457,1456,1458,60,49033],"class_list":{"0":"post-354110","1":"post","2":"type-post","3":"status-publish","4":"format-standard","5":"has-post-thumbnail","7":"category-moto","8":"tag-fr","9":"tag-france","10":"tag-johann-zarco","11":"tag-moto","12":"tag-motocycle","13":"tag-motogp","14":"tag-sports","15":"tag-superbike"},"share_on_mastodon":{"url":"https:\/\/pubeurope.com\/@fr\/115116697521420707","error":""},"_links":{"self":[{"href":"https:\/\/www.europesays.com\/fr\/wp-json\/wp\/v2\/posts\/354110","targetHints":{"allow":["GET"]}}],"collection":[{"href":"https:\/\/www.europesays.com\/fr\/wp-json\/wp\/v2\/posts"}],"about":[{"href":"https:\/\/www.europesays.com\/fr\/wp-json\/wp\/v2\/types\/post"}],"author":[{"embeddable":true,"href":"https:\/\/www.europesays.com\/fr\/wp-json\/wp\/v2\/users\/2"}],"replies":[{"embeddable":true,"href":"https:\/\/www.europesays.com\/fr\/wp-json\/wp\/v2\/comments?post=354110"}],"version-history":[{"count":0,"href":"https:\/\/www.europesays.com\/fr\/wp-json\/wp\/v2\/posts\/354110\/revisions"}],"wp:featuredmedia":[{"embeddable":true,"href":"https:\/\/www.europesays.com\/fr\/wp-json\/wp\/v2\/media\/354111"}],"wp:attachment":[{"href":"https:\/\/www.europesays.com\/fr\/wp-json\/wp\/v2\/media?parent=354110"}],"wp:term":[{"taxonomy":"category","embeddable":true,"href":"https:\/\/www.europesays.com\/fr\/wp-json\/wp\/v2\/categories?post=354110"},{"taxonomy":"post_tag","embeddable":true,"href":"https:\/\/www.europesays.com\/fr\/wp-json\/wp\/v2\/tags?post=354110"}],"curies":[{"name":"wp","href":"https:\/\/api.w.org\/{rel}","templated":true}]}}