{"id":354114,"date":"2025-08-30T08:10:20","date_gmt":"2025-08-30T08:10:20","guid":{"rendered":"https:\/\/www.europesays.com\/fr\/354114\/"},"modified":"2025-08-30T08:10:20","modified_gmt":"2025-08-30T08:10:20","slug":"revanchard-ayuso-rafle-la-7e-etape-en-solitaire-le-norvegien-traen-reste-en-rouge","status":"publish","type":"post","link":"https:\/\/www.europesays.com\/fr\/354114\/","title":{"rendered":"revanchard, Ayuso rafle la 7e \u00e9tape en solitaire, le Norv\u00e9gien Traen reste en rouge"},"content":{"rendered":"<p>L\u2019Espagnol d\u2019UAE Team Emirates s\u2019est impos\u00e9, ce vendredi \u00e0 Cerler, avec plus d\u2019une minute d\u2019avance sur ses compagnons d\u2019\u00e9chapp\u00e9e.<\/p>\n<p class=\"fig-paragraph\">L\u2019Espagnol Juan Ayuso, \u00e0 la d\u00e9rive jeudi, a pris une flamboyante revanche 24 heures plus tard en remportant en solitaire la septi\u00e8me \u00e9tape du Tour d\u2019Espagne au sommet de la station de ski de Cerler. Le coureur de la formation UAE, cit\u00e9 parmi les favoris de cette \u00e9dition de la Vuelta avant sa d\u00e9faillance, s\u2019est impos\u00e9 avec plus d\u2019une minute d\u2019avance sur l\u2019Italien Marco Frigo (Israel-Premier Tech) et l\u2019Espagnol Raul Garc\u00eda (Arkea-B&amp;B H\u00f4tels).<\/p>\n<p class=\"fig-paragraph\">Au terme de cette \u00e9tape de 188 km avec une arriv\u00e9e dans les nuages o\u00f9 les favoris se sont neutralis\u00e9s, le Norv\u00e9gien Torstein Traeen (Bahrein Victorious) a conserv\u00e9 la t\u00eate du classement g\u00e9n\u00e9ral, devan<a href=\"http:\/\/www.lefigaro.fr\/sports\/cyclisme\/tour-d-espagne-vine-s-adjuge-la-6e-etape-vingegaard-laisse-son-maillot-rouge-a-un-echappe-20250828\" target=\"_blank\" data-fig-type=\"NewsFlash\" rel=\"noopener nofollow\" data-gtm-custom-categorie=\"navigation\" data-gtm-custom-action=\"crossclick\" data-gtm-custom-label=\"Contextuel\" data-gtm-event=\"customEventSPE\" data-fig-domain=\"LEFIGARO\">t le Danois Jonas Vingegaard<\/a>, grand favori de l\u2019\u00e9preuve. Ayuso, lui, a savour\u00e9. Doigts sur les oreilles comme pour se moquer des critiques l\u2019ayant assailli la veille, il a pass\u00e9 la ligne en mode triomphe.<\/p>\n<p>                                    <a class=\"fig-a11y-skip a11y-hidden\" href=\"#fig-a11y-skip-main-inarticle\"><br \/>\n        Passer la publicit\u00e9<br \/>\n    <\/a><\/p>\n<p class=\"fig-paragraph\">Jeudi, le co-leader de la formation UAE avec le Portugais Jo\u00e3o Almeida avait conc\u00e9d\u00e9 plus de sept minutes aux pr\u00e9tendants \u00e0 la victoire finale. Une grosse contre-performance pour celui qui \u00e9tait annonc\u00e9 comme l\u2019un des principaux rivaux de Vingegaard dans la qu\u00eate finale du maillot rouge. \u00abJ\u2019ai connu un jour +sans+ jeudi. Cela peut arriver m\u00eame si c\u2019est effectivement catastrophique pour le g\u00e9n\u00e9ral\u00bb, a-t-il expliqu\u00e9 \u00e0 l\u2019arriv\u00e9e vendredi.<\/p>\n<p>\u00abJe voulais montrer qui je suis\u00bb<\/p>\n<p class=\"fig-paragraph\">Mais le Catalan est orgueilleux, ce qui lui est parfois reproch\u00e9 au sein m\u00eame de son \u00e9quipe. \u00abAujourd\u2019hui (vendredi), je n\u2019ai pens\u00e9 qu\u2019\u00e0 moi. Je voulais montrer qui je suis\u00bb, a-t-il dit. \u00c0 22 ans, il a fait parler la poudre. Il a d\u2019abord fait partie d\u2019un groupe de douze coureurs qui s\u2019\u00e9tait \u00e9chapp\u00e9 dans le Port del Cant\u00f3 en d\u00e9but d\u2019\u00e9tape. Dans cette escapade, on retrouvait \u00e9galement le vainqueur de jeudi Jay Vine mais aussi Mads Pedersen ou encore Ra\u00fal Garcia, le mieux plac\u00e9 au g\u00e9n\u00e9ral pr\u00e8s de cinq minutes de Traeen. L\u2019attaque allait forc\u00e9ment aller au bout.<\/p>\n<p class=\"fig-paragraph\">Car malgr\u00e9 le gros travail des \u00e9quipiers du maillot rouge, ces douze hommes de t\u00eate ont abord\u00e9 la derni\u00e8re mont\u00e9e du jour avec plus de trois minutes d\u2019avance sur le peloton. Apr\u00e8s \u00e0 peine deux kilom\u00e8tres d\u2019ascension, Ayuso est pass\u00e9 \u00e0 l\u2019attaque, tranchant, seulement suivi par Frigo dans un premier temps.<\/p>\n<p class=\"fig-paragraph\">Une deuxi\u00e8me acc\u00e9l\u00e9ration de l\u2019Espagnol quelques centaines de m\u00e8tres plus loin a port\u00e9 un coup fatal \u00e0 l\u2019Italien. Lanc\u00e9 dans un magnifique solo, Ayuso a alors creus\u00e9 son avance sur ses poursuivants jusqu\u2019au sommet pour c\u00e9l\u00e9brer un succ\u00e8s synonyme de revanche. \u00abJe la voulais cette victoire, pour faire taire les critiques\u00bb, a-t-il assur\u00e9.<\/p>\n<p>Illusions perdues pour Gaudu<\/p>\n<p class=\"fig-paragraph\">Derri\u00e8re lui, les favoris de la Vuelta ne se sont pas \u00e9nerv\u00e9s. Jonas Vingegaard en t\u00eate. Le Danois de Visma-Lease a bike reste confortablement install\u00e9 \u00e0 la deuxi\u00e8me place du g\u00e9n\u00e9ral \u00e0 deux minutes et 33 secondes de Traeen, pas vraiment un rival redout\u00e9 pour le succ\u00e8s final. Et ce n\u2019est pas l\u2019\u00e9tape de samedi qui devrait apporter de grands bouleversements dans le classement. La 8e \u00e9tape reliant Monz\u00f3n Templario \u00e0 Saragosse semble propice \u00e0 une arriv\u00e9e pour les sprinteurs.<\/p>\n<p>                                    <a class=\"fig-a11y-skip a11y-hidden\" href=\"#fig-a11y-skip-main-inarticle_mtf\"><br \/>\n        Passer la publicit\u00e9<br \/>\n    <\/a><\/p>\n<p class=\"fig-paragraph\">Une \u00e9tape plate qui devrait offrir un r\u00e9pit au Fran\u00e7ais David Gaudu, \u00e0 la rue vendredi apr\u00e8s un d\u00e9but de tour tonitruant qui l\u2019aura vu remporter une \u00e9tape puis porter le maillot rouge durant une journ\u00e9e. Mais vendredi, le Breton n\u2019a pas \u00e9t\u00e9 \u00e0 la f\u00eate, terminant \u00e0 pr\u00e8s d\u2019un quart d\u2019heure du vainqueur.<\/p>\n<p class=\"fig-paragraph\"><strong>Classement g\u00e9n\u00e9ral du Tour d\u2019Espagne apr\u00e8s la 7e \u00e9tape, courue vendredi entre Andorre-la-Vieille et Cerler\u00a0:<\/strong><\/p>\n<ul class=\"fig-list\">\n<li>1. Torstein Tr\u00e6en (NOR\/TBV) 25 h 18:02.<\/li>\n<li>2. Jonas Vingegaard (DEN\/TVL) \u00e0 2:33.<\/li>\n<li>3. Jo\u00e3o Almeida (POR\/UAD) 2:41.<\/li>\n<li>4. Giulio Ciccone (ITA\/LTK) 2:42.<\/li>\n<li>5. Lorenzo Fortunato (ITA\/AST) 2:47.<\/li>\n<li>6. Matteo Jorgenson (USA\/TVL) 2:49.<\/li>\n<li>7. Jai Hindley (AUS\/RBH) 2:53.<\/li>\n<li>8. Giulio Pellizzari (ITA\/RBH) 2:53.<\/li>\n<li>9. Egan Bernal (COL\/IGD) 2:55.<\/li>\n<li>10. Felix Gall (AUT\/DAT) 2:58.<\/li>\n<\/ul>\n","protected":false},"excerpt":{"rendered":"L\u2019Espagnol d\u2019UAE Team Emirates s\u2019est impos\u00e9, ce vendredi \u00e0 Cerler, avec plus d\u2019une minute d\u2019avance sur ses compagnons&hellip;\n","protected":false},"author":2,"featured_media":354115,"comment_status":"","ping_status":"","sticky":false,"template":"","format":"standard","meta":{"footnotes":""},"categories":[1411],"tags":[1154,207,1011,27,60,1140],"class_list":{"0":"post-354114","1":"post","2":"type-post","3":"status-publish","4":"format-standard","5":"has-post-thumbnail","7":"category-cyclisme","8":"tag-cycling","9":"tag-cyclisme","10":"tag-fr","11":"tag-france","12":"tag-sports","13":"tag-tour-despagne"},"share_on_mastodon":{"url":"https:\/\/pubeurope.com\/@fr\/115116705299983019","error":""},"_links":{"self":[{"href":"https:\/\/www.europesays.com\/fr\/wp-json\/wp\/v2\/posts\/354114","targetHints":{"allow":["GET"]}}],"collection":[{"href":"https:\/\/www.europesays.com\/fr\/wp-json\/wp\/v2\/posts"}],"about":[{"href":"https:\/\/www.europesays.com\/fr\/wp-json\/wp\/v2\/types\/post"}],"author":[{"embeddable":true,"href":"https:\/\/www.europesays.com\/fr\/wp-json\/wp\/v2\/users\/2"}],"replies":[{"embeddable":true,"href":"https:\/\/www.europesays.com\/fr\/wp-json\/wp\/v2\/comments?post=354114"}],"version-history":[{"count":0,"href":"https:\/\/www.europesays.com\/fr\/wp-json\/wp\/v2\/posts\/354114\/revisions"}],"wp:featuredmedia":[{"embeddable":true,"href":"https:\/\/www.europesays.com\/fr\/wp-json\/wp\/v2\/media\/354115"}],"wp:attachment":[{"href":"https:\/\/www.europesays.com\/fr\/wp-json\/wp\/v2\/media?parent=354114"}],"wp:term":[{"taxonomy":"category","embeddable":true,"href":"https:\/\/www.europesays.com\/fr\/wp-json\/wp\/v2\/categories?post=354114"},{"taxonomy":"post_tag","embeddable":true,"href":"https:\/\/www.europesays.com\/fr\/wp-json\/wp\/v2\/tags?post=354114"}],"curies":[{"name":"wp","href":"https:\/\/api.w.org\/{rel}","templated":true}]}}