{"id":354116,"date":"2025-08-30T08:11:11","date_gmt":"2025-08-30T08:11:11","guid":{"rendered":"https:\/\/www.europesays.com\/fr\/354116\/"},"modified":"2025-08-30T08:11:11","modified_gmt":"2025-08-30T08:11:11","slug":"si-le-recrutement-porte-ses-fruits-rapidement-vous-serez-dans-le-top-10-lesviolets-com","status":"publish","type":"post","link":"https:\/\/www.europesays.com\/fr\/354116\/","title":{"rendered":"&quot;Si le recrutement porte ses fruits rapidement, vous serez dans le top 10&quot; &#8211; LesViolets.Com"},"content":{"rendered":"<ol>\n<li><a href=\"https:\/\/news.google.com\/rss\/articles\/CBMitAFBVV95cUxNSFl1Z3NVdVROb2lSVGhNLXN6eW5ySHFDT1NITWhRMHRMcGdsYjdJQmx4MU5nWGJuTU0yRWJxOElaZVVyR1ZoRUZ1VXlvUjQxRHo1R2xueWFfYU1vMENjVkVYRkNkZmRDbmdjM2VJelh3WWxYb1g4Y0dOcG1HLVAtZmR0OU52MktCN29nR05qNkdjdVhXa3NTNEljWndGQzFpU21XM2J5a3ktVmxfLXB0aDBZUGQ?oc=5\" target=\"_blank\" rel=\"nofollow noopener\">\u00ab\u00a0Si le recrutement porte ses fruits rapidement, vous serez dans le top 10\u00a0\u00bb<\/a>&nbsp;&nbsp;LesViolets.Com<\/li>\n<li><a href=\"https:\/\/news.google.com\/rss\/articles\/CBMihgJBVV95cUxOT3prZjN5bnRFOWN4S0Z3UVNSWVRRemp0UHZFVnUwS0Uta2ZNRTJnelZKMWgtOEFFd0V5aGtkREpqc09QZ2FsZ2tyQURQOW52Sk1QVjBmSUlRX21qVElVTmtZdTdwT1hsdkVGMTFMenF5dk5HZEJWYkJ2ZlI4M09ocm5ESUxMTVhxSHhlUS1tbnRqVEtKRGMzMTR1SHp1eHdpQ01PcE5oMHVBeS1LM2dSanhRaWdtSHJ1bzhYcGJMSm5vSmJ0dWtOa09ubjlGMFNZUWUwM1E0QWd5Yk5ka015SkFVTE1pZ0cyeVpDQXFfTFp4V0E5R2VJYmlTejhIWjFYMk5nTDZR?oc=5\" target=\"_blank\" rel=\"nofollow noopener\">Ligue 1 &#8211; Avant Toulouse-PSG | Un effectif de champion d&rsquo;Europe, mais\u2026 Paris et le risque de la continuit\u00e9<\/a>&nbsp;&nbsp;Eurosport<\/li>\n<li><a href=\"https:\/\/news.google.com\/rss\/articles\/CBMiwAFBVV95cUxONUNmd05SR0VJNUlrZ1IwUUVrVGVVRHZ1Mm4zRXA4UW5udWF0X3Fzc2IyY2JrOXNmaGxSSTlDWVBpU3V1YTVNYnNRYmFxLWtKSm9SNGZhZmlsMHBoUlh3TU9YUXB1djNjcXFtaDc2TWpPX1kyUVVQYXFDaHV6c0puRXhoUTVNSzVCVXNVdE5Uc2V1bnhuYlR4d29ETHN2T0RmdEJsU2Y4bW1BOERHbmNfY1g2bEY1Rm1jMU9HZ2pQR0U?oc=5\" target=\"_blank\" rel=\"nofollow noopener\">PRONOS PARIS RMC Les paris sur Toulouse &#8211; PSG du 30 ao\u00fbt &#8211; Ligue 1<\/a>&nbsp;&nbsp;RMC Sport<\/li>\n<li><a href=\"https:\/\/news.google.com\/rss\/articles\/CBMitgFBVV95cUxQajZGbEZZbUluRmFjQ2NsMFBZNnRWdkZoMkhSd19YZ2xSNGpXYmV6Q1pmTExHRERSV2lVazlETExVYkFHbV8xcWVKRFUxMlBYcVpfSFlIbk85LTRjM09PZVVNc01ZZlQ0YXhBQ1VTMnhBck1qMmgzM1FDbXRXdEphdHFZLUppUmJQckhWT0hnaERxbEVjRm9XSFBNQzJGUUZIQUJnNnRMQzZiRXlWbnNHSEx6WDJKQQ?oc=5\" target=\"_blank\" rel=\"nofollow noopener\">Toulouse-PSG : \u00e0 quelle heure et sur quelle cha\u00eene suivre le match<\/a>&nbsp;&nbsp;L&rsquo;\u00c9quipe<\/li>\n<li><a href=\"https:\/\/news.google.com\/rss\/articles\/CBMi0AFBVV95cUxQNHZQQm53RkYtSHdYQ2t4YmZiX3N1dGVfY0dJaW9xSENzb0dMZjVYeFI1ZFlHUGNYbmtSSzFvWmFQSld4cVQwYnpVb1ZBUFMyWlYybXpZdkNUV1ZMaUlSenFyX2lMTmx5ODd2Y0dEY3RGWnUxUXZoUEhlV1ZvdldyUnY3dTJINDFLZkFSSDFnUFA0RkxjaVhqc0NEc3JkVHZvSk5td3dMMldUMW4wRUU1NF9VRGpZTzNsS1JzUEhFUklSUnFxZDlpc0Uxc3FOV0p2?oc=5\" target=\"_blank\" rel=\"nofollow noopener\">TFC-PSG : \u00e0 quelle heure et sur quelle cha\u00eene suivre le choc de la 3e journ\u00e9e de Ligue 1 ?<\/a>&nbsp;&nbsp;ladepeche.fr<\/li>\n<\/ol>\n","protected":false},"excerpt":{"rendered":"\u00ab\u00a0Si le recrutement porte ses fruits rapidement, vous serez dans le top 10\u00a0\u00bb&nbsp;&nbsp;LesViolets.Com Ligue 1 &#8211; Avant Toulouse-PSG&hellip;\n","protected":false},"author":2,"featured_media":354117,"comment_status":"","ping_status":"","sticky":false,"template":"","format":"standard","meta":{"footnotes":""},"categories":[1410],"tags":[63,1011,27,60],"class_list":{"0":"post-354116","1":"post","2":"type-post","3":"status-publish","4":"format-standard","5":"has-post-thumbnail","7":"category-football","8":"tag-football","9":"tag-fr","10":"tag-france","11":"tag-sports"},"share_on_mastodon":{"url":"https:\/\/pubeurope.com\/@fr\/115116709330181243","error":""},"_links":{"self":[{"href":"https:\/\/www.europesays.com\/fr\/wp-json\/wp\/v2\/posts\/354116","targetHints":{"allow":["GET"]}}],"collection":[{"href":"https:\/\/www.europesays.com\/fr\/wp-json\/wp\/v2\/posts"}],"about":[{"href":"https:\/\/www.europesays.com\/fr\/wp-json\/wp\/v2\/types\/post"}],"author":[{"embeddable":true,"href":"https:\/\/www.europesays.com\/fr\/wp-json\/wp\/v2\/users\/2"}],"replies":[{"embeddable":true,"href":"https:\/\/www.europesays.com\/fr\/wp-json\/wp\/v2\/comments?post=354116"}],"version-history":[{"count":0,"href":"https:\/\/www.europesays.com\/fr\/wp-json\/wp\/v2\/posts\/354116\/revisions"}],"wp:featuredmedia":[{"embeddable":true,"href":"https:\/\/www.europesays.com\/fr\/wp-json\/wp\/v2\/media\/354117"}],"wp:attachment":[{"href":"https:\/\/www.europesays.com\/fr\/wp-json\/wp\/v2\/media?parent=354116"}],"wp:term":[{"taxonomy":"category","embeddable":true,"href":"https:\/\/www.europesays.com\/fr\/wp-json\/wp\/v2\/categories?post=354116"},{"taxonomy":"post_tag","embeddable":true,"href":"https:\/\/www.europesays.com\/fr\/wp-json\/wp\/v2\/tags?post=354116"}],"curies":[{"name":"wp","href":"https:\/\/api.w.org\/{rel}","templated":true}]}}