{"id":354118,"date":"2025-08-30T08:12:15","date_gmt":"2025-08-30T08:12:15","guid":{"rendered":"https:\/\/www.europesays.com\/fr\/354118\/"},"modified":"2025-08-30T08:12:15","modified_gmt":"2025-08-30T08:12:15","slug":"un-nouvel-arrivant-aux-cotes-dapolline-de-malherbe-sur-rmc-un-visage-bien-connu-de-tf1-qui-avait-ete-licencie-sans-menagement-deurope-1","status":"publish","type":"post","link":"https:\/\/www.europesays.com\/fr\/354118\/","title":{"rendered":"Un nouvel arrivant aux c\u00f4t\u00e9s d&rsquo;Apolline de Malherbe sur RMC ! Un visage bien connu de TF1 qui avait \u00e9t\u00e9 licenci\u00e9 sans m\u00e9nagement d&rsquo;Europe 1"},"content":{"rendered":"<p>            <img loading=\"lazy\" decoding=\"async\" src=\"https:\/\/www.europesays.com\/fr\/wp-content\/uploads\/2025\/04\/121-62909a850c1a7-35x35-1.jpg\" class=\"author-article-picture\" width=\"35\" height=\"35\"\/><\/p>\n<p>                Par<br \/>\n                                    <a class=\"author-article-bio-link\" href=\"https:\/\/www.purepeople.com\/auteur\/bertrand-bielle_a121\" rel=\"nofollow noopener\" target=\"_blank\">Bertrand Bielle<\/a><br \/>\n                                                    | Journaliste<\/p>\n<p>\n                Curieux de nature, Bertrand est toujours \u00e0 l\u2019affut du moindre petit scoop. Passionn\u00e9 par le football, il n\u2019est jamais bien loin du ballon rond et de toutes les actualit\u00e9s qui en d\u00e9coulent. Toutefois, l\u2019\u00e9v\u00e8nementiel du showbiz ou de la politique fait \u00e9galement partie de ses recherches journalistiques privil\u00e9gi\u00e9es.\n            <\/p>\n<p>\n    Surprise de taille pour la rentr\u00e9e radio : RMC accueille une recrue inattendue aux c\u00f4t\u00e9s d\u2019Apolline de Malherbe. \u00c9vinc\u00e9 d\u2019Europe 1 il y a quatre ans, ce visage familier de \u00ab\u00a0TF1\u00a0\u00bb signe un retour remarqu\u00e9 sur les ondes, pr\u00eat \u00e0 distiller chaque matin son humour bien connu des auditeurs.\n<\/p>\n<p>                            <img loading=\"lazy\" decoding=\"async\" class=\"player-thumbnail\" src=\"https:\/\/www.europesays.com\/fr\/wp-content\/uploads\/2025\/08\/792b7d8c5d785b7c-580x326-1.jpg\" width=\"580\" height=\"326\"\/><\/p>\n<p>                    Un nouvel arrivant aux c\u00f4t\u00e9s d&rsquo;Apolline de Malherbe sur RMC ! Un visage bien connu de TF1 qui avait \u00e9t\u00e9 licenci\u00e9 sans m\u00e9nagement d&rsquo;Europe 1<\/p>\n<p>La suite apr\u00e8s la publicit\u00e9<\/p>\n<p>Nouvelle recrue en radio, apprend-on ce vendredi 29 ao\u00fbt 2025, via le Parisien, \u00e0 trois jours seulement de la rentr\u00e9e. <strong>\u00ab\u00a0<\/strong><strong>Priv\u00e9 d\u2019antenne depuis son <\/strong><a href=\"https:\/\/www.purepeople.com\/article\/nicolas-canteloup-vire-d-europe-1-sans-explication-les-dessous-de-son-eviction_a452902\/1\" rel=\"nofollow noopener\" target=\"_blank\"><strong>\u00e9viction d\u2019Europe\u00a01 en 2021<\/strong><\/a><strong>, l\u2019imitateur arrive \u00e0 partir de fin septembre sur RMC, chaque matin \u00e0 8h50<\/strong><strong>\u00ab\u00a0, indique le quotidien, la personnalit\u00e9 concern\u00e9e par cette information \u00e9tant <\/strong><a href=\"https:\/\/www.purepeople.com\/people\/nicolas-canteloup_p1665\" rel=\"nofollow noopener\" target=\"_blank\"><strong>Nicolas Canteloup<\/strong><\/a><strong>.\u00a0<\/strong><\/p>\n<p>\u00ab\u00a0Il est de retour \u00e0 la radio ! Juste apr\u00e8s l\u2019invit\u00e9 politique du Face \u00e0 Face, votre nouveau rendez-vous de l\u2019humour, \u00e7a sera avec Nicolas Canteloup, tr\u00e8s prochainement sur RMC\u00a0\u00bb, peut-on \u00e9galement lire <strong>en l\u00e9gende d&rsquo;une publication Instagram du compte d\u00e9di\u00e9 au morning d&rsquo;actu d&rsquo;<\/strong><a href=\"https:\/\/www.purepeople.com\/people\/apolline-de-malherbe_p551467\" rel=\"nofollow noopener\" target=\"_blank\"><strong>Apolline de Malherbe<\/strong><\/a><strong>, chaque matin entre 6h30 et 9h sur RMC.<\/strong><\/p>\n<p>Comme le rappelle le Parisien, l&rsquo;\u00e9viction de Nicolas Canteloup d&rsquo;Europe 1 remonte \u00e0 juillet 2021. \u00ab\u00a0Un peu \u00e0 la surprise g\u00e9n\u00e9rale\u00a0\u00bb, son producteur Jeran-Marc Dumontet annon\u00e7ait que la Revue de Presque de l&rsquo;imitateur ne serait plus \u00e0 l&rsquo;antenne. Fin d&rsquo;une belle aventure, apr\u00e8s seize ans de loyaux services.<\/p>\n<p>Mais le voil\u00e0 donc de retour \u00e0 la radio. Il est tr\u00e8s enthousiaste, mais assure cependant au Parisien que ce support ne l&rsquo;a pas vraiment manqu\u00e9, et ce pour une raison pr\u00e9cise : \u00ab\u00a0J&rsquo;ai un super rendez-vous sur TF1 (&lsquo;C&rsquo;est Canteloup&rsquo;, ndlr), o\u00f9 je peux traiter l&rsquo;info au jour le jour, avec une direction qui vient de me renouveler sa confiance pour deux ans. Donc je n&rsquo;\u00e9tais pas frustr\u00e9 du tout.\u00a0\u00bb<\/p>\n<p>Nicolas Canteloup de retour en radio, il a d&rsquo;autres projets pour le futur\u00a0<\/p>\n<p>\u00a0<\/p>\n<p><a href=\"https:\/\/www.purepeople.com\/article\/nicolas-canteloup-sa-fille-anouk-en-couple-avec-un-bel-athlete-photos-complices-du-duo_a498630\/1\" rel=\"nofollow noopener\" target=\"_blank\">Le papa d&rsquo;Anouk <\/a>reconna\u00eet malgr\u00e9 tout que cela \u00ab\u00a0reste tr\u00e8s particulier de travailler en radio\u00a0\u00bb, et qu&rsquo;il y a ainsi tout naturellement une \u00ab\u00a0excitation\u00a0\u00bb qui est en train de s&rsquo;installer. Il n&rsquo;a pas encore \u00ab\u00a0choisi de nom\u00a0\u00bb pour sa nouvelle \u00e9mission, mais il est en train de \u00ab\u00a0constituer\u00a0\u00bb son \u00e9quipe et peut d\u00e9j\u00e0 affirmer que l&rsquo;objectif sera de parodier l&rsquo;entretien qui vient de se d\u00e9rouler, \u00e0 savoir donc le face-\u00e0-face avec &lsquo;Apolline de Malherbe, \u00e0 travers ses c\u00e9l\u00e8bres imitations.\u00a0<\/p>\n<p>Nicolas Canteloup ne garde \u00ab\u00a0aucune amertume\u00a0\u00bb de son d\u00e9part d&rsquo;Europe 1 et n&rsquo;a qu&rsquo;une seule h\u00e2te : entamer son aventure chez RMC, o\u00f9 il travaillera du lundi au vendredi et o\u00f9 on lui a notamment promis \u00ab\u00a0une totale libert\u00e9 de parole \u00e0 l&rsquo;antenne\u00a0\u00bb. Ce nouveau projet va lui prendre beaucoup de temps, ce qui devrait notamment le freiner dans ses autres projets.<\/p>\n<p>C&rsquo;est ce qu&rsquo;il a lui-m\u00eame expliqu\u00e9 au Parisien, en parlant notamment de son ambition d&rsquo;ouvrir une \u00e9cole d&rsquo;\u00e9quitation, <a href=\"https:\/\/www.purepeople.com\/article\/nicolas-canteloup-ses-confidences-sur-sa-fille-anouk-une-championne-de-haut-niveau-de-rares-images-devoilees-video_a527799\/1\" rel=\"nofollow noopener\" target=\"_blank\">une passion qu&rsquo;il partage avec sa fille.<\/a> \u00ab\u00a0Je pense que je vais devoir mettre ce grand projet entre parenth\u00e8ses pour le moment.\u00a0\u00bb Mais ce n&rsquo;est que partie remise. A noter que Nicolas Canteloup n&rsquo;a \u00e9galement pas renonc\u00e9 \u00e0 l&rsquo;id\u00e9e de monter un spectacle sur sc\u00e8ne avec son producteur. \u00ab\u00a0Rien n&rsquo;est d\u00e9cid\u00e9 mais la gourmandise est l\u00e0\u00a0\u00bb, a-t-il confi\u00e9, afin de conclure cet entretien.<\/p>\n<p>\u00a0<\/p>\n","protected":false},"excerpt":{"rendered":"Par Bertrand Bielle | Journaliste Curieux de nature, Bertrand est toujours \u00e0 l\u2019affut du moindre petit scoop. Passionn\u00e9&hellip;\n","protected":false},"author":2,"featured_media":354119,"comment_status":"","ping_status":"","sticky":false,"template":"","format":"standard","meta":{"footnotes":""},"categories":[1359],"tags":[58,59,1011,27,973],"class_list":{"0":"post-354118","1":"post","2":"type-post","3":"status-publish","4":"format-standard","5":"has-post-thumbnail","7":"category-people","8":"tag-divertissement","9":"tag-entertainment","10":"tag-fr","11":"tag-france","12":"tag-people"},"share_on_mastodon":{"url":"https:\/\/pubeurope.com\/@fr\/115116713525219744","error":""},"_links":{"self":[{"href":"https:\/\/www.europesays.com\/fr\/wp-json\/wp\/v2\/posts\/354118","targetHints":{"allow":["GET"]}}],"collection":[{"href":"https:\/\/www.europesays.com\/fr\/wp-json\/wp\/v2\/posts"}],"about":[{"href":"https:\/\/www.europesays.com\/fr\/wp-json\/wp\/v2\/types\/post"}],"author":[{"embeddable":true,"href":"https:\/\/www.europesays.com\/fr\/wp-json\/wp\/v2\/users\/2"}],"replies":[{"embeddable":true,"href":"https:\/\/www.europesays.com\/fr\/wp-json\/wp\/v2\/comments?post=354118"}],"version-history":[{"count":0,"href":"https:\/\/www.europesays.com\/fr\/wp-json\/wp\/v2\/posts\/354118\/revisions"}],"wp:featuredmedia":[{"embeddable":true,"href":"https:\/\/www.europesays.com\/fr\/wp-json\/wp\/v2\/media\/354119"}],"wp:attachment":[{"href":"https:\/\/www.europesays.com\/fr\/wp-json\/wp\/v2\/media?parent=354118"}],"wp:term":[{"taxonomy":"category","embeddable":true,"href":"https:\/\/www.europesays.com\/fr\/wp-json\/wp\/v2\/categories?post=354118"},{"taxonomy":"post_tag","embeddable":true,"href":"https:\/\/www.europesays.com\/fr\/wp-json\/wp\/v2\/tags?post=354118"}],"curies":[{"name":"wp","href":"https:\/\/api.w.org\/{rel}","templated":true}]}}