{"id":354120,"date":"2025-08-30T08:13:10","date_gmt":"2025-08-30T08:13:10","guid":{"rendered":"https:\/\/www.europesays.com\/fr\/354120\/"},"modified":"2025-08-30T08:13:10","modified_gmt":"2025-08-30T08:13:10","slug":"pourquoi-cette-exposition-photos-fait-elle-polemique-a-perpignan","status":"publish","type":"post","link":"https:\/\/www.europesays.com\/fr\/354120\/","title":{"rendered":"Pourquoi cette exposition photos fait-elle pol\u00e9mique \u00e0 Perpignan\u00a0?"},"content":{"rendered":"<p>La mairie de Perpignan a inaugur\u00e9 ce vendredi l&rsquo;exposition \u00ab\u00a0Isra\u00ebl\u00a0: les massacres du 7 octobre 2023\u00a0\u00bb dans le hall de l&rsquo;h\u00f4tel de ville, place de La Loge. Au m\u00eame moment, un groupe d&rsquo;opposants s&rsquo;est rassembl\u00e9 pour protester, drapeaux palestiniens \u00e0 la main.<\/p>\n<p>loading<\/p>\n<p>\u00ab\u00a0Non au g\u00e9nocide \u00e0 Gaza\u00a0!\u00a0\u00bb, scandent la vingtaine de manifestants, \u00e9loign\u00e9s de l&rsquo;entr\u00e9e de l&rsquo;h\u00f4tel de ville de Perpignan par la police municipale ce vendredi en fin d&rsquo;apr\u00e8s-midi. \u00c0 la veille de l&rsquo;ouverture de la 37e \u00e9dition de <a target=\"_blank\" rel=\"nofollow noopener noreferrer\" class=\"IciLink ici-link IciArticleLink g-ici-body-regular-1 underline brand svelte-lu7k6w\" href=\"https:\/\/www.visapourlimage.com\/\">Visa pour l&rsquo;Image<\/a>, festival international de photojournalisme, le maire RN Louis Aliot inaugure une exposition de photos intitul\u00e9e\u00a0<a target=\"_blank\" rel=\"nofollow noopener noreferrer\" class=\"IciLink ici-link IciArticleLink g-ici-body-regular-1 underline brand svelte-lu7k6w\" href=\"https:\/\/www.mairie-perpignan.fr\/actualites\/israel-les-massacres-du-7-octobre-2023?tags=2\">\u00ab\u00a0Isra\u00ebl\u00a0: les massacres du 7 octobre 2023\u00a0\u00bb<\/a>, coorganis\u00e9e avec le\u00a0<a target=\"_blank\" rel=\"nofollow noopener noreferrer\" class=\"IciLink ici-link IciArticleLink g-ici-body-regular-1 underline brand svelte-lu7k6w\" href=\"https:\/\/www.collectifdu7octobre.org\/\">Collectif du 7 octobre<\/a>, et qui ne fait pas partie de la programmation de Visa. \u00ab\u00a0\u00c0 l\u2019heure o\u00f9 certains remettent en cause ces massacres et prennent syst\u00e9matiquement <strong>nos compatriotes juifs comme boucs \u00e9missaires<\/strong> en France, [&#8230;] cette exposition permettra de remettre les choses \u00e0 leur place\u00a0\u00bb, avait \u00e9crit la Ville dans un communiqu\u00e9 quelques jours plus t\u00f4t.<\/p>\n<p>L&rsquo;annonce de ce vernissage avait alors provoqu\u00e9 des r\u00e9actions, notamment de l&rsquo;association En Commun 66. \u00ab\u00a0Si nous avons toujours d\u00e9nonc\u00e9 les actes barbares et terroristes du 7 octobre 2023, nous ne pouvons tol\u00e9rer que le maire de Perpignan ne prenne parti que pour cette face tragique du conflit, presque centenaire, <strong>en invisibilisant les souffrances du peuple Palestinien<\/strong>.\u00a0\u00bb<\/p>\n<p><img loading=\"lazy\" decoding=\"async\" class=\"VisualPreview svelte-1rldrkz\" src=\"data:image\/jpeg;base64,\/9j\/2wBDACgcHiMeGSgjISMtKygwPGRBPDc3PHtYXUlkkYCZlo+AjIqgtObDoKrarYqMyP\/L2u71\/\/\/\/m8H\/\/\/\/6\/+b9\/\/j\/2wBDASstLTw1PHZBQXb4pYyl+Pj4+Pj4+Pj4+Pj4+Pj4+Pj4+Pj4+Pj4+Pj4+Pj4+Pj4+Pj4+Pj4+Pj4+Pj4+Pj4+Pj\/wAARCAAfACoDASIAAhEBAxEB\/8QAGAABAQEBAQAAAAAAAAAAAAAAAgABAwT\/xAAXEAEBAQEAAAAAAAAAAAAAAAAAAQIR\/8QAFQEBAQAAAAAAAAAAAAAAAAAAAAH\/xAAUEQEAAAAAAAAAAAAAAAAAAAAA\/9oADAMBAAIRAxEAPwDwzJ5ycyecoqzHSRkh8BJiBzkKDGygcaMpQEzh8XAf\/9k=\" alt=\"Certaines photos rendent hommage aux victimes du 7 octobre 2023.\" width=\"600\" height=\"450\"\/>  Certaines photos rendent hommage aux victimes du 7 octobre 2023. \u00a9 Radio France &#8211; Suzanne Shojaei\u00a0\u00bbJe pense qu&rsquo;il y a des drames des deux c\u00f4t\u00e9s\u00a0\u00bb<\/p>\n<p>\u00ab\u00a0Bien s\u00fbr que le 7 octobre a \u00e9t\u00e9 horrible, explique une manifestante, face \u00e0 l&rsquo;h\u00f4tel de ville. Mais pensons aux Palestiniens, <strong>combien de 7 octobre ont-ils v\u00e9cu\u00a0?<\/strong>\u00a0\u00bb Son voisin rench\u00e9rit, drapeau palestinien \u00e0 la main. \u00ab\u00a0Profiter de l&rsquo;image de Visa pour l&rsquo;exposition de Monsieur Aliot, c&rsquo;est inadmissible et grave.\u00a0\u00bb<\/p>\n<p>Les cris du groupe se font entendre jusque dans l&rsquo;h\u00f4tel de ville, o\u00f9 sont rassembl\u00e9es <strong>des dizaines de personnes pour le vernissage<\/strong>. Certains s&rsquo;agacent. \u00ab\u00a0Je ne comprends pas comment on peut prendre parti d&rsquo;une telle fa\u00e7on, commente\u00a0Dominique Chemla, maire adjoint honoraire. Je pense qu&rsquo;il y a des drames des deux c\u00f4t\u00e9s. Mais ce qui s&rsquo;est pass\u00e9 le 7 octobre 2023, ce n&rsquo;\u00e9tait plus arriv\u00e9 depuis la Seconde Guerre mondiale et ce n&rsquo;est pas acceptable.\u00a0\u00bb<\/p>\n<p><img loading=\"lazy\" decoding=\"async\" class=\"VisualPreview svelte-1rldrkz\" src=\"data:image\/jpeg;base64,\/9j\/2wBDACgcHiMeGSgjISMtKygwPGRBPDc3PHtYXUlkkYCZlo+AjIqgtObDoKrarYqMyP\/L2u71\/\/\/\/m8H\/\/\/\/6\/+b9\/\/j\/2wBDASstLTw1PHZBQXb4pYyl+Pj4+Pj4+Pj4+Pj4+Pj4+Pj4+Pj4+Pj4+Pj4+Pj4+Pj4+Pj4+Pj4+Pj4+Pj4+Pj4+Pj\/wAARCAAfACoDASIAAhEBAxEB\/8QAGAABAAMBAAAAAAAAAAAAAAAAAgADBAH\/xAAYEAEBAQEBAAAAAAAAAAAAAAAAARECEv\/EABYBAQEBAAAAAAAAAAAAAAAAAAEAAv\/EABcRAQEBAQAAAAAAAAAAAAAAAAABERL\/2gAMAwEAAhEDEQA\/ABrmjrmsnpZp81TKcpOtPFWembno\/aDDqaGlEzIcpyq4ZJek9haGpP\/Z\" alt=\"Une vingtaine de manifestants pro-Palestine, face \u00e0 l'h\u00f4tel de ville de Perpignan.\" width=\"600\" height=\"450\"\/>  Une vingtaine de manifestants pro-Palestine, face \u00e0 l&rsquo;h\u00f4tel de ville de Perpignan. \u00a9 Radio France &#8211; Suzanne Shojaei\u00a0\u00bbAi-je encore ma place en France, en tant que juif\u00a0?\u00a0\u00bb<\/p>\n<p>Les photos, en noir et blanc, marquent les esprits\u00a0: des corps au bord des routes, des restes humains dans des sacs plastiques, des impacts de balles&#8230;\u00a0Chmouel Bensoussan, rabbin \u00e0 Perpignan, est tr\u00e8s \u00e9mu. \u00ab\u00a0<strong>C&rsquo;est choquant, hallucinant<\/strong>. On est tr\u00e8s touch\u00e9s que la mairie de Perpignan organise cette exposition. Quant \u00e0 la col\u00e8re \u00e0 l&rsquo;ext\u00e9rieur, on a l&rsquo;habitude. On sait qu&rsquo;on n&rsquo;est pas aim\u00e9s. On fait avec.\u00a0\u00bb<\/p>\n<p>Pour d&rsquo;autres, le quotidien est devenu difficile depuis le 7 octobre. \u00ab\u00a0Aujourd&rsquo;hui, je me pose la question de savoir si j&rsquo;ai encore ma place en France, alors que je suis fran\u00e7ais et juif\u00a0\u00bb, l\u00e2che le pr\u00e9sident du\u00a0<a target=\"_blank\" rel=\"nofollow noopener noreferrer\" class=\"IciLink ici-link IciArticleLink g-ici-body-regular-1 underline brand svelte-lu7k6w\" href=\"https:\/\/www.bbfrance.org\/\">B\u2019nai B\u2019rith<\/a>\u00a0de Perpignan, organisme humanitaire juif. La mont\u00e9e de l&rsquo;antis\u00e9mitisme rappelle les ann\u00e9es 1930. Aujourd&rsquo;hui, <strong>des juifs peuvent se faire lyncher<\/strong> s&rsquo;ils portent une kippa. Des enfants se font rejeter parce que juifs.\u00a0\u00bb<\/p>\n<p>\u00c0 lire aussi   <img decoding=\"async\" src=\"https:\/\/www.europesays.com\/fr\/wp-content\/uploads\/2025\/08\/1756541590_497_560x315\" alt=\"Les ONG d\u00e9noncent de nombreuses restrictions emp\u00eachant l'acheminement de l'aide humanitaire \u00e0 Gaza, le 23 juillet 2025.\" style=\"--_image-preview:url('data:image\/jpeg;base64,\/9j\/2wBDACgcHiMeGSgjISMtKygwPGRBPDc3PHtYXUlkkYCZlo+AjIqgtObDoKrarYqMyP\/L2u71\/\/\/\/m8H\/\/\/\/6\/+b9\/\/j\/2wBDASstLTw1PHZBQXb4pYyl+Pj4+Pj4+Pj4+Pj4+Pj4+Pj4+Pj4+Pj4+Pj4+Pj4+Pj4+Pj4+Pj4+Pj4+Pj4+Pj4+Pj\/wAARCAAXACoDASIAAhEBAxEB\/8QAGAAAAwEBAAAAAAAAAAAAAAAAAAIDAQT\/xAAYEAEAAwEAAAAAAAAAAAAAAAAAAQISEf\/EABYBAQEBAAAAAAAAAAAAAAAAAAABAv\/EABQRAQAAAAAAAAAAAAAAAAAAAAD\/2gAMAwEAAhEDEQA\/AJ1VrKMSeJB0VsbTnixtiLTcu0ZuzaiPTdAZaGhoBRk2ZoBUf\/\/Z');\" loading=\"lazy\" fetchpriority=\"low\" aria-hidden=\"true\" class=\"svelte-1pnmlwx rounded\" onload=\"this.__e=event\" onerror=\"this.__e=event\"\/><\/p>\n","protected":false},"excerpt":{"rendered":"La mairie de Perpignan a inaugur\u00e9 ce vendredi l&rsquo;exposition \u00ab\u00a0Isra\u00ebl\u00a0: les massacres du 7 octobre 2023\u00a0\u00bb dans le&hellip;\n","protected":false},"author":2,"featured_media":354121,"comment_status":"","ping_status":"","sticky":false,"template":"","format":"standard","meta":{"footnotes":""},"categories":[1358],"tags":[1348,1384,1385,1386,58,59,1011,27],"class_list":{"0":"post-354120","1":"post","2":"type-post","3":"status-publish","4":"format-standard","5":"has-post-thumbnail","7":"category-arts-et-design","8":"tag-arts","9":"tag-arts-and-design","10":"tag-arts-et-design","11":"tag-design","12":"tag-divertissement","13":"tag-entertainment","14":"tag-fr","15":"tag-france"},"share_on_mastodon":{"url":"https:\/\/pubeurope.com\/@fr\/115116717121660965","error":""},"_links":{"self":[{"href":"https:\/\/www.europesays.com\/fr\/wp-json\/wp\/v2\/posts\/354120","targetHints":{"allow":["GET"]}}],"collection":[{"href":"https:\/\/www.europesays.com\/fr\/wp-json\/wp\/v2\/posts"}],"about":[{"href":"https:\/\/www.europesays.com\/fr\/wp-json\/wp\/v2\/types\/post"}],"author":[{"embeddable":true,"href":"https:\/\/www.europesays.com\/fr\/wp-json\/wp\/v2\/users\/2"}],"replies":[{"embeddable":true,"href":"https:\/\/www.europesays.com\/fr\/wp-json\/wp\/v2\/comments?post=354120"}],"version-history":[{"count":0,"href":"https:\/\/www.europesays.com\/fr\/wp-json\/wp\/v2\/posts\/354120\/revisions"}],"wp:featuredmedia":[{"embeddable":true,"href":"https:\/\/www.europesays.com\/fr\/wp-json\/wp\/v2\/media\/354121"}],"wp:attachment":[{"href":"https:\/\/www.europesays.com\/fr\/wp-json\/wp\/v2\/media?parent=354120"}],"wp:term":[{"taxonomy":"category","embeddable":true,"href":"https:\/\/www.europesays.com\/fr\/wp-json\/wp\/v2\/categories?post=354120"},{"taxonomy":"post_tag","embeddable":true,"href":"https:\/\/www.europesays.com\/fr\/wp-json\/wp\/v2\/tags?post=354120"}],"curies":[{"name":"wp","href":"https:\/\/api.w.org\/{rel}","templated":true}]}}