{"id":354124,"date":"2025-08-30T08:15:13","date_gmt":"2025-08-30T08:15:13","guid":{"rendered":"https:\/\/www.europesays.com\/fr\/354124\/"},"modified":"2025-08-30T08:15:13","modified_gmt":"2025-08-30T08:15:13","slug":"soprano-a-limpression-que-santa-a-toujours-ete-dans-lemission","status":"publish","type":"post","link":"https:\/\/www.europesays.com\/fr\/354124\/","title":{"rendered":"Soprano a \u00ab\u00a0l\u2019impression que Santa a toujours \u00e9t\u00e9 dans l\u2019\u00e9mission\u00a0\u00bb"},"content":{"rendered":"<p>Dans \u00ab\u00a0<a href=\"https:\/\/www.20minutes.fr\/television\/the-voice-kids\/\" class=\"c-link c-link--is-underlined\" rel=\"nofollow noopener\" target=\"_blank\">The Voice Kids<\/a>\u00a0\u00bb, les enfants vont donner de la voix devant un jury largement remani\u00e9. Patrick Fiori, jur\u00e9 du <a href=\"https:\/\/www.20minutes.fr\/television\/telecrochet\/\" class=\"c-link c-link--is-underlined\" rel=\"nofollow noopener\" target=\"_blank\">t\u00e9l\u00e9crochet<\/a> sur <a href=\"https:\/\/www.20minutes.fr\/dossier\/tf1\" class=\"c-link c-link--is-underlined\" rel=\"nofollow noopener\" target=\"_blank\">TF1<\/a> depuis la premi\u00e8re saison, retrouvera <a href=\"https:\/\/www.20minutes.fr\/dossier\/m_pokora\" class=\"c-link c-link--is-underlined\" rel=\"nofollow noopener\" target=\"_blank\">Matt Pokora<\/a> (qui avait offici\u00e9 lors des saisons 3 et 4) et <a href=\"https:\/\/www.20minutes.fr\/dossier\/soprano\" class=\"c-link c-link--is-underlined\" rel=\"nofollow noopener\" target=\"_blank\">Soprano<\/a> (saison 5 \u00e0 7) et devra composer avec une grande nouvelle, <a href=\"https:\/\/www.20minutes.fr\/arts-stars\/santa\/\" class=\"c-link c-link--is-underlined\" rel=\"nofollow noopener\" target=\"_blank\">Santa<\/a>. Avec complicit\u00e9 et bonne humeur, le quatuor s\u2019est livr\u00e9 lors d\u2019un point presse sur la onzi\u00e8me saison de \u00ab\u00a0The Voice Kids\u00a0\u00bb qui commence ce samedi \u00e0 21h10, sur leurs \u00e9motions et sur leurs ambitions.<\/p>\n<p>\u00ab\u00a0Envie d\u2019\u00eatre \u00e0 la hauteur\u00a0\u00bb<\/p>\n<p>La grande nouveaut\u00e9 de cette saison de \u00ab\u00a0The Voice Kids\u00a0\u00bb a une voix et un nom\u00a0: Santa. \u00ab\u00a0J\u2019ai l\u2019envie d\u2019\u00eatre \u00e0 la hauteur, a assur\u00e9 l\u2019interpr\u00e8te de \u00a0\u00bbPop-corn sal\u00e9\u00a0\u00bb. On est dans une bonne \u00e9quipe, on n\u2019est pas dans une mise en sc\u00e8ne de l\u2019amiti\u00e9.\u00a0\u00bb Soprano a confirm\u00e9 le lien d\u2019amiti\u00e9 fort entre les membres du jury\u00a0: \u00ab\u00a0Avec Santa, on se conna\u00eet depuis un moment, a confi\u00e9 le chanteur. On a m\u00eame \u00e9t\u00e9 au concert de <a href=\"https:\/\/www.20minutes.fr\/dossier\/coldplay\" class=\"c-link c-link--is-underlined\" rel=\"nofollow noopener\" target=\"_blank\">Coldplay<\/a> ensemble [\u2026]. Nous quatre, on se conna\u00eet depuis des ann\u00e9es.\u00a0\u00bb Avant de souligner la parfaite int\u00e9gration de Santa dans \u00ab\u00a0The Voice Kids\u00a0\u00bb\u00a0: \u00ab\u00a0On a l\u2019impression qu\u2019elle a toujours \u00e9t\u00e9 l\u00e0\u00a0\u00bb.<\/p>\n<p>La recrue s\u2019est montr\u00e9e \u00e9tonn\u00e9e du niveau des candidats de la nouvelle \u00e9dition de \u00ab\u00a0The Voice Kids\u00a0\u00bb. \u00ab\u00a0On n\u2019arr\u00eatait pas de se retourner, on s\u2019est vraiment fait cueillir\u00a0\u00bb, a reconnu Santa. Des performances salu\u00e9es \u00e9galement par Matt Pokora, qui a fait un break de huit ans avec le programme phare de TF1. \u00ab\u00a0Les candidats sont de plus en plus pr\u00eats et de plus en plus jeunes, a not\u00e9 l\u2019artiste. Ils ont des outils qu\u2019on n\u2019avait pas, comme des cam\u00e9ras de smartphones, des tutoriels pour le chant ou l\u2019utilisation des instruments\u2026 Ils savent d\u00e9j\u00e0 prendre la lumi\u00e8re. Je sens qu\u2019ils sont davantage pr\u00eats.\u00a0\u00bb<\/p>\n<p>Des prestations d\u2019exception aussi remarqu\u00e9es par Patrick Fiori et Soprano, qui se f\u00e9licitent de la diversit\u00e9 des styles propos\u00e9s. \u00ab\u00a0On a une g\u00e9n\u00e9ration connect\u00e9e, qui s\u2019identifie \u00e0 pas mal de choses, a analys\u00e9 le premier. Ils mettent tout dans un shaker mais, pour autant, ils arrivent avec leur propre identit\u00e9. On a de vraies signatures vocales. Aussi, c\u2019est styl\u00e9 au niveau des fringues.\u00a0\u00bb \u00ab\u00a0Il y a beaucoup de talents qui assument leur diff\u00e9rence artistique, a abond\u00e9 le second. Il y en a qui font de la <a href=\"https:\/\/www.20minutes.fr\/arts-stars\/culture\/k-pop\/\" class=\"c-link c-link--is-underlined\" rel=\"nofollow noopener\" target=\"_blank\">K-pop<\/a>, en cor\u00e9en.\u00a0\u00bb<\/p>\n<p>\u00ab\u00a0On a eu carte blanche avec les groupes\u00a0\u00bb<\/p>\n<p>Pour autant, les quatre membres du jury sont confront\u00e9s \u00e0 un exercice d\u00e9licat dans \u00ab\u00a0The Voice Kids\u00a0\u00bb\u00a0: celui de l\u2019\u00e9valuation et des conseils \u00e0 donner aux jeunes talents. \u00ab\u00a0Il y a de la maturit\u00e9, tout en conservant une candeur d\u2019enfant, a expliqu\u00e9 Santa. L\u2019enfant ne joue pas sa vie, mais un moment de sa vie.\u00a0\u00bb Patrick Fiori a poursuivi\u00a0: \u00ab\u00a0Il faut trouver les mots et leur offrir des outils qui serviront. C\u2019est une grande responsabilit\u00e9.\u00a0\u00bb<\/p>\n<p>Et cette responsabilit\u00e9 ne s\u2019applique pas seulement aux plus jeunes candidats du programme. \u00ab\u00a0M\u00eame les 14-15 ans restent des enfants, a tenu \u00e0 rappeler Santa. A nous d\u2019\u00eatre bienveillants et de faire preuve d\u2019empathie.\u00a0\u00bb Matt Pokora est all\u00e9 plus loin\u00a0: \u00ab\u00a0Ce qu\u2019on leur dit, c\u2019est qu\u2019\u00e0 leur \u00e2ge, on n\u2019avait pas fait de sc\u00e8ne ni chanter devant des millions de t\u00e9l\u00e9spectateurs ni eu de conseils. C\u2019est une exp\u00e9rience incroyable.\u00a0\u00bb<\/p>\n<p>Les quatre jur\u00e9s ont \u00e9galement \u00e9voqu\u00e9 l\u2019un des moments forts de l\u2019\u00e9mission, celui des groupes. \u00ab\u00a0On a pu faire de belles mises en sc\u00e8ne, on s\u2019est r\u00e9gal\u00e9, s\u2019est r\u00e9joui Soprano. Chacun doit sortir son \u00e9pingle du jeu, mais on donne une directive pour tout le monde. Ils s\u2019entendaient tous bien, comme une colonie de vacances. Ce n\u2019\u00e9tait pas l\u2019esprit \u00a0\u00bbbattle\u00a0\u00bb. Santa a ajout\u00e9 qu&rsquo;\u00ab\u00a0avec les groupes, on a pu faire des tableaux qui nous ressemblaient. On a eu carte blanche. Il y avait de l\u2019\u00e9motion chez Soprano, de la danse chez Matt Pokora du classique et de la voix chez Patrick Fiori.\u00a0\u00bb<\/p>\n<p>\u00ab\u00a0J\u2019aimerais faire \u00a0\u00bbThe Voice\u00a0\u00bb\u00a0\u00bb<\/p>\n<p>\u00ab\u00a0The Voice Kids\u00a0\u00bb n\u2019a, pour certains jur\u00e9s, rien d\u2019une \u00e9vidence. \u00ab\u00a0Je n\u2019aurais pas pu faire l\u2019\u00e9mission enfant, a assur\u00e9 Santa. Je n\u2019\u00e9tais d\u00e9j\u00e0 pas arm\u00e9e pour affronter le regard des autres enfants. La voix n\u2019\u00e9tait pas encore n\u00e9e. Et le courage aussi. J\u2019ai beaucoup de respect pour eux.\u00a0\u00bb Deux de ses coll\u00e8gues ont connu, eux, des exp\u00e9riences pr\u00e9coces dans la <a href=\"https:\/\/www.20minutes.fr\/arts-stars\/culture\/musique\/\" class=\"c-link c-link--is-underlined\" rel=\"nofollow noopener\" target=\"_blank\">musique<\/a>. \u00ab\u00a0Enfant, je faisais d\u00e9j\u00e0 des concours de chant avec mon fr\u00e8re\u00a0\u00bb, a rappel\u00e9 Patrick Fiori. \u00ab\u00a0Je chantais en famille, puis j\u2019ai form\u00e9 un groupe avec mes cousins, se souvient Soprano. On participait d\u00e9j\u00e0 \u00e0 des tremplins, vers 15-16 ans, mais on n\u2019\u00e9tait jamais seul. Ce n\u2019est pas un exercice facile.\u00a0\u00bb<\/p>\n<p>A la question de saisir, un jour, un tremplin pour devenir ou redevenir jur\u00e9 de \u00ab\u00a0The Voice\u00a0\u00bb, les avis ont diverg\u00e9. \u00ab\u00a0Je ne pense pas \u00eatre, un jour, membre du jury de \u00a0\u00bbThe Voice\u00a0\u00bb, m\u00eame si je ne m\u2019interdis rien, a d\u00e9clar\u00e9 Santa. Adulte, il y a tellement d\u2019enjeux de carri\u00e8re et de pression \u00e9conomique.\u00a0\u00bb Soprano a poursuivi\u00a0: \u00ab\u00a0C\u2019est vraiment un autre exercice. Avec l\u2019adulte, il y a comme l\u2019impression que si tu ne le prends pas, c\u2019est la fin de sa carri\u00e8re. Mais on a davantage de discussions de passionn\u00e9s et on parle aussi plus de technique.\u00a0\u00bb<\/p>\n<\/p>\n<p>Matt\u00a0Pokora, lui, a connu les deux versions, celle des adultes et celle des enfants. \u00ab\u00a0A l\u2019\u00e9poque, j\u2019ai encha\u00een\u00e9 Kids-Adulte-Kids, et je n\u2019avais pas le m\u00eame tact avec les enfants, je n\u2019avais pas la fibre parentale aussi\u00a0\u00bb, a confi\u00e9 celui qui est devenu p\u00e8re de famille. Patrick Fiori, lui, n\u2019a pas cach\u00e9 son envie, un jour, de coacher les grands\u00a0: \u00ab\u00a0J\u2019aimerais faire \u00a0\u00bb<a href=\"https:\/\/www.20minutes.fr\/television\/the-voice\/\" class=\"c-link c-link--is-underlined\" rel=\"nofollow noopener\" target=\"_blank\">The Voice<\/a>\u00a0\u00bb une ann\u00e9e. Les \u00a0\u00bbAll Stars\u00a0\u00bb, ce n\u2019est pas pareil. Cela fait dix ans que je fais les Kids\u00a0\u00bb. Et c\u2019est \u00e0 celui qui est pr\u00e9sent depuis le lancement du programme que revient le mot de la fin\u00a0: \u00ab\u00a0C\u2019est la plus \u00e9norme et la plus extraordinaire saison que j\u2019ai connue, dans tous les sens du terme.\u00a0\u00bb<\/p>\n","protected":false},"excerpt":{"rendered":"Dans \u00ab\u00a0The Voice Kids\u00a0\u00bb, les enfants vont donner de la voix devant un jury largement remani\u00e9. Patrick Fiori,&hellip;\n","protected":false},"author":2,"featured_media":354125,"comment_status":"","ping_status":"","sticky":false,"template":"","format":"standard","meta":{"footnotes":""},"categories":[1356],"tags":[1695,5551,251,58,847,59,1011,27,20497,10824,2886,873,10827,44726,10826,8476,252,199,3074,10828,1364],"class_list":{"0":"post-354124","1":"post","2":"type-post","3":"status-publish","4":"format-standard","5":"has-post-thumbnail","7":"category-television","8":"tag-chanson","9":"tag-chanson-francaise","10":"tag-culture","11":"tag-divertissement","12":"tag-enfant","13":"tag-entertainment","14":"tag-fr","15":"tag-france","16":"tag-jury","17":"tag-m-pokora","18":"tag-matt-pokora","19":"tag-musique","20":"tag-nikos-aliagas","21":"tag-santa","22":"tag-soprano","23":"tag-telecrochet","24":"tag-television","25":"tag-tf1","26":"tag-the-voice","27":"tag-the-voice-kids","28":"tag-tv"},"share_on_mastodon":{"url":"https:\/\/pubeurope.com\/@fr\/115116725057497623","error":""},"_links":{"self":[{"href":"https:\/\/www.europesays.com\/fr\/wp-json\/wp\/v2\/posts\/354124","targetHints":{"allow":["GET"]}}],"collection":[{"href":"https:\/\/www.europesays.com\/fr\/wp-json\/wp\/v2\/posts"}],"about":[{"href":"https:\/\/www.europesays.com\/fr\/wp-json\/wp\/v2\/types\/post"}],"author":[{"embeddable":true,"href":"https:\/\/www.europesays.com\/fr\/wp-json\/wp\/v2\/users\/2"}],"replies":[{"embeddable":true,"href":"https:\/\/www.europesays.com\/fr\/wp-json\/wp\/v2\/comments?post=354124"}],"version-history":[{"count":0,"href":"https:\/\/www.europesays.com\/fr\/wp-json\/wp\/v2\/posts\/354124\/revisions"}],"wp:featuredmedia":[{"embeddable":true,"href":"https:\/\/www.europesays.com\/fr\/wp-json\/wp\/v2\/media\/354125"}],"wp:attachment":[{"href":"https:\/\/www.europesays.com\/fr\/wp-json\/wp\/v2\/media?parent=354124"}],"wp:term":[{"taxonomy":"category","embeddable":true,"href":"https:\/\/www.europesays.com\/fr\/wp-json\/wp\/v2\/categories?post=354124"},{"taxonomy":"post_tag","embeddable":true,"href":"https:\/\/www.europesays.com\/fr\/wp-json\/wp\/v2\/tags?post=354124"}],"curies":[{"name":"wp","href":"https:\/\/api.w.org\/{rel}","templated":true}]}}