{"id":354126,"date":"2025-08-30T08:16:15","date_gmt":"2025-08-30T08:16:15","guid":{"rendered":"https:\/\/www.europesays.com\/fr\/354126\/"},"modified":"2025-08-30T08:16:15","modified_gmt":"2025-08-30T08:16:15","slug":"focus-sur-les-films-livres-et-disques-dans-les-starting-blocks","status":"publish","type":"post","link":"https:\/\/www.europesays.com\/fr\/354126\/","title":{"rendered":"focus sur les films, livres et disques dans les starting-blocks"},"content":{"rendered":"\n<p class=\"c-chapo \">\n  On n&rsquo;en a jamais termin\u00e9 avec les Beatles, qui font encore l&rsquo;objet en cette rentr\u00e9e d&rsquo;une avalanche de sorties. Revue de d\u00e9tails sur ce qui attend les amateurs ces prochaines semaines.\n<\/p>\n<p>            lire plus tard<\/p>\n<p id=\"dialog__title\" class=\"dialog__title\">Pour sauvegarder cet article, connectez-vous ou cr\u00e9ez un compte franceinfo<\/p>\n<p class=\"dialog__description\">Sans paiement. Sans abonnement.<\/p>\n<p>        Fermer la fen\u00eatre d\u2019activation des notifications France Info<\/p>\n<p>            cr\u00e9er votre compte<\/p>\n<p>            se connecter<\/p>\n<p>        Fermer la fen\u00eatre de pr\u00e9sentation<\/p>\n<p>    <img loading=\"lazy\" decoding=\"async\" class=\"signature__image lazyload\" width=\"100\" height=\"100\" data- alt=\"\" src=\"https:\/\/www.europesays.com\/fr\/wp-content\/uploads\/2025\/07\/61b8b992ac9d6_laure-narlian.png\"\/><\/p>\n<p>          France T\u00e9l\u00e9visions &#8211; R\u00e9daction Culture<\/p>\n<p>    Publi\u00e9 le 30\/08\/2025 06:00<\/p>\n<p>        Temps de lecture : 8min<\/p>\n<p>    <img decoding=\"async\"  alt=\"Paul McCartney, Ringo Starr, George Harrison et John Lennon des Beatles font un break sur le tournage du film &quot;Help!&quot; en Grande-Bretagne, le 25\u00a0ao\u00fbt\u00a01965. (MICHAEL OCHS ARCHIVES\u00a0\/\u00a0MICHAEL OCHS ARCHIVES\u00a0\/\u00a0GETTY IMAGES)\" width=\"432\" height=\"243\" src=\"https:\/\/www.europesays.com\/fr\/wp-content\/uploads\/2025\/08\/gettyimages-74253696-68b1bbbe35200753742763.jpg\" fetchpriority=\"high\"\/><\/p>\n<p>      Paul McCartney, Ringo Starr, George Harrison et John Lennon des Beatles font un break sur le tournage du film \u00ab\u00a0Help!\u00a0\u00bb en Grande-Bretagne, le 25\u00a0ao\u00fbt\u00a01965. (MICHAEL OCHS ARCHIVES\u00a0\/\u00a0MICHAEL OCHS ARCHIVES\u00a0\/\u00a0GETTY IMAGES)<\/p>\n<p style=\"font-weight: 400;\">Les Beatles sont d\u00e9cid\u00e9ment une source in\u00e9puisable d&rsquo;inspiration. Pas une rentr\u00e9e ne se passe sans ses sorties diverses et vari\u00e9es autour des Fab\u00a0Four. Il faut croire que plus qu&rsquo;aucun autre, ce groupe embl\u00e9matique d&rsquo;une \u00e9poque continue de r\u00e9sonner avec intensit\u00e9 au pr\u00e9sent. Pas moins de deux nouveaux livres et une \u00e9dition augment\u00e9e s&rsquo;appr\u00eatent \u00e0 para\u00eetre, deux films sont \u00e9galement au menu des sorties ces prochaines semaines, ainsi qu&rsquo;un documentaire sur Disney+, sans compter la publication de deux copieux coffrets.<strong><\/strong><\/p>\n<p>Alors que <a href=\"https:\/\/www.franceinfo.fr\/culture\/musique\/rock\/john-paul-george-et-ringo-sam-mendes-va-realiser-un-biopic-sur-chacun-des-beatles_6377914.html\" rel=\"nofollow noopener\" target=\"_blank\">Sam Mend\u00e8s pr\u00e9pare quatre biopics distincts sur chacun des Beatles<\/a>, attendus autour de 2028, le groupe continue d&rsquo;inspirer les r\u00e9alisateurs. Manqueraient-ils d&rsquo;imagination\u00a0? Pas le moins du monde si l&rsquo;on s&rsquo;en tient aux deux films qui sortiront d&rsquo;ici \u00e0 la mi-octobre autour des Fab\u00a0Four. Ces deux documentaires sont m\u00eame des cas d&rsquo;\u00e9cole sur la fa\u00e7on cr\u00e9ative d&rsquo;exploiter des documents d&rsquo;archives.<br \/>\nUn documentaire r\u00eaveur sur les Beatles \u00e0 New\u00a0York en 1965<\/p>\n<p style=\"font-weight: 400;\">Le 24 septembre sort un film ovni, Things We Said Today (le titre d&rsquo;une chanson des Beatles) du Roumain Andrei Ujica. Il s&rsquo;agit d&rsquo;une chronique parfois po\u00e9tique des trois jours durant lesquels les Beatles s\u00e9journ\u00e8rent \u00e0 New\u00a0York du 13 au 15\u00a0ao\u00fbt\u00a01965, pour leur fameux concert \u00e0 guichet ferm\u00e9 au Shea Stadium devant 55\u00a0000\u00a0personnes, en pleine Beatlemania (ce n&rsquo;\u00e9tait cependant pas leur premier concert \u00e0 New\u00a0York).<\/p>\n<\/p>\n<p style=\"font-weight: 400;\">Bas\u00e9 sur des images d&rsquo;archives en noir et blanc dans la premi\u00e8re partie, puis en couleurs, le film s&rsquo;\u00e9loigne peu \u00e0 peu des Beatles et \u00e9largit le champ pour raconter la jeunesse am\u00e9ricaine et les soubresauts de l&rsquo;\u00e9poque. Avec, pour coudre toutes ces images ensemble, deux personnages de fiction dessin\u00e9s en surimpression, un gar\u00e7on et une fille, narrateurs romantiques qui, comme Delphine et Maxence dans Les Demoiselles de Rochefort, sont faits l&rsquo;un pour l&rsquo;autre, mais se croisent sans jamais se trouver. Une curiosit\u00e9 \u00e0 r\u00e9server aux fans hardcore.<\/p>\n<p>Un documentaire passionnant sur John et\u00a0Yoko<\/p>\n<p style=\"font-weight: 400;\">Il faudra faire vite pour aller voir One to One: John &amp;\u00a0Yoko, le copieux documentaire de Kevin McDonald (Le Dernier Roi d&rsquo;\u00c9cosse), qui ne sera en salles que deux jours, les 11 et 12\u00a0octobre. Mais ce film vaut le d\u00e9tour. Il montre John Lennon et Yoko Ono \u00e0 leur sommet cr\u00e9atif et combatif, de la fin 1971 \u00e0 1973, au moment o\u00f9, apr\u00e8s avoir quitt\u00e9 Londres, ils occupent un petit deux\u00a0pi\u00e8ces de Greenwich village \u00e0 New\u00a0York. Dans un montage habile d&rsquo;images et d&rsquo;enregistrements audio rarissimes, ce film \u00e9claire les enjeux politiques de l&rsquo;\u00e9poque \u2013\u00a0Nixon et la guerre du Vietnam en toile de fond\u00a0\u2013 et l&#8217;embrasement de la jeunesse militante.<\/p>\n<\/p>\n<p style=\"font-weight: 400;\">Autour de John et Yoko, deux artistes fusionnels \u00e9minemment sinc\u00e8res dans leurs engagements, plac\u00e9s sur \u00e9coute et d\u00e9clar\u00e9s ind\u00e9sirables par le pouvoir \u00e9tasunien, on se familiarise avec leur entourage d&rsquo;alors, Allen Ginsberg et les activistes Jerry Rubin et John Sinclair, avec lesquels ils prendront finalement leurs distances. Le film est rythm\u00e9 par des images restaur\u00e9es des deux concerts de charit\u00e9 One\u00a0To\u00a0One qu&rsquo;ils donn\u00e8rent au Madison Square Garden le m\u00eame jour, le 30\u00a0ao\u00fbt\u00a01972, en faveur d&rsquo;un centre pour enfants d\u00e9ficients, dont le d\u00e9nuement et l&rsquo;abandon, d\u00e9couverts dans un reportage, les avaient boulevers\u00e9s. D\u00e9filent notamment Instant Karma!, Imagine, Give Peace a Chance et une version d\u00e9chirante de Mother. Un must.<\/p>\n<p>\nUne biographie de George Harrison\n<\/p>\n<p>Longtemps dans l&rsquo;ombre de l&rsquo;encombrant duo Lennon-McCartney, George Harrison ne comptait pas pour du beurre dans les Beatles. Guitariste au jeu vari\u00e9, artiste visionnaire \u2013\u00a0c&rsquo;est lui qui introduit le sitar dans les compositions du groupe, puis le synth\u00e9tiseur sur Abbey Road\u00a0\u2013, passionn\u00e9 de spiritualit\u00e9, il a apport\u00e9 sa pierre \u00e0 l&rsquo;\u00e9difice avec des bijoux comme While My Guitar Gently Weeps ou Here Comes the Sun, puis en solo avec My Sweet Lord, son morceau le plus connu. Dominique Grandfils retrace son parcours dans George Harrison, l&rsquo;\u00e2me tranquille des Beatles, attendu le 23\u00a0septembre aux \u00e9ditions \u00c9ric Bonnier.<\/p>\n<p>    <img decoding=\"async\" class=\"cms-media-image lazyload\" alt=\"La couverture de &quot;George Harrison, l'\u00e2me tranquille des Beatles&quot; de Dominique Grandfils. (EDITIONS ERIC BONNIER)\" width=\"720\" height=\"347.19710669078\" data- src=\"https:\/\/www.europesays.com\/fr\/wp-content\/uploads\/2025\/08\/harrison-68b1ae674a220795295684.jpg\"\/><\/p>\n<p>      La couverture de \u00ab\u00a0George Harrison, l&rsquo;\u00e2me tranquille des Beatles\u00a0\u00bb de Dominique Grandfils. (EDITIONS ERIC BONNIER)<\/p>\n<p>\nUn livre sur la vie et l&rsquo;\u0153uvre de John Lennon<br \/>\nLe 9 octobre, le jour m\u00eame o\u00f9 John Lennon aurait f\u00eat\u00e9 ses 85\u00a0ans, les \u00e9ditions du Layeur publient John\u00a0Lennon, un beau livre illustr\u00e9 dans lequel l&rsquo;auteur Paul (un Fran\u00e7ais, pas McCartney), d\u00e9j\u00e0 auteur d&rsquo;un ouvrage complet sur The\u00a0Cure l&rsquo;an pass\u00e9, d\u00e9cortique la carri\u00e8re solo de l&rsquo;ex-Beatles. Ses chansons, ses albums, ses concerts et ses exp\u00e9rimentations avant-gardistes, qui faisaient \u00e9cho \u00e0 ses diff\u00e9rents engagements et \u00e0 sa vie priv\u00e9e, sont minutieusement analys\u00e9s, tout en mettant la parole de l&rsquo;artiste en avant.<\/p>\n<p>    <img decoding=\"async\" class=\"cms-media-image lazyload\" alt=\"&quot;John Lennon&quot; par l'auteur fran\u00e7ais Paul. 230x280\u00a0mm, 256\u00a0pages. (EDITIONS DU LAYEUR)\" width=\"720\" height=\"306.22009569378\" data- src=\"https:\/\/www.europesays.com\/fr\/wp-content\/uploads\/2025\/08\/johnlennon-68b1b0b1bd093713036640.jpg\"\/><\/p>\n<p>      \u00ab\u00a0John Lennon\u00a0\u00bb par l&rsquo;auteur fran\u00e7ais Paul. 230&#215;280\u00a0mm, 256\u00a0pages. (EDITIONS DU LAYEUR)<\/p>\n<p>\nR\u00e9\u00e9dition augment\u00e9e d&rsquo;une somme sur les Beatles\n<\/p>\n<p>Le journaliste Stan Cuesta propose d\u00e8s le 11\u00a0septembre chez le m\u00eame \u00e9diteur une \u00e9dition augment\u00e9e de sa biographie et discographie de r\u00e9f\u00e9rence des Fab\u00a0Four dans la collection Cover. Car comme il le dit lui-m\u00eame\u00a0: \u00ab\u00a0On n&rsquo;en a jamais fini avec les Beatles\u00a0!\u00a0\u00bb. Il faut sans arr\u00eat mettre \u00e0 jour les sorties, du documentaire The Beatles: Get Back, \u00e0 la derni\u00e8re chanson des Beatles boucl\u00e9e avec l&rsquo;aide de l&rsquo;IA <a href=\"https:\/\/www.franceinfo.fr\/culture\/musique\/la-derniere-chanson-des-beatles-now-and-them-le-miracle-de-la-technologie-reuni-les-fab-four-54-ans-plus-tard_6159624.html\" rel=\"nofollow noopener\" target=\"_blank\">Now and Then<\/a>, sans compter les nouveaux albums de Paul McCartney et Ringo Starr, fringants octog\u00e9naires toujours en activit\u00e9.<\/p>\n<p>    <img loading=\"lazy\" decoding=\"async\" class=\"cms-media-image lazyload\" alt=\"&quot;The Beatles&quot;, \u00e9dition augment\u00e9e et enrichie de l'ouvrage de r\u00e9f\u00e9rence de Stan Cuesta sur les Fab\u00a0Four. (EDITIONS DU LAYEUR)\" width=\"720\" height=\"288\" data- src=\"https:\/\/www.europesays.com\/fr\/wp-content\/uploads\/2025\/08\/thebeatlescuesta-68b1b1ce2b260841978679.jpg\"\/><\/p>\n<p>      \u00ab\u00a0The Beatles\u00a0\u00bb, \u00e9dition augment\u00e9e et enrichie de l&rsquo;ouvrage de r\u00e9f\u00e9rence de Stan Cuesta sur les Fab\u00a0Four. (EDITIONS DU LAYEUR)<\/p>\n<p>\nPeter Jackson ajoute sa pierre au documentaire \u00ab\u00a0The Beatles Anthology\u00a0\u00bb\n<\/p>\n<p>C\u00f4t\u00e9 documentaire et musique, Disney+ continue d&rsquo;exploiter le filon Beatles avec succ\u00e8s. Apr\u00e8s le formidable documentaire <a href=\"https:\/\/www.franceinfo.fr\/culture\/musique\/the-beatles\/the-beatles-get-back-lincroyable-machine-a-remonter-le-temps-de-peter-jackson-debarque-sur-disney_4857783.html\" rel=\"nofollow noopener\" target=\"_blank\">The Beatles: Get Back<\/a> de Peter Jackson en 2021 et <a href=\"https:\/\/www.franceinfo.fr\/culture\/musique\/rock\/beatles-64-sur-disney-en-viree-avec-les-fab-four-lors-de-leurs-premiers-pas-en-amerique-il-y-a-soixante-ans_6922292.html\" rel=\"nofollow noopener\" target=\"_blank\">Beatles\u00a064<\/a> de David Tedeschi produit par Martin Scorsese diffus\u00e9 l&rsquo;hiver dernier, la firme aux grandes oreilles remet le couvert. <\/p>\n<p>    <img decoding=\"async\" class=\"cms-media-image lazyload\" alt=\"Peter Jackson ajoute un 9e\u00a0\u00e9pisode \u00e0 la s\u00e9rie documentaire \" the=\"\" beatles=\"\" anthology=\"\" width=\"720\" height=\"340.58656575213\" data- src=\"https:\/\/www.europesays.com\/fr\/wp-content\/uploads\/2025\/08\/thebeatlesanthology-68b1b58da10d5580038020.jpg\"\/><\/p>\n<p>      Peter Jackson ajoute un 9e\u00a0\u00e9pisode \u00e0 la s\u00e9rie documentaire \u00ab\u00a0The Beatles Anthology\u00a0\u00bb. (DISNEY+)<\/p>\n<p> Le r\u00e9alisateur australien Peter Jackson sera aux manettes du neuvi\u00e8me \u00e9pisode de la s\u00e9rie documentaire t\u00e9l\u00e9vis\u00e9e The Beatles Anthology, dont les huit premiers avaient \u00e9t\u00e9 diffus\u00e9s en 1995. Dans le nouveau volet, promis pour le 26\u00a0novembre, on verra notamment la r\u00e9union de Paul, George et Ringo avec leur producteur George Martin lors de la cr\u00e9ation de la s\u00e9rie dans les ann\u00e9es\u00a01990, se souvenant de leur vie de Beatles.<\/p>\n<p>\nUn coffret \u00ab\u00a0Anthology\u00a0\u00bb des Beatles enrichi\n<\/p>\n<p>Dans la foul\u00e9e sortira le 21\u00a0novembre un coffret Deluxe Beatles Anthology. Il s&rsquo;agit de 8\u00a0CD r\u00e9unissant les trois volumes pr\u00e9c\u00e9dents remasteris\u00e9s par Giles Martin (fils du producteur historique des Fab\u00a0Four George Martin), enrichis d&rsquo;un 4e\u00a0volume in\u00e9dit de 36\u00a0titres compos\u00e9s de d\u00e9mos rares, de morceaux live et de chutes de studio. Le pr\u00e9c\u00e9dent coffret contenait d\u00e9j\u00e0 deux chansons in\u00e9dites, Free as a Bird et Real Love, et ce quatri\u00e8me volume comportera \u00e9videmment le dernier in\u00e9dit en date des Beatles, ce <a href=\"https:\/\/youtu.be\/Opxhh9Oh3rg?feature=shared\" target=\"_blank\" rel=\"noopener nofollow\">Now and Then<\/a> cr\u00e9\u00e9 avec l&rsquo;aide de l&rsquo;IA.<\/p>\n<p>\nUn coffret de raret\u00e9s de John &amp;\u00a0Yoko\n<\/p>\n<p>Le 30 ao\u00fbt 1972, John Lennon, Yoko Ono et le Plastic Ono Band donnaient un double concert de charit\u00e9 (un l&rsquo;apr\u00e8s-midi, un le soir) au Madison Square Garden de New\u00a0York. Les deux concerts permirent de r\u00e9colter 1,5\u00a0million de dollars pour la Willowbrook State School, un centre en perdition de Staten Island (New\u00a0York) pour enfants handicap\u00e9s, dont on voit des images gla\u00e7antes dans le documentaire One to One: John &amp;\u00a0Yoko de Kevin McDonald.<\/p>\n<p>Le 9 octobre sortira chez Capitol un monumental coffret de 9\u00a0CD et 3\u00a0Blue Ray baptis\u00e9 Power to the People, contenant des archives du couple du d\u00e9but des ann\u00e9es\u00a01970, et documentant surtout en int\u00e9gralit\u00e9 les deux concerts pr\u00e9cit\u00e9s. La prestation est urgente, d&rsquo;une simplicit\u00e9 brute de d\u00e9coffrage, et on y sent John Lennon sinc\u00e8re. Le coffret contient notamment des versions habit\u00e9es d&rsquo;Instant Karma! et de Come Together, une version d\u00e9chirante de Mother, un hommage au militant John Sinclair, et Attica State, une complainte autour des \u00e9meutes meurtri\u00e8res survenues en septembre\u00a01971 dans cette prison am\u00e9ricaine. Un beau document dont la restauration respectueuse a \u00e9t\u00e9 r\u00e9alis\u00e9e sous la supervision de Sean Ono\u00a0Lennon.<\/p>\n","protected":false},"excerpt":{"rendered":"On n&rsquo;en a jamais termin\u00e9 avec les Beatles, qui font encore l&rsquo;objet en cette rentr\u00e9e d&rsquo;une avalanche de&hellip;\n","protected":false},"author":2,"featured_media":354127,"comment_status":"","ping_status":"","sticky":false,"template":"","format":"standard","meta":{"footnotes":""},"categories":[1355],"tags":[58,59,1011,27,1361,873],"class_list":{"0":"post-354126","1":"post","2":"type-post","3":"status-publish","4":"format-standard","5":"has-post-thumbnail","7":"category-musique","8":"tag-divertissement","9":"tag-entertainment","10":"tag-fr","11":"tag-france","12":"tag-music","13":"tag-musique"},"share_on_mastodon":{"url":"https:\/\/pubeurope.com\/@fr\/115116729110654084","error":""},"_links":{"self":[{"href":"https:\/\/www.europesays.com\/fr\/wp-json\/wp\/v2\/posts\/354126","targetHints":{"allow":["GET"]}}],"collection":[{"href":"https:\/\/www.europesays.com\/fr\/wp-json\/wp\/v2\/posts"}],"about":[{"href":"https:\/\/www.europesays.com\/fr\/wp-json\/wp\/v2\/types\/post"}],"author":[{"embeddable":true,"href":"https:\/\/www.europesays.com\/fr\/wp-json\/wp\/v2\/users\/2"}],"replies":[{"embeddable":true,"href":"https:\/\/www.europesays.com\/fr\/wp-json\/wp\/v2\/comments?post=354126"}],"version-history":[{"count":0,"href":"https:\/\/www.europesays.com\/fr\/wp-json\/wp\/v2\/posts\/354126\/revisions"}],"wp:featuredmedia":[{"embeddable":true,"href":"https:\/\/www.europesays.com\/fr\/wp-json\/wp\/v2\/media\/354127"}],"wp:attachment":[{"href":"https:\/\/www.europesays.com\/fr\/wp-json\/wp\/v2\/media?parent=354126"}],"wp:term":[{"taxonomy":"category","embeddable":true,"href":"https:\/\/www.europesays.com\/fr\/wp-json\/wp\/v2\/categories?post=354126"},{"taxonomy":"post_tag","embeddable":true,"href":"https:\/\/www.europesays.com\/fr\/wp-json\/wp\/v2\/tags?post=354126"}],"curies":[{"name":"wp","href":"https:\/\/api.w.org\/{rel}","templated":true}]}}