{"id":354128,"date":"2025-08-30T08:17:12","date_gmt":"2025-08-30T08:17:12","guid":{"rendered":"https:\/\/www.europesays.com\/fr\/354128\/"},"modified":"2025-08-30T08:17:12","modified_gmt":"2025-08-30T08:17:12","slug":"lautre-gros-regret-du-realisateur-sur-le-premier-film-de-la-saga-culte","status":"publish","type":"post","link":"https:\/\/www.europesays.com\/fr\/354128\/","title":{"rendered":"l&rsquo;autre gros regret du r\u00e9alisateur sur le premier film de la saga culte"},"content":{"rendered":"<p><strong><a href=\"https:\/\/www.ecranlarge.com\/personnalite\/651846-chris-columbus\" data-type=\"people\" data-id=\"304059\" rel=\"nofollow noopener\" target=\"_blank\">Chris Columbus <\/a>a un autre regret concernant <a href=\"https:\/\/www.ecranlarge.com\/films\/838667-harry-potter-a-l-ecole-des-sorciers\" data-type=\"films\" data-id=\"654096\" rel=\"nofollow noopener\" target=\"_blank\">Harry Potter \u00e0 l\u2019\u00e9cole des sorciers<\/a>, trop court pour accueillir toutes les sc\u00e8nes cl\u00e9s du premier livre<\/strong>.<\/p>\n<p>Avec l\u2019arriv\u00e9e de la s\u00e9rie HBO (et \u00e0 l\u2019approche de l\u2019automne, synonyme de marathon des huit films pour beaucoup de fans), la franchise sur le sorcier interpr\u00e9t\u00e9 par <a href=\"https:\/\/www.ecranlarge.com\/personnalite\/652001-daniel-radcliffe\" data-type=\"people\" data-id=\"5477\" rel=\"nofollow noopener\" target=\"_blank\">Daniel Radcliffe<\/a> fait encore plus parler d\u2019elle que d\u2019habitude. <a href=\"https:\/\/www.ecranlarge.com\/series\/news\/harry-potter-serie-casting-weasley\" rel=\"nofollow noopener\" target=\"_blank\">Le casting de la s\u00e9rie <strong>Harry Potter<\/strong> ne cesse de s\u2019agrandir<\/a>, et on conna\u00eet d\u00e9sormais beaucoup de noms en plus du trio principal. Chaque saison \u00e9tant cens\u00e9e correspondre \u00e0 un livre, la showrunneuse <a href=\"https:\/\/www.ecranlarge.com\/personnalite\/francesca-gardiner\" data-type=\"people\" data-id=\"1194958\" rel=\"nofollow noopener\" target=\"_blank\">Francesca Gardiner<\/a> (<strong>Succession<\/strong>, <strong>Killing Eve<\/strong>) aura bien plus de temps pour mettre en place ses personnages\u2026 <strong>et pourquoi pas en int\u00e9grer d\u2019autres qui manquent \u00e0 l\u2019appel dans les films.<\/strong><\/p>\n<p>                    <img decoding=\"async\" alt=\"\" class=\"wp-image-518375\" style=\"object-fit:cover;width:25px;height:25px\" src=\"https:\/\/www.ecranlarge.com\/content\/uploads\/2023\/09\/arrow-right-circle.svg\"\/><\/p>\n<p><a href=\"https:\/\/www.ecranlarge.com\/films\/news\/harry-potter-chris-columbus-realisateur-scene-regrette\" data-type=\"link\" data-id=\"https:\/\/www.ecranlarge.com\/films\/news\/harry-potter-chris-columbus-realisateur-scene-regrette\" rel=\"nofollow noopener\" target=\"_blank\">Chris Columbus, le r\u00e9alisateur des deux premiers <strong>Harry Potter<\/strong>, avait d\u00e9j\u00e0 partag\u00e9 l\u2019un de ses regrets sur le premier film<\/a>. M\u00eame s\u2019il a \u00e9t\u00e9 l\u2019un des architectes de l\u2019une des sagas les plus populaires de l\u2019histoire du cin\u00e9ma, il estime qu\u2019il aurait pu faire mieux. Selon lui, il n\u2019a pas eu la libert\u00e9 qu\u2019il voulait avec les effets sp\u00e9ciaux. Mais en plus de \u00e7a, le cin\u00e9aste connu pour <strong>Maman, j\u2019ai rat\u00e9 l\u2019avion !<\/strong> et<strong> Madame Doubtfire<\/strong> <strong>se plaint de ne pas avoir eu le temps d\u2019adapter certains aspects<\/strong> du premier livre (qui fait quand m\u00eame plus de 300 pages). Il esp\u00e8re que la s\u00e9rie pourra corriger ce point.<\/p>\n<p><a href=\"https:\/\/www.ecranlarge.com\/content\/uploads\/2021\/12\/harry-potter-a-lecole-des-sorciers-photo-1408263.jpg\" rel=\"nofollow noopener\" target=\"_blank\"><img loading=\"lazy\" decoding=\"async\" alt=\"Harry Potter \u00e0 l'\u00e9cole des sorciers : photo\" class=\"wp-image-248677\" src=\"https:\/\/www.europesays.com\/fr\/wp-content\/uploads\/2025\/08\/harry-potter-a-lecole-des-sorciers-photo-1408263-630x354.jpg\" width=\"630\" height=\"354\"  \/><\/a>Sacr\u00e9 trio quand m\u00eame\u2026Harry Potter et la course contre la montre<\/p>\n<p>Dans une interview accord\u00e9e \u00e0 RadioTimes.com, le r\u00e9alisateur explique qu\u2019il aurait voulu int\u00e9grer un personnage tr\u00e8s important des livres, ainsi qu\u2019une sc\u00e8ne majeure du premier tome entre Harry et Hermione. Il esp\u00e8re que la s\u00e9rie pourra introduire ces nouveaux \u00e9l\u00e9ments :<\/p>\n<blockquote class=\"wp-block-quote is-layout-flow wp-block-quote-is-layout-flow\">\n<p><strong>\u00ab\u00a0Je ne suis pas du tout impliqu\u00e9, et je leur souhaite vraiment beaucoup de succ\u00e8s. Je pense que le gros point fort de la s\u00e9rie, c\u2019est qu\u2019ils ont dix heures pour adapter le premier livre, ce qu\u2019on n\u2019avait pas eu l\u2019occasion de faire. J\u2019avoue que je suis un peu jaloux. Il y avait tellement de choses qu\u2019on n\u2019a pas pu mettre dans les films\u2026 et pourtant ils n\u2019\u00e9taient pas courts, ils faisaient plus de deux heures et demie, mais je gal\u00e9rais quand m\u00eame. \u00c7a me hante encore parfois la nuit.\u00a0\u00bb<\/strong><\/p>\n<\/blockquote>\n<p><a href=\"https:\/\/www.ecranlarge.com\/content\/uploads\/2024\/10\/lvolivvex3dvvcwfvkxkf0r22d8.jpg\" rel=\"nofollow noopener\" target=\"_blank\"><\/p>\n<p><img loading=\"lazy\" decoding=\"async\" alt=\"harry potter \u00e0 l'\u00e9cole des sorciers\" src=\"https:\/\/www.europesays.com\/fr\/wp-content\/uploads\/2025\/08\/lvolivvex3dvvcwfvkxkf0r22d8-630x354.jpg\" width=\"630\" height=\"354\"  \/><\/p>\n<p><\/a>On aurait aim\u00e9 voir encore plus de sc\u00e8nes entre Hermione et Harry, dont l\u2019alchimie est tr\u00e8s importante dans les livres<\/p>\n<p>Chris Columbus explique quel est le personnage en question :<\/p>\n<blockquote class=\"wp-block-quote is-layout-flow wp-block-quote-is-layout-flow\">\n<p><strong>\u00ab\u00a0<\/strong><strong>Ce que je regrette le plus, c\u2019est de n\u2019avoir jamais pu mettre Peeves dans le premier film. Et puis il y a aussi une sc\u00e8ne du premier tome, L\u2019\u00c9cole des sorciers, o\u00f9 Hermione et Harry go\u00fbtent diff\u00e9rentes potions dans l\u2019une des \u00e9preuves, o\u00f9 l\u2019un d\u2019eux peut mourir \u00e0 tout moment. C\u2019est comme une partie d\u2019\u00e9checs incroyable, et on n\u2019a tout simplement pas eu le temps de la tourner. Alors j\u2019esp\u00e8re que ces sc\u00e8nes-l\u00e0 seront remises. Ils ont dix heures, j\u2019esp\u00e8re qu\u2019ils en feront bon usage.\u00a0\u00bb<\/strong><\/p>\n<\/blockquote>\n<p>Dans le livre, <strong>Peeves est un esprit frappeur bien connu \u00e0 Poudlard<\/strong>, o\u00f9 il aime semer la zizanie en se jouant des \u00e9l\u00e8ves et des professeurs. Chris Columbus est visiblement un grand fan de l\u2019\u0153uvre originale, qu\u2019il a l\u2019air de conna\u00eetre par c\u0153ur, et il met quasiment la pression \u00e0 Francesca Gardiner pour qu\u2019elle int\u00e8gre ces parties du bouquin. Reste \u00e0 savoir si elle exaucera son v\u0153u (et celui de nombreux lecteurs)\u2026 <strong>R\u00e9ponse en 2026 ou 2027 quand la s\u00e9rie d\u00e9barquera sur HBO. <\/strong><\/p>\n","protected":false},"excerpt":{"rendered":"Chris Columbus a un autre regret concernant Harry Potter \u00e0 l\u2019\u00e9cole des sorciers, trop court pour accueillir toutes&hellip;\n","protected":false},"author":2,"featured_media":354129,"comment_status":"","ping_status":"","sticky":false,"template":"","format":"standard","meta":{"footnotes":""},"categories":[1354],"tags":[58,59,1346,1011,27,1360],"class_list":{"0":"post-354128","1":"post","2":"type-post","3":"status-publish","4":"format-standard","5":"has-post-thumbnail","7":"category-films","8":"tag-divertissement","9":"tag-entertainment","10":"tag-films","11":"tag-fr","12":"tag-france","13":"tag-movies"},"share_on_mastodon":{"url":"https:\/\/pubeurope.com\/@fr\/115116733678387163","error":""},"_links":{"self":[{"href":"https:\/\/www.europesays.com\/fr\/wp-json\/wp\/v2\/posts\/354128","targetHints":{"allow":["GET"]}}],"collection":[{"href":"https:\/\/www.europesays.com\/fr\/wp-json\/wp\/v2\/posts"}],"about":[{"href":"https:\/\/www.europesays.com\/fr\/wp-json\/wp\/v2\/types\/post"}],"author":[{"embeddable":true,"href":"https:\/\/www.europesays.com\/fr\/wp-json\/wp\/v2\/users\/2"}],"replies":[{"embeddable":true,"href":"https:\/\/www.europesays.com\/fr\/wp-json\/wp\/v2\/comments?post=354128"}],"version-history":[{"count":0,"href":"https:\/\/www.europesays.com\/fr\/wp-json\/wp\/v2\/posts\/354128\/revisions"}],"wp:featuredmedia":[{"embeddable":true,"href":"https:\/\/www.europesays.com\/fr\/wp-json\/wp\/v2\/media\/354129"}],"wp:attachment":[{"href":"https:\/\/www.europesays.com\/fr\/wp-json\/wp\/v2\/media?parent=354128"}],"wp:term":[{"taxonomy":"category","embeddable":true,"href":"https:\/\/www.europesays.com\/fr\/wp-json\/wp\/v2\/categories?post=354128"},{"taxonomy":"post_tag","embeddable":true,"href":"https:\/\/www.europesays.com\/fr\/wp-json\/wp\/v2\/tags?post=354128"}],"curies":[{"name":"wp","href":"https:\/\/api.w.org\/{rel}","templated":true}]}}