{"id":354132,"date":"2025-08-30T08:19:10","date_gmt":"2025-08-30T08:19:10","guid":{"rendered":"https:\/\/www.europesays.com\/fr\/354132\/"},"modified":"2025-08-30T08:19:10","modified_gmt":"2025-08-30T08:19:10","slug":"psg-manchester-city-donnarumma-finalement-chez-un-autre-cador-anglais","status":"publish","type":"post","link":"https:\/\/www.europesays.com\/fr\/354132\/","title":{"rendered":"PSG &#8211; Manchester City : Donnarumma finalement chez un autre cador anglais ?"},"content":{"rendered":"<p>L\u2019\u00e9t\u00e9 parisien r\u00e9serve encore des surprises. <a href=\"https:\/\/www.goal.com\/fr\/listes\/gianluigi-donnarumma-a-manchester-city-la-nouvelle-revelation-qui-change-tout\/blte9945b7758c61069#csccd6143edb047b7b\" target=\"_self\" rel=\"noopener\">Alors que Manchester City semblait tenir la corde pour r\u00e9cup\u00e9rer Gianluigi Donnarumma, les n\u00e9gociations pi\u00e9tinent<\/a>. Le PSG, qui ne compte plus sur l\u2019Italien depuis <a href=\"https:\/\/www.goal.com\/fr\/news\/mercato-le-psg-officialise-lucas-chevalier-officiel\/blt77e7b8d1a2622ca6\" target=\"_self\" rel=\"noopener\">l\u2019arriv\u00e9e de Lucas Chevalier<\/a>, s\u2019appr\u00eate \u00e0 vivre un dernier week-end agit\u00e9. Un deuxi\u00e8me pr\u00e9tendant de Premier League est d\u00e9sormais entr\u00e9 en jeu, brouillant les cartes et rendant l\u2019issue du dossier plus incertaine que jamais.<\/p>\n<p>Contenu externe recommand\u00e9Vid\u00e9oNous avons besoin de votre consentement pour vous montrer le contenu int\u00e9gr\u00e9 de notre \u00e9quipe \u00e9ditorialeVid\u00e9o . Vous pouvez activer ceci (et tous les autres \u00e9l\u00e9ments int\u00e9gr\u00e9s \u00e0 partir deVid\u00e9o (via goal.com) en un seul clic et d\u00e9sactivez-le \u00e9galement.Toujours afficherVid\u00e9o contenuJe confirme que je souhaite voir du contenu externe. Des donn\u00e9es personnelles identifiables pourraient \u00eatre transf\u00e9r\u00e9es \u00e0 des tiers.<a href=\"https:\/\/www.goal.com\/fr\/l%C3%A9gal\/politique-priv%C3%A9e\" target=\"_blank\" rel=\"noreferrer noopener\"> Pour en savoir plus, consultez notre politique de confidentialit\u00e9.<\/a> .<\/p>\n","protected":false},"excerpt":{"rendered":"L\u2019\u00e9t\u00e9 parisien r\u00e9serve encore des surprises. Alors que Manchester City semblait tenir la corde pour r\u00e9cup\u00e9rer Gianluigi Donnarumma,&hellip;\n","protected":false},"author":2,"featured_media":354133,"comment_status":"","ping_status":"","sticky":false,"template":"","format":"standard","meta":{"footnotes":""},"categories":[9],"tags":[1011,27,30055,66,16663,3225,1434,91,70,60,28401],"class_list":{"0":"post-354132","1":"post","2":"type-post","3":"status-publish","4":"format-standard","5":"has-post-thumbnail","7":"category-sports","8":"tag-fr","9":"tag-france","10":"tag-g-donnarumma","11":"tag-ligue-1","12":"tag-manchester-city","13":"tag-manchester-united","14":"tag-mercato","15":"tag-paris-saint-germain","16":"tag-premier-league","17":"tag-sports","18":"tag-transfers"},"share_on_mastodon":{"url":"","error":""},"_links":{"self":[{"href":"https:\/\/www.europesays.com\/fr\/wp-json\/wp\/v2\/posts\/354132","targetHints":{"allow":["GET"]}}],"collection":[{"href":"https:\/\/www.europesays.com\/fr\/wp-json\/wp\/v2\/posts"}],"about":[{"href":"https:\/\/www.europesays.com\/fr\/wp-json\/wp\/v2\/types\/post"}],"author":[{"embeddable":true,"href":"https:\/\/www.europesays.com\/fr\/wp-json\/wp\/v2\/users\/2"}],"replies":[{"embeddable":true,"href":"https:\/\/www.europesays.com\/fr\/wp-json\/wp\/v2\/comments?post=354132"}],"version-history":[{"count":0,"href":"https:\/\/www.europesays.com\/fr\/wp-json\/wp\/v2\/posts\/354132\/revisions"}],"wp:featuredmedia":[{"embeddable":true,"href":"https:\/\/www.europesays.com\/fr\/wp-json\/wp\/v2\/media\/354133"}],"wp:attachment":[{"href":"https:\/\/www.europesays.com\/fr\/wp-json\/wp\/v2\/media?parent=354132"}],"wp:term":[{"taxonomy":"category","embeddable":true,"href":"https:\/\/www.europesays.com\/fr\/wp-json\/wp\/v2\/categories?post=354132"},{"taxonomy":"post_tag","embeddable":true,"href":"https:\/\/www.europesays.com\/fr\/wp-json\/wp\/v2\/tags?post=354132"}],"curies":[{"name":"wp","href":"https:\/\/api.w.org\/{rel}","templated":true}]}}