{"id":354138,"date":"2025-08-30T08:22:15","date_gmt":"2025-08-30T08:22:15","guid":{"rendered":"https:\/\/www.europesays.com\/fr\/354138\/"},"modified":"2025-08-30T08:22:15","modified_gmt":"2025-08-30T08:22:15","slug":"les-jeunes-diplomes-premieres-victimes-de-lintelligence-artificielle-generative","status":"publish","type":"post","link":"https:\/\/www.europesays.com\/fr\/354138\/","title":{"rendered":"les jeunes dipl\u00f4m\u00e9s, premi\u00e8res victimes de l&rsquo;intelligence artificielle g\u00e9n\u00e9rative"},"content":{"rendered":"<p>Pr\u00e8s de trois ans apr\u00e8s l&rsquo;arriv\u00e9e fracassante de ChatGPT, les premiers effets de l&rsquo;intelligence artificielle g\u00e9n\u00e9rative sur l&#8217;emploi commencent \u00e0 se faire sentir. Et ils ne sont pas rassurants : d&rsquo;apr\u00e8s une \u00e9tude sign\u00e9e\u00a0par trois chercheurs de l&rsquo;Universit\u00e9 de Stanford, publi\u00e9e le 26 ao\u00fbt, les jeunes travailleurs en d\u00e9but de carri\u00e8re sont les premi\u00e8res victimes de la technologie sur le march\u00e9 de l&#8217;emploi. Ceux qui \u00e9voluent dans les m\u00e9tiers les plus expos\u00e9s \u00e0 l&rsquo;IA ont m\u00eame vu leur emploi d\u00e9cliner de 13% aux Etats-Unis.<\/p>\n<p>Baptis\u00e9e\u00a0\u00ab Canaries in the Coal Mine ? Six Facts about the Recent Employment Effects of Artificial Intelligence \u00bb [Des canaris dans une mine de charbon ?\u00a0Six faits sur les effets r\u00e9cents de l&rsquo;intelligence artificielle sur l&#8217;emploi, Ndlr], l&rsquo;\u00e9tude s&rsquo;appuie sur les bulletins de\u00a0salaire mensuels du logiciel ADP, le plus grand prestataire de logiciels de paie aux Etats-Unis. Soit entre 3,5 et 5 millions de travailleurs, dans des dizaines de milliers d&rsquo;entreprises, et ce de janvier 2021 \u00e0 juillet 2025. \u00ab C&rsquo;est la premi\u00e8re \u00e9tude de grande ampleur, et l&rsquo;une des plus convaincantes, sur les effets de l&rsquo;IA sur l&#8217;emploi. La finesse et la repr\u00e9sentativit\u00e9 des donn\u00e9es utilis\u00e9es sont in\u00e9dites \u00bb, souligne, aupr\u00e8s de La Tribune, Axelle Arqui\u00e9, \u00e9conomiste au CEPII et cofondatrice de l&rsquo;Observatoire des Emplois Menac\u00e9s (OEM).<\/p>\n","protected":false},"excerpt":{"rendered":"Pr\u00e8s de trois ans apr\u00e8s l&rsquo;arriv\u00e9e fracassante de ChatGPT, les premiers effets de l&rsquo;intelligence artificielle g\u00e9n\u00e9rative sur l&#8217;emploi&hellip;\n","protected":false},"author":2,"featured_media":354139,"comment_status":"","ping_status":"","sticky":false,"template":"","format":"standard","meta":{"footnotes":""},"categories":[6],"tags":[17,35,49035,33,34,341,1011,27,4074,12230,151,30527,1807,2023],"class_list":{"0":"post-354138","1":"post","2":"type-post","3":"status-publish","4":"format-standard","5":"has-post-thumbnail","7":"category-economie","8":"tag-17","9":"tag-business","10":"tag-diplomes","11":"tag-economie","12":"tag-economy","13":"tag-emploi","14":"tag-fr","15":"tag-france","16":"tag-jeunes","17":"tag-lintelligence","18":"tag-les","19":"tag-premieres","20":"tag-technos-medias","21":"tag-victimes"},"share_on_mastodon":{"url":"https:\/\/pubeurope.com\/@fr\/115116752588505107","error":""},"_links":{"self":[{"href":"https:\/\/www.europesays.com\/fr\/wp-json\/wp\/v2\/posts\/354138","targetHints":{"allow":["GET"]}}],"collection":[{"href":"https:\/\/www.europesays.com\/fr\/wp-json\/wp\/v2\/posts"}],"about":[{"href":"https:\/\/www.europesays.com\/fr\/wp-json\/wp\/v2\/types\/post"}],"author":[{"embeddable":true,"href":"https:\/\/www.europesays.com\/fr\/wp-json\/wp\/v2\/users\/2"}],"replies":[{"embeddable":true,"href":"https:\/\/www.europesays.com\/fr\/wp-json\/wp\/v2\/comments?post=354138"}],"version-history":[{"count":0,"href":"https:\/\/www.europesays.com\/fr\/wp-json\/wp\/v2\/posts\/354138\/revisions"}],"wp:featuredmedia":[{"embeddable":true,"href":"https:\/\/www.europesays.com\/fr\/wp-json\/wp\/v2\/media\/354139"}],"wp:attachment":[{"href":"https:\/\/www.europesays.com\/fr\/wp-json\/wp\/v2\/media?parent=354138"}],"wp:term":[{"taxonomy":"category","embeddable":true,"href":"https:\/\/www.europesays.com\/fr\/wp-json\/wp\/v2\/categories?post=354138"},{"taxonomy":"post_tag","embeddable":true,"href":"https:\/\/www.europesays.com\/fr\/wp-json\/wp\/v2\/tags?post=354138"}],"curies":[{"name":"wp","href":"https:\/\/api.w.org\/{rel}","templated":true}]}}