{"id":354141,"date":"2025-08-30T08:24:11","date_gmt":"2025-08-30T08:24:11","guid":{"rendered":"https:\/\/www.europesays.com\/fr\/354141\/"},"modified":"2025-08-30T08:24:11","modified_gmt":"2025-08-30T08:24:11","slug":"francois-bayrou-engage-des-travaux-de-renovation-de-son-bureau-a-la-mairie-pour-40-000-euros","status":"publish","type":"post","link":"https:\/\/www.europesays.com\/fr\/354141\/","title":{"rendered":"Fran\u00e7ois Bayrou engage des travaux de r\u00e9novation de son bureau \u00e0 la mairie pour 40.000 euros"},"content":{"rendered":"<p>L\u2019annonce de la d\u00e9pense, publique, n\u2019a pas manqu\u00e9 de faire r\u00e9agir, alors que le <a href=\"https:\/\/www.20minutes.fr\/dossier\/premier_ministre\" class=\"c-link c-link--is-underlined\" rel=\"nofollow noopener\" target=\"_blank\">Premier ministre<\/a> n\u2019a de cesse d\u2019alerter sur l\u2019\u00e9tat d\u00e9sastreux des finances du pays, en raison du poids de la dette. <a href=\"https:\/\/www.mediapart.fr\/journal\/politique\/290825\/en-pleine-cure-d-austerite-bayrou-veut-redonner-sa-splendeur-son-bureau-de-maire\" rel=\"nofollow noopener\" target=\"_blank\" class=\"c-link c-link--is-underlined\">Mediapart <\/a>a r\u00e9v\u00e9l\u00e9 vendredi que <a href=\"https:\/\/www.20minutes.fr\/politique\/francois_bayrou\/\" class=\"c-link c-link--is-underlined\" rel=\"nofollow noopener\" target=\"_blank\">Fran\u00e7ois Bayrou<\/a> souhaite engager des travaux de r\u00e9novation de son bureau \u00e0 l\u2019h\u00f4tel de ville de <a href=\"https:\/\/www.20minutes.fr\/societe\/pau\/\" class=\"c-link c-link--is-underlined\" rel=\"nofollow noopener\" target=\"_blank\">Pau<\/a>, o\u00f9 il est toujours maire, pour un montant de 40.000 euros.<\/p>\n<p>Un arr\u00eat\u00e9 municipal datant du 28\u00a0juillet dernier a autoris\u00e9 les travaux, qui n\u2019ont pas encore d\u00e9but\u00e9. Ils consisteront notamment \u00e0 d\u00e9poser le sol pour retrouver le parquet d\u2019origine, r\u00e9aliser un enduit \u00e0 la chaux \u00ab\u00a0pour retrouver l\u2019esprit d\u2019antan\u00a0\u00bb, ou encore remplacer les luminaires, <a href=\"https:\/\/www.liberation.fr\/politique\/en-pleine-crise-sur-la-dette-et-le-budget-francois-bayrou-va-faire-renover-son-bureau-de-maire-a-pau-20250829_6YAXGYKTBJB4NGGY45A6R6VXAE\/\" rel=\"nofollow noopener\" target=\"_blank\" class=\"c-link c-link--is-underlined\">selon Lib\u00e9ration<\/a>.<\/p>\n<p>\u00ab\u00a0R\u00e9fection mineure\u00a0\u00bb<\/p>\n<p>La direction de la communication de la mairie de Pau a r\u00e9pondu \u00e0 Mediapart que \u00ab\u00a0la ville de Pau accorde une attention particuli\u00e8re \u00e0 la protection de son patrimoine architectural, reflet pr\u00e9cieux de son histoire et de son identit\u00e9 culturelle\u00a0\u00bb. La municipalit\u00e9 ajoute que cette \u00ab\u00a0r\u00e9fection mineure\u00a0\u00bb repr\u00e9sente \u00ab\u00a00,88\u00a0% du total des travaux r\u00e9alis\u00e9s au sein de l\u2019h\u00f4tel de ville entre\u00a02017 et\u00a02024.\u00a0\u00bb Il s\u2019agirait en fait de la touche finale d\u2019un projet de restauration de l\u2019h\u00f4tel de ville lanc\u00e9 en\u00a02017.<\/p>\n<\/p>\n<p>Le timing en revanche n\u2019est pas id\u00e9al, et a suscit\u00e9 l\u2019indignation chez de nombreux \u00e9lus de gauche. Le d\u00e9put\u00e9 de la Somme <a href=\"https:\/\/www.20minutes.fr\/dossier\/francois-ruffin\" class=\"c-link c-link--is-underlined\" rel=\"nofollow noopener\" target=\"_blank\">Fran\u00e7ois Ruffin<\/a> d\u00e9nonce ainsi sur X \u00ab\u00a0ces grands messieurs qui pr\u00f4nent l\u2019aust\u00e9rit\u00e9 pour les salari\u00e9s et les retrait\u00e9s\u00a0\u00bb et d\u00e9pensent 40.000 euros \u00ab\u00a0pour leur bureau\u00a0\u00bb.<\/p>\n<blockquote class=\"twitter-tweet\" align=\"center\" data-lang=\"fr_FR\">\n<p lang=\"fr\" dir=\"ltr\">40.000 \u20ac. Voil\u00e0 le co\u00fbt du bureau de Bayrou. Comme du si\u00e8ge de Larcher. Ces grands messieurs qui, pour les salari\u00e9s, les retrait\u00e9s, pr\u00f4nent l&rsquo;aust\u00e9rit\u00e9.<a href=\"https:\/\/t.co\/DYZ1bBle9X\" rel=\"nofollow\">https:\/\/t.co\/DYZ1bBle9X<\/a><\/p>\n<p>\u2014 Fran\u00e7ois Ruffin (@Francois_Ruffin) <a href=\"https:\/\/twitter.com\/Francois_Ruffin\/status\/1961420047496155408?ref_src=twsrc%5Etfw\" rel=\"nofollow noopener\" target=\"_blank\">August 29, 2025<\/a><\/p><\/blockquote>\n<p class=\"mb-xxl@xs color-ultramarine font-weight-semi-bold@xs font-source-serif-pro heading-s@xs\">L\u2019acc\u00e8s \u00e0 ce contenu a \u00e9t\u00e9 bloqu\u00e9 afin de respecter votre choix de consentement<\/p>\n<p class=\"mb-m@xs text-l@xs\">En cliquant sur\u00ab J\u2019accepte \u00bb, vous acceptez le d\u00e9p\u00f4t de cookies par des services externes et aurez ainsi acc\u00e8s aux contenus de nos partenaires.<\/p>\n<p class=\"mb-xl@xs text-s@xs\">Plus d\u2019informations sur la page<a href=\"https:\/\/www.20minutes.fr\/gestion-cookies\" class=\"mx-xxs@xs color-ultramarine\" rel=\"nofollow noopener\" target=\"_blank\">Politique de gestion des cookies<\/a><\/p>\n<p>J\u2019accepte<\/p>\n<p>Mediapart rel\u00e8ve par ailleurs que la ville de Pau serait plut\u00f4t \u00ab\u00a0gourmande en travaux\u00a0\u00bb, le budget de r\u00e9novation des b\u00e2timents de la municipalit\u00e9 passant de 11,2\u00a0millions d\u2019euros en\u00a02023, \u00e0 19,2\u00a0millions en\u00a02025.<\/p>\n<p><a href=\"https:\/\/www.20minutes.fr\/politique\/francois_bayrou\/\" class=\"c-link c-btn c-btn--primary\" rel=\"nofollow noopener\" target=\"_blank\">Notre dossier sur Fran\u00e7ois Bayrou<\/a><\/p>\n<p>S\u2019il doit regagner plus vite que pr\u00e9vu sa ville b\u00e9arnaise, selon le r\u00e9sultat du <a href=\"https:\/\/www.20minutes.fr\/politique\/assemblee_nationale\/4169578-20250826-vote-confiance-gouvernement-bayrou-rn-lfi-vont-faire-groupes-parlementaires\" class=\"c-link c-link--is-underlined\" rel=\"nofollow noopener\" target=\"_blank\">vote de confiance<\/a> du 8\u00a0septembre, Fran\u00e7ois Bayrou pourra au moins profiter, sous peu, d\u2019un bureau flambant neuf.<\/p>\n<p><script async src=\"https:\/\/platform.twitter.com\/widgets.js\" charset=\"utf-8\"><\/script><\/p>\n","protected":false},"excerpt":{"rendered":"L\u2019annonce de la d\u00e9pense, publique, n\u2019a pas manqu\u00e9 de faire r\u00e9agir, alors que le Premier ministre n\u2019a de&hellip;\n","protected":false},"author":2,"featured_media":354142,"comment_status":"","ping_status":"","sticky":false,"template":"","format":"standard","meta":{"footnotes":""},"categories":[4],"tags":[47,11,3177,9301,6327,1011,27,431,21026,12,2219,6374,316,6375,25,104],"class_list":{"0":"post-354141","1":"post","2":"type-post","3":"status-publish","4":"format-standard","5":"has-post-thumbnail","7":"category-france","8":"tag-actualite","9":"tag-actualites","10":"tag-aquitaine","11":"tag-austerite","12":"tag-dette","13":"tag-fr","14":"tag-france","15":"tag-francois-bayrou","16":"tag-mediapart","17":"tag-news","18":"tag-nouvelle-aquitaine","19":"tag-pau","20":"tag-politique","21":"tag-pyrenees-atlantiques","22":"tag-republique-francaise","23":"tag-societe"},"share_on_mastodon":{"url":"https:\/\/pubeurope.com\/@fr\/115116760350573612","error":""},"_links":{"self":[{"href":"https:\/\/www.europesays.com\/fr\/wp-json\/wp\/v2\/posts\/354141","targetHints":{"allow":["GET"]}}],"collection":[{"href":"https:\/\/www.europesays.com\/fr\/wp-json\/wp\/v2\/posts"}],"about":[{"href":"https:\/\/www.europesays.com\/fr\/wp-json\/wp\/v2\/types\/post"}],"author":[{"embeddable":true,"href":"https:\/\/www.europesays.com\/fr\/wp-json\/wp\/v2\/users\/2"}],"replies":[{"embeddable":true,"href":"https:\/\/www.europesays.com\/fr\/wp-json\/wp\/v2\/comments?post=354141"}],"version-history":[{"count":0,"href":"https:\/\/www.europesays.com\/fr\/wp-json\/wp\/v2\/posts\/354141\/revisions"}],"wp:featuredmedia":[{"embeddable":true,"href":"https:\/\/www.europesays.com\/fr\/wp-json\/wp\/v2\/media\/354142"}],"wp:attachment":[{"href":"https:\/\/www.europesays.com\/fr\/wp-json\/wp\/v2\/media?parent=354141"}],"wp:term":[{"taxonomy":"category","embeddable":true,"href":"https:\/\/www.europesays.com\/fr\/wp-json\/wp\/v2\/categories?post=354141"},{"taxonomy":"post_tag","embeddable":true,"href":"https:\/\/www.europesays.com\/fr\/wp-json\/wp\/v2\/tags?post=354141"}],"curies":[{"name":"wp","href":"https:\/\/api.w.org\/{rel}","templated":true}]}}