{"id":354145,"date":"2025-08-30T08:26:18","date_gmt":"2025-08-30T08:26:18","guid":{"rendered":"https:\/\/www.europesays.com\/fr\/354145\/"},"modified":"2025-08-30T08:26:18","modified_gmt":"2025-08-30T08:26:18","slug":"le-maire-dune-commune-on-le-respecte","status":"publish","type":"post","link":"https:\/\/www.europesays.com\/fr\/354145\/","title":{"rendered":"\u00ab\u00a0Le maire d&rsquo;une commune, on le respecte\u00a0\u00bb"},"content":{"rendered":"<p>\u00ab\u00a0J\u2019\u00e9tais sur les nerfs\u00a0\u00bb. \u00c0 la barre, le pr\u00e9venu conteste une grande partie des faits. Il ne nie pas l\u2019altercation avec le maire de Firminy, Julien Luya, mais r\u00e9fute lui avoir port\u00e9 des coups. Ce n\u2019est pas la version de l\u2019\u00e9dile appelou.<\/p>\n<p>Ce 14\u00a0janvier 2024, le maire de la commune qui assiste \u00e0 un repas des a\u00een\u00e9s dans le quartier de Firminy Vert est exasp\u00e9r\u00e9 par les bruits incessants d\u2019un rod\u00e9o. Il d\u00e9cide d\u2019intervenir et interpelle des jeunes, rue des Peupliers. Notamment un, \u00e0 l\u2019arr\u00eat, qui tient&#8230;<\/p>\n","protected":false},"excerpt":{"rendered":"\u00ab\u00a0J\u2019\u00e9tais sur les nerfs\u00a0\u00bb. \u00c0 la barre, le pr\u00e9venu conteste une grande partie des faits. Il ne nie&hellip;\n","protected":false},"author":2,"featured_media":354146,"comment_status":"","ping_status":"","sticky":false,"template":"","format":"standard","meta":{"footnotes":""},"categories":[9653],"tags":[119,1111,11,2430,271,272,7539,1777,674,274,10282,10283,1011,27,3367,12,316,25,4001],"class_list":{"0":"post-354145","1":"post","2":"type-post","3":"status-publish","4":"format-standard","5":"has-post-thumbnail","7":"category-saint-etienne","8":"tag-accident","9":"tag-actu","10":"tag-actualites","11":"tag-auvergne-rhone-alpes","12":"tag-crime","13":"tag-delit-et-contravention","14":"tag-edition-loire-sud","15":"tag-eu","16":"tag-europe","17":"tag-faits-divers-justice","18":"tag-firminy","19":"tag-firminy-ville","20":"tag-fr","21":"tag-france","22":"tag-loire","23":"tag-news","24":"tag-politique","25":"tag-republique-francaise","26":"tag-saint-etienne"},"share_on_mastodon":{"url":"https:\/\/pubeurope.com\/@fr\/115116768159953072","error":""},"_links":{"self":[{"href":"https:\/\/www.europesays.com\/fr\/wp-json\/wp\/v2\/posts\/354145","targetHints":{"allow":["GET"]}}],"collection":[{"href":"https:\/\/www.europesays.com\/fr\/wp-json\/wp\/v2\/posts"}],"about":[{"href":"https:\/\/www.europesays.com\/fr\/wp-json\/wp\/v2\/types\/post"}],"author":[{"embeddable":true,"href":"https:\/\/www.europesays.com\/fr\/wp-json\/wp\/v2\/users\/2"}],"replies":[{"embeddable":true,"href":"https:\/\/www.europesays.com\/fr\/wp-json\/wp\/v2\/comments?post=354145"}],"version-history":[{"count":0,"href":"https:\/\/www.europesays.com\/fr\/wp-json\/wp\/v2\/posts\/354145\/revisions"}],"wp:featuredmedia":[{"embeddable":true,"href":"https:\/\/www.europesays.com\/fr\/wp-json\/wp\/v2\/media\/354146"}],"wp:attachment":[{"href":"https:\/\/www.europesays.com\/fr\/wp-json\/wp\/v2\/media?parent=354145"}],"wp:term":[{"taxonomy":"category","embeddable":true,"href":"https:\/\/www.europesays.com\/fr\/wp-json\/wp\/v2\/categories?post=354145"},{"taxonomy":"post_tag","embeddable":true,"href":"https:\/\/www.europesays.com\/fr\/wp-json\/wp\/v2\/tags?post=354145"}],"curies":[{"name":"wp","href":"https:\/\/api.w.org\/{rel}","templated":true}]}}