{"id":354155,"date":"2025-08-30T08:32:16","date_gmt":"2025-08-30T08:32:16","guid":{"rendered":"https:\/\/www.europesays.com\/fr\/354155\/"},"modified":"2025-08-30T08:32:16","modified_gmt":"2025-08-30T08:32:16","slug":"quel-film-sera-projete-en-avant-premiere-du-festival-what-a-trip","status":"publish","type":"post","link":"https:\/\/www.europesays.com\/fr\/354155\/","title":{"rendered":"quel film sera projet\u00e9 en avant-premi\u00e8re du Festival What A Trip!\u00a0?"},"content":{"rendered":"<p>            Par<br \/>\n        <strong><br \/>\n            <a href=\"https:\/\/actu.fr\/auteur\/jm-aubert\" title=\"Consulter tous les articles de Jean-Marc Aubert\" rel=\"nofollow noopener\" target=\"_blank\">Jean-Marc Aubert<\/a><br \/>\n        <\/strong><\/p>\n<p>        Publi\u00e9 le<\/p>\n<p>            30 ao\u00fbt 2025 \u00e0 8h20<br \/>\n        ; mis \u00e0 jour le 30 ao\u00fbt 2025 \u00e0 8h26    <\/p>\n<p>Le <strong>festival international du film de voyage et d\u2019aventure What a Trip !<\/strong> revient \u00e0 <strong>Montpellier<\/strong> du lundi 22 au dimanche 28 septembre 2025 inclus. Avec une avant-premi\u00e8re : en effet, pour lancer cette nouvelle \u00e9dition, le public est invit\u00e9 \u00e0 une soir\u00e9e d\u2019ouverture exceptionnelle, le jeudi 11 septembre \u00e0 19h\u00a0, entre sommets alpins et horizons nomades.<\/p>\n<p>\u00ab Au-del\u00e0 des c\u00eemes \u00bb \u2013 Un film de R\u00e9my T\u00e9zier<\/p>\n<p class=\" wall-content\">Dans ce film,\u00a0 Catherine Destivelle, alpiniste de renomm\u00e9e mondiale et Pr\u00e9sidente du jury du festival 2025, nous emm\u00e8ne sur les sommets mythiques du massif du Mont-Blanc. Avec ses proches, elle partage des ascensions \u00e0 la fois impressionnantes et \u00e9mouvantes : la face Est du Grand Capucin avec Pauline, son ancienne \u00e9l\u00e8ve ; l\u2019aiguille du Gr\u00e9pon avec Claire, sa s\u0153ur cadette ; ou encore l\u2019Aiguille Verte avec ses amis Lothar et Gaby.\u00a0<br \/>Tarif : 7 \u20ac \u2013 <strong>Billetterie en ligne<\/strong>.<\/p>\n<p>    <a href=\"https:\/\/www.google.com\/maps\/embed?pb=!1m18!1m12!1m3!1d4244.102344383444!2d3.87822737176812!3d43.611157045483814!2m3!1f0!2f0!3f0!3m2!1i1024!2i768!4f13.1!3m3!1m2!1s0x12b6af09f9831db5%3A0x8e7b2b0317db9051!2sCentre%20Rabelais!5e0!3m2!1sfr!2sfr!4v1756482367874!5m2!1sfr!2sfr\" title=\"Ouvrie le lien\" rel=\"nofollow noopener\" target=\"_blank\">Cliquez ici pour visualiser le contenu<\/a><\/p>\n<p class=\" wall-content\">Avant-premi\u00e8re : \u00ab Nomades \u00bb \u2013 20h15\u00a0 \u2013 Une s\u00e9rie documentaire (3\u00d730\u2019) d\u2019Alexandre Pierrin, produite par France TV \u00e0 Montpellier.<\/p>\n<p class=\" wall-content\">Et si l\u2019avenir appartenait aux nomades ? Entre #vanlife, #tinyhouse ou #digitalnomad, ce documentaire explore la vie itin\u00e9rante de celles et ceux qui ont choisi un autre rapport au travail, \u00e0 la famille et au territoire. Une immersion sensible et contemporaine dans ce mode de vie en pleine expansion.\u00a0<strong>Entr\u00e9e gratuite.<\/strong><\/p>\n<p>Vid\u00e9os : en ce moment sur Actu<\/p>\n<p class=\" wall-content\">Le film sera suivi d\u2019un \u00e9change avec Alexandre Perrin. Une soir\u00e9e inaugurale qui refl\u00e8te l\u2019ADN du festival : inspirer, questionner et faire voyager.<\/p>\n<p>&gt; Projection d\u2019ouverture du Festival What a Trip ! Jeudi 11 septembre 2025 \u2013 19h \u2013 Centre Rabelais ,\u00a027 boulevard Sarrail,\u00a0\u00a0Montpellier.\u00a0Inscription gratuite pour Nomade\u00a0<a href=\"https:\/\/www.helloasso.com\/associations\/afivam\/evenements\/avant-premiere-de-la-serie-nomades\" rel=\"nofollow noopener\" target=\"_blank\">https:\/\/www.helloasso.com\/associations\/afivam\/evenements\/avant-premiere-de-la-serie-nomades<\/a><\/p>\n<p class=\" wall-content\">Personnalisez votre actualit\u00e9 en ajoutant vos villes et m\u00e9dias en favori avec <a href=\"https:\/\/moncompte.actu.fr\" title=\"D\u00e9couvez Mon Actu\" rel=\"nofollow noopener\" data-trk=\"{&quot;cta&quot;:{&quot;action&quot;:&quot;https:\\\/\\\/moncompte.actu.fr&quot;,&quot;category&quot;:&quot;mon compte&quot;,&quot;from&quot;:&quot;article footer&quot;,&quot;name&quot;:&quot;Mon actu&quot;,&quot;type&quot;:&quot;cta&quot;}}\" target=\"_blank\">Mon Actu<\/a>.<\/p>\n","protected":false},"excerpt":{"rendered":"Par Jean-Marc Aubert Publi\u00e9 le 30 ao\u00fbt 2025 \u00e0 8h20 ; mis \u00e0 jour le 30 ao\u00fbt 2025&hellip;\n","protected":false},"author":2,"featured_media":354156,"comment_status":"","ping_status":"","sticky":false,"template":"","format":"standard","meta":{"footnotes":""},"categories":[9599],"tags":[1111,11,1777,674,849,1011,27,1652,2208,12,2680,25],"class_list":{"0":"post-354155","1":"post","2":"type-post","3":"status-publish","4":"format-standard","5":"has-post-thumbnail","7":"category-montpellier","8":"tag-actu","9":"tag-actualites","10":"tag-eu","11":"tag-europe","12":"tag-festival","13":"tag-fr","14":"tag-france","15":"tag-loisirs-culture","16":"tag-montpellier","17":"tag-news","18":"tag-occitanie","19":"tag-republique-francaise"},"share_on_mastodon":{"url":"https:\/\/pubeurope.com\/@fr\/115116791812665104","error":""},"_links":{"self":[{"href":"https:\/\/www.europesays.com\/fr\/wp-json\/wp\/v2\/posts\/354155","targetHints":{"allow":["GET"]}}],"collection":[{"href":"https:\/\/www.europesays.com\/fr\/wp-json\/wp\/v2\/posts"}],"about":[{"href":"https:\/\/www.europesays.com\/fr\/wp-json\/wp\/v2\/types\/post"}],"author":[{"embeddable":true,"href":"https:\/\/www.europesays.com\/fr\/wp-json\/wp\/v2\/users\/2"}],"replies":[{"embeddable":true,"href":"https:\/\/www.europesays.com\/fr\/wp-json\/wp\/v2\/comments?post=354155"}],"version-history":[{"count":0,"href":"https:\/\/www.europesays.com\/fr\/wp-json\/wp\/v2\/posts\/354155\/revisions"}],"wp:featuredmedia":[{"embeddable":true,"href":"https:\/\/www.europesays.com\/fr\/wp-json\/wp\/v2\/media\/354156"}],"wp:attachment":[{"href":"https:\/\/www.europesays.com\/fr\/wp-json\/wp\/v2\/media?parent=354155"}],"wp:term":[{"taxonomy":"category","embeddable":true,"href":"https:\/\/www.europesays.com\/fr\/wp-json\/wp\/v2\/categories?post=354155"},{"taxonomy":"post_tag","embeddable":true,"href":"https:\/\/www.europesays.com\/fr\/wp-json\/wp\/v2\/tags?post=354155"}],"curies":[{"name":"wp","href":"https:\/\/api.w.org\/{rel}","templated":true}]}}