{"id":354157,"date":"2025-08-30T08:33:10","date_gmt":"2025-08-30T08:33:10","guid":{"rendered":"https:\/\/www.europesays.com\/fr\/354157\/"},"modified":"2025-08-30T08:33:10","modified_gmt":"2025-08-30T08:33:10","slug":"guillaume-payen-le-montpellierain-qui-fait-voyager-plus-de-100-000-abonnes","status":"publish","type":"post","link":"https:\/\/www.europesays.com\/fr\/354157\/","title":{"rendered":"Guillaume Payen, le montpelli\u00e9rain qui fait voyager plus de 100 000 abonn\u00e9s"},"content":{"rendered":"<p>            Par<br \/>\n        <strong><br \/>\n            <a href=\"https:\/\/actu.fr\/auteur\/r-coudert\" title=\"Consulter tous les articles de Rachel Coudert\" target=\"_blank\" rel=\"noopener\">Rachel Coudert<\/a><br \/>\n        <\/strong><\/p>\n<p>        Publi\u00e9 le<\/p>\n<p>            30 ao\u00fbt 2025 \u00e0 9h30        <\/p>\n<p>Parfois, les plus belles aventures ne sont qu\u2019\u00e0 quelques pas de chez soi. C\u2019est avec cette conviction bien ancr\u00e9e que <strong>Guillaume Payen<\/strong>, montpelli\u00e9rain d\u2019adoption depuis quelques ann\u00e9es, arpente <strong>Montpellier<\/strong>, ses alentours et parfois d\u2019autres coins de France pour les faire d\u00e9couvrir \u00e0 ses <strong>milliers d\u2019abonn\u00e9s<\/strong> sur les r\u00e9seaux sociaux. <strong>Cr\u00e9ateur de contenus<\/strong>, photographe, explorateur\u2026 \u00c0 seulement <strong>26 ans<\/strong>, il s\u2019\u00e9panouit pleinement dans cette profession multi-casquette.<\/p>\n<p class=\" wall-content\"><a href=\"https:\/\/www.instagram.com\/p\/DNECn57szN4\/embed\" title=\"Ouvrir le lien sur Instagram\" target=\"_blank\" rel=\"noopener\">Visualiser le contenu sur Instagram<\/a><\/p>\n<p>\u00ab \u00c7a m\u2019a permis de rencontrer des gens d\u2019horizons diff\u00e9rents\u00a0\u00bb<\/p>\n<p class=\" wall-content\">Berc\u00e9 par les colonies de vacances et les balades autour de chez ses parents, c\u2019est en 2016 qu\u2019il a le d\u00e9clic. \u00ab\u00a0Je me suis retrouv\u00e9 en \u00e9chec scolaire \u00e0 la fac, dans une formation qui ne me plaisait pas.\u00a0\u00bb Passionn\u00e9 de photographie depuis toujours, il se replonge dans ses disques durs oubli\u00e9s et retrouve des dizaines de photos de ses balades, \u00e0 proximit\u00e9 de sa ville natale en Bretagne. Alors, il se lance sur les r\u00e9seaux sociaux et obtient, en quelques semaines, plus de 20 000 abonn\u00e9s. Et depuis, il n\u2019a jamais arr\u00eat\u00e9.<\/p>\n<p class=\" wall-content\">Deux ans plus tard, il arrive en Occitanie \u2013 en Ari\u00e8ge dans un premier temps \u2013 avant d\u2019atterrir, presque par hasard, \u00e0 Montpellier. Et l\u00e0, c\u2019est le coup de foudre : \u00ab\u00a0Je n\u2019\u00e9tais pas du tout destin\u00e9 \u00e0 rester vivre \u00e0 Montpellier, alors qu\u2019aujourd\u2019hui, je m\u2019y sens extr\u00eamement bien. Je pense y rester encore un bon moment. \u00bb Un coup de c\u0153ur qui s\u2019\u00e9tend au d\u00e9partement h\u00e9raultais, dont le jeune homme tombe tout autant amoureux : \u00ab\u00a0Je trouve l\u2019H\u00e9rault vraiment incroyable.\u00a0\u00bb<\/p>\n<p class=\" wall-content\">Tr\u00e8s actif sur les r\u00e9seaux sociaux \u2013 notamment <strong>TikTok<\/strong>, <strong>Instagram<\/strong> et <strong>Facebook<\/strong> \u2013, il s\u2019est fait une place de choix dans le milieu de la cr\u00e9ation de contenu. \u00ab\u00a0Aujourd\u2019hui, je suis suivi par plus de 100 000 personnes sur les r\u00e9seaux. Je produis pour 2, 3, voire 4 millions de vues parfois chaque mois. \u00bb Pour lui, partager ses voyages \u00e0 quelques pas de chez lui a toujours \u00e9t\u00e9 une \u00e9vidence : \u00ab\u00a0\u00c7a m\u2019a permis d\u2019\u00e9changer, de rencontrer des gens d\u2019horizons diff\u00e9rents et de partager ma passion pour les voyages et la photo.\u00a0\u00bb<\/p>\n<p class=\" wall-content\"><a href=\"https:\/\/www.instagram.com\/p\/DKuvA7rMlq2\/embed\" title=\"Ouvrir le lien sur Instagram\" target=\"_blank\" rel=\"noopener\">Visualiser le contenu sur Instagram<\/a><\/p>\n<p>H\u00e9ros de l\u2019H\u00e9rault<\/p>\n<p class=\" wall-content\">Guid\u00e9 par cette envie de partager ses explorations locales, c\u2019est dans l\u2019H\u00e9rault que l\u2019on croise le plus le cr\u00e9ateur de contenus. \u00ab\u00a0De Montpellier, il y a des tas de randos, de villages et de rivi\u00e8res \u00e0 d\u00e9couvrir \u00bb, explique-t-il avec entrain. Entre la mer M\u00e9diterran\u00e9e, la Camargue et les plus beaux villages du d\u00e9partement, Guillaume a du mal \u00e0 choisir qu\u2019une seule recommandation : \u00ab\u00a0En plus connus, on a le Pic-Saint-Loup, le Nord de Montpellier et la mer M\u00e9diterran\u00e9e, mais on a aussi les \u00e9tangs de Thau ou les lacs du parc naturel r\u00e9gional du Haut-Languedoc\u2026\u00a0\u00bb Sans parler des villages h\u00e9raultais, dont le cr\u00e9ateur de contenu ne se lasse pas : Lod\u00e8ve, B\u00e9darieux, les Baux-de-Provence, Olargues, Minerve\u2026<\/p>\n<p>Vid\u00e9os : en ce moment sur Actu<\/p>\n<p class=\" wall-content\">Malgr\u00e9 tout, un lieu arrive \u00e0 faire flancher le c\u0153ur de l\u2019explorateur h\u00e9raultais. \u00ab\u00a0C\u2019est tr\u00e8s classique, mais c\u2019est Villeneuve-l\u00e8s-Maguelone. Quand je l\u2019ai d\u00e9couvert, c\u2019\u00e9tait en f\u00e9vrier, j\u2019\u00e9tais en train de d\u00e9m\u00e9nager d\u2019Ari\u00e8ge avec ma 206 tr\u00e8s charg\u00e9e. \u00c7a a \u00e9t\u00e9 le coup de c\u0153ur. En arrivant, c\u2019\u00e9tait tr\u00e8s clich\u00e9 mais c\u2019\u00e9tait devant un superbe coucher de soleil sur les \u00e9tangs, la plage \u00e9tait super sauvage\u2026\u00a0\u00bb relate-t-il avec \u00e9motion.<\/p>\n<p>    <a href=\"https:\/\/www.google.com\/maps\/embed?pb=!1m18!1m12!1m3!1d46296.6477041327!2d3.8177251972241635!3d43.51192080188857!2m3!1f0!2f0!3f0!3m2!1i1024!2i768!4f13.1!3m3!1m2!1s0x12b6b1019f3ea2ed%3A0x6ae2b62911490237!2sVilleneuve-l%C3%A8s-Maguelone!5e0!3m2!1sfr!2sfr!4v1756309789654!5m2!1sfr!2sfr\" title=\"Ouvrie le lien\" target=\"_blank\" rel=\"noopener\">Cliquez ici pour visualiser le contenu<\/a><\/p>\n<p>Votre r\u00e9gion, votre actu !<\/p>\n<p>Recevez chaque jour les infos qui comptent pour vous.<\/p>\n<p>\t<a href=\"https:\/\/actu.fr\/newsletter\" class=\"ac-btn ac-btn--corner ac-btn--medium ac-btn--blue800\" target=\"_blank\" rel=\"noopener\">S&rsquo;incrire<\/a><\/p>\n<p class=\" wall-content\">Et bien que cette liste de suggestions puisse para\u00eetre interminable, il ne jure que par le temps long et le plaisir de l\u2019instant pr\u00e9sent : \u00ab\u00a0J\u2019adore prendre le temps, profiter et me laisser r\u00eaver quand je d\u00e9couvre un nouveau lieu. \u00bb Une mentalit\u00e9 que l\u2019on retrouve jusque dans son activit\u00e9 : \u00ab\u00a0Quand je fais un tournage, c\u2019est jamais en mode village 1, village 2, village 3\u2026 Je garde un rythme humain, j\u2019aime me poser, simplement, et profiter du coucher de soleil.\u00a0\u00bb Une invitation \u00e0 voyager plus lentement, et \u00e0 prendre plus le temps de savourer les petites choses du quotidien.<\/p>\n<p>Voyager autrement<\/p>\n<p class=\" wall-content\">Et si Guillaume incarne \u00e0 sa mani\u00e8re un voyage plus doux et proche de chez soi, il pr\u00e9f\u00e8re offrir des alternatives \u00e0 ses abonn\u00e9s plut\u00f4t que de donner des le\u00e7ons. \u00ab\u00a0Je ne veux surtout pas \u00eatre moralisateur, mais j\u2019aime montrer que c\u2019est possible de voyager proche de chez soi, sans voiture, et d\u2019en profiter tout autant. \u00bb Une nouvelle fa\u00e7on d\u2019introduire sa communaut\u00e9 \u00e0 un tourisme plus durable et responsable.<\/p>\n<p>    <img   decoding=\"async\" loading=\"lazy\" src=\"https:\/\/www.europesays.com\/fr\/wp-content\/uploads\/2025\/08\/foix-lio-29072023-guillaumepayen-1-960x640.jpg\" alt=\"Dans la grande majorit\u00e9 des cas, Guillaume privil\u00e9gie le train pour ses aventures \u00e0 travers l'Occitanie.\" width=\"960\" height=\"640\"\/><br \/>\n    Dans la grande majorit\u00e9 des cas, Guillaume privil\u00e9gie le train pour ses aventures \u00e0 travers l\u2019Occitanie.<\/p>\n<p class=\" wall-content\">Ses vid\u00e9os rappellent que l\u2019aventure n\u2019est pas r\u00e9serv\u00e9e aux grands d\u00e9parts. Une ligne de bus \u00e0 2 \u20ac, un train \u00e0 1 \u20ac et un pique-nique sur le bord d\u2019un lac suffisent \u00e0 cr\u00e9er des souvenirs. \u00ab\u00a0En Occitanie, on peut traverser la r\u00e9gion pour une poign\u00e9e d\u2019euros et d\u00e9couvrir des paysages de fou ! \u00bb Une mani\u00e8re de voyager qui reste fid\u00e8le \u00e0 sa philosophie de vie depuis toujours : \u00ab\u00a0Quand je me suis lanc\u00e9, la mode c\u2019\u00e9tait de partager ses photos quand on partait au soleil loin de chez nous. Et \u00e0 l\u2019\u00e9poque, en 2016, j\u2019avais vraiment envie de partager ce que j\u2019avais autour de moi.\u00a0\u00bb<\/p>\n<p class=\" wall-content\">Plus qu\u2019un m\u00e9tier, son activit\u00e9 traduit aussi une passion profonde, comme une invitation \u00e0 changer de regard pour s\u2019\u00e9merveiller sur ce qui nous entoure : \u00ab\u00a0Je n\u2019ai jamais l\u2019impression de travailler de l\u2019ann\u00e9e. \u00c0 26 ans, je mesure vraiment la chance que j\u2019ai de vivre de ma passion.\u00a0\u00bb<\/p>\n<p class=\" wall-content\">Personnalisez votre actualit\u00e9 en ajoutant vos villes et m\u00e9dias en favori avec <a href=\"https:\/\/moncompte.actu.fr\" title=\"D\u00e9couvez Mon Actu\" rel=\"nofollow noopener\" data-trk=\"{&quot;cta&quot;:{&quot;action&quot;:&quot;https:\\\/\\\/moncompte.actu.fr&quot;,&quot;category&quot;:&quot;mon compte&quot;,&quot;from&quot;:&quot;article footer&quot;,&quot;name&quot;:&quot;Mon actu&quot;,&quot;type&quot;:&quot;cta&quot;}}\" target=\"_blank\">Mon Actu<\/a>.<\/p>\n<p>                    <script async src=\"\/\/www.instagram.com\/embed.js\"><\/script><\/p>\n","protected":false},"excerpt":{"rendered":"Par Rachel Coudert Publi\u00e9 le 30 ao\u00fbt 2025 \u00e0 9h30 Parfois, les plus belles aventures ne sont qu\u2019\u00e0&hellip;\n","protected":false},"author":2,"featured_media":354158,"comment_status":"","ping_status":"","sticky":false,"template":"","format":"standard","meta":{"footnotes":""},"categories":[9599],"tags":[1111,11,1777,674,1011,27,1652,2208,12,2680,25,938,602,586],"class_list":{"0":"post-354157","1":"post","2":"type-post","3":"status-publish","4":"format-standard","5":"has-post-thumbnail","7":"category-montpellier","8":"tag-actu","9":"tag-actualites","10":"tag-eu","11":"tag-europe","12":"tag-fr","13":"tag-france","14":"tag-loisirs-culture","15":"tag-montpellier","16":"tag-news","17":"tag-occitanie","18":"tag-republique-francaise","19":"tag-reseaux-sociaux","20":"tag-tourisme","21":"tag-voyage"},"share_on_mastodon":{"url":"https:\/\/pubeurope.com\/@fr\/115116796048761263","error":""},"_links":{"self":[{"href":"https:\/\/www.europesays.com\/fr\/wp-json\/wp\/v2\/posts\/354157","targetHints":{"allow":["GET"]}}],"collection":[{"href":"https:\/\/www.europesays.com\/fr\/wp-json\/wp\/v2\/posts"}],"about":[{"href":"https:\/\/www.europesays.com\/fr\/wp-json\/wp\/v2\/types\/post"}],"author":[{"embeddable":true,"href":"https:\/\/www.europesays.com\/fr\/wp-json\/wp\/v2\/users\/2"}],"replies":[{"embeddable":true,"href":"https:\/\/www.europesays.com\/fr\/wp-json\/wp\/v2\/comments?post=354157"}],"version-history":[{"count":0,"href":"https:\/\/www.europesays.com\/fr\/wp-json\/wp\/v2\/posts\/354157\/revisions"}],"wp:featuredmedia":[{"embeddable":true,"href":"https:\/\/www.europesays.com\/fr\/wp-json\/wp\/v2\/media\/354158"}],"wp:attachment":[{"href":"https:\/\/www.europesays.com\/fr\/wp-json\/wp\/v2\/media?parent=354157"}],"wp:term":[{"taxonomy":"category","embeddable":true,"href":"https:\/\/www.europesays.com\/fr\/wp-json\/wp\/v2\/categories?post=354157"},{"taxonomy":"post_tag","embeddable":true,"href":"https:\/\/www.europesays.com\/fr\/wp-json\/wp\/v2\/tags?post=354157"}],"curies":[{"name":"wp","href":"https:\/\/api.w.org\/{rel}","templated":true}]}}