{"id":354160,"date":"2025-08-30T08:36:12","date_gmt":"2025-08-30T08:36:12","guid":{"rendered":"https:\/\/www.europesays.com\/fr\/354160\/"},"modified":"2025-08-30T08:36:12","modified_gmt":"2025-08-30T08:36:12","slug":"la-solitaire-du-figaro-2025-rouen-ouvre-son-village-et-accueille-les-35-skippers-sur-les-quais-de-seine","status":"publish","type":"post","link":"https:\/\/www.europesays.com\/fr\/354160\/","title":{"rendered":"La Solitaire du Figaro 2025 : Rouen ouvre son village et accueille les 35 skippers sur les quais de Seine"},"content":{"rendered":"<p>Ce samedi 30 ao\u00fbt, l\u2019ouverture officielle de la Solitaire du Figaro Paprec s\u2019annonce spectaculaire. \u00c0 20h50 pr\u00e9cises, le pont Flaubert s\u2019\u00e9l\u00e8vera pour laisser passer les Figaro Beneteau 3 venus du Havre. Cette remont\u00e9e de la Seine, pr\u00e9lude symbolique \u00e0 la course, inscrit d\u00e9j\u00e0 l\u2019\u00e9v\u00e9nement dans le d\u00e9cor maritime de la r\u00e9gion. Les skippers s\u2019amarreront ensuite au quai Gaston Boulet, au c\u0153ur d\u2019un village sp\u00e9cialement am\u00e9nag\u00e9 pour accueillir plusieurs dizaines de milliers de visiteurs.<\/p>\n<p><strong>Une semaine de rencontres et d\u2019animations<\/strong><\/p>\n<p>Pendant six jours, le public pourra profiter d\u2019un programme dense. L\u2019inauguration officielle et la pr\u00e9sentation des marins marqueront les premiers temps forts, avant de laisser place \u00e0 une succession de rendez-vous. Les s\u00e9ances de d\u00e9dicaces quotidiennes permettront au public d\u2019\u00e9changer directement avec les navigateurs, une exp\u00e9rience toujours pris\u00e9e des familles.<br \/>Les quais de Rouen se transformeront en v\u00e9ritable lieu de vie, rythm\u00e9s par les animations nautiques, les ateliers p\u00e9dagogiques, les spectacles et les concerts du soir. La dimension festive sera omnipr\u00e9sente, comme lors de la nocturne inaugurale port\u00e9e par des performances musicales. En 2024, plus de 80 000 visiteurs avaient r\u00e9pondu pr\u00e9sents, dont pr\u00e8s de 600 initi\u00e9s \u00e0 la voile gr\u00e2ce aux bapt\u00eames organis\u00e9s. Ces chiffres confirment l\u2019ancrage croissant de la Solitaire du Figaro Paprec dans la vie culturelle et maritime rouennaise.<\/p>\n<p>\u00a9 Alexis Courcoux<\/p>\n<p><strong>Les temps forts jusqu\u2019au d\u00e9part<\/strong><\/p>\n<p>La semaine sera jalonn\u00e9e de rendez-vous grand public. Jeudi 4 septembre, la grande soir\u00e9e officielle donnera le ton avant le d\u00e9part programm\u00e9 le vendredi 5 septembre \u00e0 13h. Ce jour-l\u00e0, les skippers quitteront Rouen pour une descente de la Seine ponctu\u00e9e de m\u00e9andres jusqu\u2019au Havre, o\u00f9 une escale technique de deux jours pr\u00e9c\u00e9dera le v\u00e9ritable coup d\u2019envoi en mer. C\u2019est depuis le port normand que sera lanc\u00e9, le dimanche 7 septembre, le d\u00e9part de la premi\u00e8re \u00e9tape de cette 56e \u00e9dition, annonc\u00e9e particuli\u00e8rement disput\u00e9e.<\/p>\n<p><strong>Rouen, ville d\u2019accueil et de patrimoine<\/strong><\/p>\n<p>Accueillir la Solitaire du Figaro Paprec s\u2019inscrit pleinement dans l\u2019identit\u00e9 maritime et culturelle de Rouen. Cinqui\u00e8me port fran\u00e7ais, la ville conjugue tradition et modernit\u00e9 : son patrimoine exceptionnel de la cath\u00e9drale au Gros-Horloge en passant par les maisons \u00e0 pans de bois c\u00f4toie un dynamisme \u00e9conomique et universitaire marqu\u00e9. Avec 115 000 habitants et plus de 45 000 \u00e9tudiants, Rouen est aussi un p\u00f4le culturel majeur, riche de douze mus\u00e9es et d\u2019une sc\u00e8ne artistique vivante.<br \/>Son inscription r\u00e9cente au r\u00e9seau des villes cr\u00e9atives de l\u2019Unesco dans le domaine gastronomique illustre son ouverture internationale, tandis que son implication dans l\u2019Axe Seine, aux c\u00f4t\u00e9s de Paris et du Havre, confirme son r\u00f4le strat\u00e9gique dans le d\u00e9veloppement de la fa\u00e7ade maritime fran\u00e7aise. En accueillant la Solitaire du Figaro Paprec, Rouen renforce non seulement son attractivit\u00e9 touristique, mais aussi son image de ville tourn\u00e9e vers l\u2019avenir et engag\u00e9e dans la transition \u00e9cologique.<\/p>\n<p>\u00a9 Matteo Lucas<\/p>\n<p><strong>Une grande f\u00eate populaire<\/strong><\/p>\n<p>Pendant une semaine, les quais rouennais deviennent un lieu de rassemblement o\u00f9 se m\u00ealent passionn\u00e9s de voile, habitants et visiteurs venus de toute la r\u00e9gion. L\u2019esprit de la Solitaire, m\u00e9lange de comp\u00e9tition sportive et de proximit\u00e9 humaine, s\u2019y exprime pleinement. Au fil des animations et des rencontres, le public partage l\u2019aventure des marins et plonge dans l\u2019univers d\u2019une course au large qui reste, plus de cinquante ans apr\u00e8s sa cr\u00e9ation, un v\u00e9ritable monument du patrimoine maritime fran\u00e7ais.<\/p>\n","protected":false},"excerpt":{"rendered":"Ce samedi 30 ao\u00fbt, l\u2019ouverture officielle de la Solitaire du Figaro Paprec s\u2019annonce spectaculaire. \u00c0 20h50 pr\u00e9cises, le&hellip;\n","protected":false},"author":2,"featured_media":354161,"comment_status":"","ping_status":"","sticky":false,"template":"","format":"standard","meta":{"footnotes":""},"categories":[9587],"tags":[1111,11,1777,674,1011,27,12,5161,25,9590],"class_list":{"0":"post-354160","1":"post","2":"type-post","3":"status-publish","4":"format-standard","5":"has-post-thumbnail","7":"category-rouen","8":"tag-actu","9":"tag-actualites","10":"tag-eu","11":"tag-europe","12":"tag-fr","13":"tag-france","14":"tag-news","15":"tag-normandie","16":"tag-republique-francaise","17":"tag-rouen"},"share_on_mastodon":{"url":"https:\/\/pubeurope.com\/@fr\/115116807462722400","error":""},"_links":{"self":[{"href":"https:\/\/www.europesays.com\/fr\/wp-json\/wp\/v2\/posts\/354160","targetHints":{"allow":["GET"]}}],"collection":[{"href":"https:\/\/www.europesays.com\/fr\/wp-json\/wp\/v2\/posts"}],"about":[{"href":"https:\/\/www.europesays.com\/fr\/wp-json\/wp\/v2\/types\/post"}],"author":[{"embeddable":true,"href":"https:\/\/www.europesays.com\/fr\/wp-json\/wp\/v2\/users\/2"}],"replies":[{"embeddable":true,"href":"https:\/\/www.europesays.com\/fr\/wp-json\/wp\/v2\/comments?post=354160"}],"version-history":[{"count":0,"href":"https:\/\/www.europesays.com\/fr\/wp-json\/wp\/v2\/posts\/354160\/revisions"}],"wp:featuredmedia":[{"embeddable":true,"href":"https:\/\/www.europesays.com\/fr\/wp-json\/wp\/v2\/media\/354161"}],"wp:attachment":[{"href":"https:\/\/www.europesays.com\/fr\/wp-json\/wp\/v2\/media?parent=354160"}],"wp:term":[{"taxonomy":"category","embeddable":true,"href":"https:\/\/www.europesays.com\/fr\/wp-json\/wp\/v2\/categories?post=354160"},{"taxonomy":"post_tag","embeddable":true,"href":"https:\/\/www.europesays.com\/fr\/wp-json\/wp\/v2\/tags?post=354160"}],"curies":[{"name":"wp","href":"https:\/\/api.w.org\/{rel}","templated":true}]}}