{"id":354164,"date":"2025-08-30T08:40:10","date_gmt":"2025-08-30T08:40:10","guid":{"rendered":"https:\/\/www.europesays.com\/fr\/354164\/"},"modified":"2025-08-30T08:40:10","modified_gmt":"2025-08-30T08:40:10","slug":"ce-qui-va-changer-dans-les-ecoles-cette-annee","status":"publish","type":"post","link":"https:\/\/www.europesays.com\/fr\/354164\/","title":{"rendered":"ce qui va changer dans les \u00e9coles, cette ann\u00e9e"},"content":{"rendered":"<p>            Par<br \/>\n        <strong><br \/>\n            <a href=\"https:\/\/actu.fr\/auteur\/redaction-rennes\" title=\"Consulter tous les articles de R\u00e9daction Rennes\" target=\"_blank\" rel=\"noopener\">R\u00e9daction Rennes<\/a><br \/>\n        <\/strong><\/p>\n<p>        Publi\u00e9 le<\/p>\n<p>            30 ao\u00fbt 2025 \u00e0 10h02        <\/p>\n<p>\u00c0 la rentr\u00e9e, <strong>14\u2009800\u00a0enfants<\/strong> feront leur rentr\u00e9e dans les <strong>89 \u00e9coles publiques<\/strong> rennaises. Pour les accueillir convenablement, 20 d\u2019entre elles ont d\u00e9j\u00e0 \u00e9t\u00e9 \u00ab\u2009r\u00e9nov\u00e9es lourdement depuis 2020\u2009\u00bb, indique <strong>Nathalie App\u00e9r\u00e9<\/strong>, maire de Rennes. Am\u00e9nagement des cours, isolation, extension\u2026 <strong>Quatre \u00e9coles<\/strong>\u00a0sont actuellement en travaux. La Ville de Rennes consacre <strong>un budget de 82 millions d\u2019euros<\/strong> sur la p\u00e9riode 2021-2027 afin <strong>\u00ab\u00a0d\u2019agrandir, restructurer<\/strong> et <strong>r\u00e9nover<\/strong> son patrimoine scolaire\u00a0\u00bb, soit son \u00ab\u00a0premier poste de d\u00e9pense\u00a0\u00bb, souligne-t-elle.<\/p>\n<p>Groupe scolaire Volga<\/p>\n<p class=\" wall-content\">L\u2019\u00e9cole situ\u00e9e dans le <strong>quartier du Blosne<\/strong> conna\u00eet en ce moment des travaux de restructuration et d\u2019extension. Pour un budget total de <strong>3,3 millions d\u2019euros<\/strong>. Voici ce qui va voir le jour :\u00a0<\/p>\n<ul class=\" wall-content\">\n<li>deux nouvelles classes de maternelle ;<\/li>\n<li>des locaux p\u00e9riscolaires ;<\/li>\n<li>un nouveau hall commun ;<\/li>\n<li>un espace parents avec un acc\u00e8s autonome ;<\/li>\n<li>un p\u00f4le \u00ab\u00a0adulte\u00a0\u00bb c\u00f4t\u00e9 maternelle avec une salle de pause mutualis\u00e9e ;<\/li>\n<li>un pr\u00e9au pour la maternelle ;<\/li>\n<li>un local v\u00e9los.<\/li>\n<\/ul>\n<p class=\" wall-content\">Si l\u2019ach\u00e8vement du chantier est pr\u00e9vu pour la <strong>fin de l\u2019ann\u00e9e 2026<\/strong>, la salle de restauration pour l\u2019\u00e9l\u00e9mentaire est pr\u00eate pour la rentr\u00e9e scolaire 2025.<\/p>\n<p>1,5 million<\/p>\n<p>Sur ces 82 millions d&rsquo;euros, 1,5 million est accord\u00e9, chaque ann\u00e9e, \u00ab\u00a0\u00e0 des travaux de maintenance, d&rsquo;entretien et de r\u00e9novation du patrimoine scolaire : travaux de remplacement des menuiseries, de r\u00e9novation de sanitaires, de s\u00e9curisation, de mise aux normes, etc.\u00a0\u00bb, \u00e9num\u00e8re la Ville de Rennes.<\/p>\n<p>Groupe scolaire Guyenne<\/p>\n<p class=\" wall-content\">Pour cette \u00e9cole situ\u00e9e dans le <strong>quartier Villejean<\/strong>, un budget de <strong>6\u00a0millions d\u2019euros<\/strong> est pr\u00e9vu afin de restructurer et d\u2019\u00e9tendre la maternelle ainsi que le restaurant scolaire.<\/p>\n<p class=\" wall-content\">Cr\u00e9ation d\u2019une classe de maternelle, d\u2019un espace pour les ateliers des temps p\u00e9riscolaires et d\u2019un pr\u00e9au, redistribution des espaces du rez-de-chauss\u00e9e, agrandissement des salles de restauration et cr\u00e9ation de nouveaux sanitaires, le chantier colossal devrait \u00eatre livr\u00e9 <strong>pour la rentr\u00e9e 2026<\/strong>.<\/p>\n<p>Votre r\u00e9gion, votre actu !<\/p>\n<p>Recevez chaque jour les infos qui comptent pour vous.<\/p>\n<p>\t<a href=\"https:\/\/actu.fr\/newsletter\" class=\"ac-btn ac-btn--corner ac-btn--medium ac-btn--blue800\" target=\"_blank\" rel=\"noopener\">S&rsquo;incrire<\/a><br \/>\n\u00c9cole Clemenceau<\/p>\n<p class=\" wall-content\">\u00c0 l\u2019\u00e9cole localis\u00e9e dans le <strong>quartier Br\u00e9quigny<\/strong>, la cour a d\u00e9j\u00e0 \u00e9t\u00e9 r\u00e9am\u00e9nag\u00e9e ainsi que v\u00e9g\u00e9talis\u00e9e et l\u2019isolation refaite sur une partie des b\u00e2timents.<\/p>\n<p class=\" wall-content\">Toutefois, <a href=\"https:\/\/actu.fr\/bretagne\/rennes_35238\/dans-cette-ecole-de-rennes-la-cantine-va-etre-restructuree-et-agrandie_59781509.html\" target=\"_blank\" rel=\"noopener\">le restaurant scolaire pr\u00e9voit d\u2019\u00eatre restructur\u00e9 et agrandi<\/a> d\u2019ici au <strong>d\u00e9but de l\u2019ann\u00e9e 2027<\/strong>. Un budget de <strong>2,35 millions d\u2019euros<\/strong> est \u00e0 compter pour la r\u00e9alisation du chantier.<\/p>\n<p>\u00c9cole Albert-de-Mun<\/p>\n<p class=\" wall-content\">La quatri\u00e8me et derni\u00e8re \u00e9cole qui se refait une beaut\u00e9 cette ann\u00e9e \u00e0 Rennes est situ\u00e9e dans le <strong>quartier Sud-Gare<\/strong>.<\/p>\n<p class=\" wall-content\">Les travaux d\u2019un montant de 7\u00a0millions d\u2019euros permettront <strong>d\u2019ouvrir 17 classes<\/strong> (quatre classes maternelles et 13 classes \u00e9l\u00e9mentaires) et <a href=\"https:\/\/actu.fr\/bretagne\/rennes_35238\/dans-cette-ecole-a-rennes-un-nouveau-batiment-construit-pour-accueillir-des-enfants-malvoyants_61949769.html\" target=\"_blank\" rel=\"noopener\">un nouveau b\u00e2timent pour accueillir le restaurant scolaire, les espaces p\u00e9dagogiques pour les enfants du centre Ang\u00e8le-Vannier,<\/a> un espace parents et une salle polyvalente.<\/p>\n<p class=\" wall-content\">La livraison du chantier est pr\u00e9vue pour la <strong>rentr\u00e9e 2027<\/strong>.<\/p>\n<p>Des travaux dans les cr\u00e8ches<\/p>\n<p class=\" wall-content\">Les lieux d\u2019accueil de la petite enfance sont \u00e9galement concern\u00e9s par des travaux de reconstruction, d\u2019am\u00e9nagement ou m\u00eame de construction. <strong>Les cr\u00e8ches municipales Papu et Henri-Wallon<\/strong> sont actuellement en reconstruction. Les travaux sont encore en cours pour la premi\u00e8re et l\u2019ouverture de la deuxi\u00e8me est pr\u00e9vue en <strong>janvier\u00a02026<\/strong>.<\/p>\n<p class=\" wall-content\">Dans le <strong>quartier Bois-Perrin<\/strong>, une cr\u00e8che municipale de semi plein-air avec une capacit\u00e9 d\u2019accueil de<strong> 60 places<\/strong> va se construire. Les travaux d\u00e9buteront au 1\u1d49\u02b3 trimestre 2026 pour une ouverture pr\u00e9vue en <strong>2028<\/strong>. Le co\u00fbt du chantier s\u2019\u00e9l\u00e8ve \u00e0 <strong>5\u00a0millions d\u2019euros<\/strong>.<\/p>\n<p class=\" wall-content\">La <strong>cr\u00e8che familiale Champs d\u2019Andorre<\/strong>, \u00e9tablie dans le quartier du Blosne, va conna\u00eetre des travaux d\u2019extension et d\u2019am\u00e9nagement pour un co\u00fbt de <strong>110\u2009000 euros.<\/strong><\/p>\n<p class=\" wall-content\">Lou Batteux &amp; Laur\u00e8ne Fertin<\/p>\n<p class=\" wall-content\">Personnalisez votre actualit\u00e9 en ajoutant vos villes et m\u00e9dias en favori avec <a href=\"https:\/\/moncompte.actu.fr\" title=\"D\u00e9couvez Mon Actu\" rel=\"nofollow noopener\" data-trk=\"{&quot;cta&quot;:{&quot;action&quot;:&quot;https:\\\/\\\/moncompte.actu.fr&quot;,&quot;category&quot;:&quot;mon compte&quot;,&quot;from&quot;:&quot;article footer&quot;,&quot;name&quot;:&quot;Mon actu&quot;,&quot;type&quot;:&quot;cta&quot;}}\" target=\"_blank\">Mon Actu<\/a>.<\/p>\n","protected":false},"excerpt":{"rendered":"Par R\u00e9daction Rennes Publi\u00e9 le 30 ao\u00fbt 2025 \u00e0 10h02 \u00c0 la rentr\u00e9e, 14\u2009800\u00a0enfants feront leur rentr\u00e9e dans&hellip;\n","protected":false},"author":2,"featured_media":354165,"comment_status":"","ping_status":"","sticky":false,"template":"","format":"standard","meta":{"footnotes":""},"categories":[2821],"tags":[1111,11,829,1777,674,1011,27,12,584,10918,25,104,2086],"class_list":{"0":"post-354164","1":"post","2":"type-post","3":"status-publish","4":"format-standard","5":"has-post-thumbnail","7":"category-rennes","8":"tag-actu","9":"tag-actualites","10":"tag-bretagne","11":"tag-eu","12":"tag-europe","13":"tag-fr","14":"tag-france","15":"tag-news","16":"tag-rennes","17":"tag-rentree-scolaire","18":"tag-republique-francaise","19":"tag-societe","20":"tag-travaux"},"share_on_mastodon":{"url":"https:\/\/pubeurope.com\/@fr\/115116823227545384","error":""},"_links":{"self":[{"href":"https:\/\/www.europesays.com\/fr\/wp-json\/wp\/v2\/posts\/354164","targetHints":{"allow":["GET"]}}],"collection":[{"href":"https:\/\/www.europesays.com\/fr\/wp-json\/wp\/v2\/posts"}],"about":[{"href":"https:\/\/www.europesays.com\/fr\/wp-json\/wp\/v2\/types\/post"}],"author":[{"embeddable":true,"href":"https:\/\/www.europesays.com\/fr\/wp-json\/wp\/v2\/users\/2"}],"replies":[{"embeddable":true,"href":"https:\/\/www.europesays.com\/fr\/wp-json\/wp\/v2\/comments?post=354164"}],"version-history":[{"count":0,"href":"https:\/\/www.europesays.com\/fr\/wp-json\/wp\/v2\/posts\/354164\/revisions"}],"wp:featuredmedia":[{"embeddable":true,"href":"https:\/\/www.europesays.com\/fr\/wp-json\/wp\/v2\/media\/354165"}],"wp:attachment":[{"href":"https:\/\/www.europesays.com\/fr\/wp-json\/wp\/v2\/media?parent=354164"}],"wp:term":[{"taxonomy":"category","embeddable":true,"href":"https:\/\/www.europesays.com\/fr\/wp-json\/wp\/v2\/categories?post=354164"},{"taxonomy":"post_tag","embeddable":true,"href":"https:\/\/www.europesays.com\/fr\/wp-json\/wp\/v2\/tags?post=354164"}],"curies":[{"name":"wp","href":"https:\/\/api.w.org\/{rel}","templated":true}]}}