{"id":354171,"date":"2025-08-30T08:44:10","date_gmt":"2025-08-30T08:44:10","guid":{"rendered":"https:\/\/www.europesays.com\/fr\/354171\/"},"modified":"2025-08-30T08:44:10","modified_gmt":"2025-08-30T08:44:10","slug":"nice-apres-des-annees-de-procedure-ce-supermarche-pas-comme-les-autres-enfin-inaugure","status":"publish","type":"post","link":"https:\/\/www.europesays.com\/fr\/354171\/","title":{"rendered":"Nice. Apr\u00e8s des ann\u00e9es de proc\u00e9dure, ce supermarch\u00e9 pas comme les autres enfin inaugur\u00e9"},"content":{"rendered":"<p>            Par<br \/>\n        <strong><br \/>\n            <a href=\"https:\/\/actu.fr\/auteur\/manon-reinhardt\" title=\"Consulter tous les articles de Manon Reinhardt\" rel=\"nofollow noopener\" target=\"_blank\">Manon Reinhardt<\/a><br \/>\n        <\/strong><\/p>\n<p>        Publi\u00e9 le<\/p>\n<p>            30 ao\u00fbt 2025 \u00e0 7h42        <\/p>\n<p>Certains habitants s\u2019y \u00e9taient fermement oppos\u00e9s. Entre p\u00e9titions, recours devant la justice et manifestations, ils avaient tout tent\u00e9 pour que l\u2019ancien stade des Eucalyptus, dans le quartier Caucade \u00e0 l\u2019ouest de <a href=\"https:\/\/actu.fr\/provence-alpes-cote-d-azur\/nice_06088\" rel=\"nofollow noopener\" target=\"_blank\">Nice<\/a> (<a href=\"https:\/\/actu.fr\/provence-alpes-cote-d-azur\/alpes-maritimes_06\" rel=\"nofollow noopener\" target=\"_blank\">Alpes-Maritimes<\/a>), ne soit pas d\u00e9moli. \u00c0 la place, un projet de supermarch\u00e9 avec, sur son toit, un grand terrain et des \u00e9quipements sportifs. Le magasin <strong>Super U<\/strong> vient d\u2019ouvrir ses portes depuis la mi-ao\u00fbt. Voici \u00e0 quoi ressemble le nouveau site.<\/p>\n<p>\u00ab\u2009J\u2019y ai imm\u00e9diatement cru\u2009\u00bb<\/p>\n<p class=\" wall-content\"><a href=\"https:\/\/actu.fr\/provence-alpes-cote-d-azur\/nice_06088\/destruction-du-stade-des-eucalyptus-a-nice-les-habitants-se-mobilisent-pour-le-sauver_51268115.html\" rel=\"nofollow noopener\" target=\"_blank\">La mobilisation des riverains<\/a> n\u2019a pas suffi\u2009: le nouveau Super U Caucade est bien l\u00e0. Ce mercredi 27\u00a0ao\u00fbt 2025, il a \u00e9t\u00e9 inaugur\u00e9 <strong>apr\u00e8s deux ans de travaux et plus de 10\u00a0ans de discussions<\/strong> par le maire <a href=\"https:\/\/actu.fr\/tag\/christian-estrosi\" rel=\"nofollow noopener\" target=\"_blank\">Christian Estrosi<\/a>. Mais ce nouveau magasin n\u2019est pas vraiment pas comme les autres\u2009: il est \u00e9quip\u00e9 d\u2019un immense terrain sportif\u2026 sur le toit.<\/p>\n<p class=\" wall-content\">\u00ab\u2009Quand j\u2019ai d\u00e9couvert ce projet il y a 10\u00a0ans, j\u2019y ai imm\u00e9diatement cru\u2009\u00bb, se souvient Christian Estrosi sur X. Il salue \u00ab\u2009un projet exemplaire qui conjugue \u00e9quipement sportif municipal et commerce de proximit\u00e9\u2009\u00bb.<\/p>\n<p class=\" wall-content\">\n<p class=\" wall-content\">Concr\u00e8tement, le toit a \u00e9t\u00e9 am\u00e9nag\u00e9 en <strong>plateau sportif<\/strong>. \u00ab\u2009Un espace ext\u00e9rieur d\u00e9di\u00e9 \u00e0 la pratique sportive, accessible aux riverains et aux associations, offrant beaucoup plus de possibilit\u00e9s aux clubs et aux habitants du quartier que l\u2019ancien stade\u2009\u00bb, expliquent les services de la Ville qui \u00e9voquent un concept \u00ab\u2009in\u00e9dit\u2009\u00bb.<\/p>\n<p>2300 m\u00b2 de grande surface<\/p>\n<p class=\" wall-content\">En dessous, un grand Super U de 2300 m\u00b2 avec un \u00ab\u2009grand choix de produits locaux et de saison\u2009\u00bb, incluant <strong>120 places de stationnement<\/strong>.<\/p>\n<p class=\" wall-content\">\n<p class=\" wall-content\">Et le nouveau supermarch\u00e9 semble plaire aux habitants\u2009: \u00ab\u2009Depuis 15\u00a0jours, c\u2019est tr\u00e8s bien parti\u2009! Nul doute que le magasin, tr\u00e8s alimentaire, atteindra ses ambitions <strong>plus vite que pr\u00e9vu<\/strong> gr\u00e2ce \u00e0 ses atouts. La part belle est faite aux produits locaux, avec la d\u00e9marche 06 de partenariats avec les fournisseurs et aux produits frais, avec beaucoup de pr\u00e9parations sur place. Et bien s\u00fbr aux prix bas\u2009\u00bb, se r\u00e9jouit Dominique Schelcher, PDG de Coop\u00e9rative U.<\/p>\n<p class=\" wall-content\">Il est ouvert tous les jours de 8h30 \u00e0 20h30, sauf le dimanche de 8h30 \u00e0 12h45.<\/p>\n<p class=\" wall-content\">Personnalisez votre actualit\u00e9 en ajoutant vos villes et m\u00e9dias en favori avec <a href=\"https:\/\/moncompte.actu.fr\" title=\"D\u00e9couvez Mon Actu\" rel=\"nofollow noopener\" data-trk=\"{&quot;cta&quot;:{&quot;action&quot;:&quot;https:\\\/\\\/moncompte.actu.fr&quot;,&quot;category&quot;:&quot;mon compte&quot;,&quot;from&quot;:&quot;article footer&quot;,&quot;name&quot;:&quot;Mon actu&quot;,&quot;type&quot;:&quot;cta&quot;}}\" target=\"_blank\">Mon Actu<\/a>.<\/p>\n","protected":false},"excerpt":{"rendered":"Par Manon Reinhardt Publi\u00e9 le 30 ao\u00fbt 2025 \u00e0 7h42 Certains habitants s\u2019y \u00e9taient fermement oppos\u00e9s. Entre p\u00e9titions,&hellip;\n","protected":false},"author":2,"featured_media":354172,"comment_status":"","ping_status":"","sticky":false,"template":"","format":"standard","meta":{"footnotes":""},"categories":[2819],"tags":[1111,11,1777,674,1011,27,12,2401,3147,882,25,104,1352],"class_list":{"0":"post-354171","1":"post","2":"type-post","3":"status-publish","4":"format-standard","5":"has-post-thumbnail","7":"category-nice","8":"tag-actu","9":"tag-actualites","10":"tag-eu","11":"tag-europe","12":"tag-fr","13":"tag-france","14":"tag-news","15":"tag-nice","16":"tag-nouveaux-commerces","17":"tag-provence-alpes-cote-dazur","18":"tag-republique-francaise","19":"tag-societe","20":"tag-urbanisme"},"share_on_mastodon":{"url":"https:\/\/pubeurope.com\/@fr\/115116839048952952","error":""},"_links":{"self":[{"href":"https:\/\/www.europesays.com\/fr\/wp-json\/wp\/v2\/posts\/354171","targetHints":{"allow":["GET"]}}],"collection":[{"href":"https:\/\/www.europesays.com\/fr\/wp-json\/wp\/v2\/posts"}],"about":[{"href":"https:\/\/www.europesays.com\/fr\/wp-json\/wp\/v2\/types\/post"}],"author":[{"embeddable":true,"href":"https:\/\/www.europesays.com\/fr\/wp-json\/wp\/v2\/users\/2"}],"replies":[{"embeddable":true,"href":"https:\/\/www.europesays.com\/fr\/wp-json\/wp\/v2\/comments?post=354171"}],"version-history":[{"count":0,"href":"https:\/\/www.europesays.com\/fr\/wp-json\/wp\/v2\/posts\/354171\/revisions"}],"wp:featuredmedia":[{"embeddable":true,"href":"https:\/\/www.europesays.com\/fr\/wp-json\/wp\/v2\/media\/354172"}],"wp:attachment":[{"href":"https:\/\/www.europesays.com\/fr\/wp-json\/wp\/v2\/media?parent=354171"}],"wp:term":[{"taxonomy":"category","embeddable":true,"href":"https:\/\/www.europesays.com\/fr\/wp-json\/wp\/v2\/categories?post=354171"},{"taxonomy":"post_tag","embeddable":true,"href":"https:\/\/www.europesays.com\/fr\/wp-json\/wp\/v2\/tags?post=354171"}],"curies":[{"name":"wp","href":"https:\/\/api.w.org\/{rel}","templated":true}]}}