{"id":354173,"date":"2025-08-30T08:45:11","date_gmt":"2025-08-30T08:45:11","guid":{"rendered":"https:\/\/www.europesays.com\/fr\/354173\/"},"modified":"2025-08-30T08:45:11","modified_gmt":"2025-08-30T08:45:11","slug":"dante-voit-les-choses-en-grand-pour-nice","status":"publish","type":"post","link":"https:\/\/www.europesays.com\/fr\/354173\/","title":{"rendered":"Dante voit les choses en grand pour Nice"},"content":{"rendered":"<p>Cette saison, <a href=\"https:\/\/www.footmercato.net\/club\/ogc-nice\/\" rel=\"nofollow noopener\" target=\"_blank\">Nice<\/a> est encore en Ligue Europa. Apr\u00e8s avoir \u00e9t\u00e9 \u00e9limin\u00e9s la saison pass\u00e9e apr\u00e8s une phase r\u00e9guli\u00e8re lamentable et \u00e9chouant lors du 3e tour pr\u00e9liminaire de Ligue des Champions contre Benfica, le club azur\u00e9en esp\u00e8re faire mieux lors de cette nouvelle cuv\u00e9e. Une volont\u00e9 de faire de belles choses qui est d\u00e9cupl\u00e9e par un tirage au sort pourtant relev\u00e9. Un destin \u00e2pre qui ne refroidit pas les ardeurs de <a href=\"https:\/\/www.footmercato.net\/joueur\/dante\/\" rel=\"nofollow noopener\" target=\"_blank\">Dante<\/a>. Pour sa derni\u00e8re saison, le capitaine br\u00e9silien a affich\u00e9 ses ambitions en C3 avec son \u00e9quipe :<\/p>\n<p>            La suite apr\u00e8s cette publicit\u00e9<\/p>\n<p>\u00abC\u2019est un groupe tr\u00e8s int\u00e9ressant et tr\u00e8s, tr\u00e8s fort. Je trouve \u00e7a magnifique de tirer Rome et Porto parce qu\u2019on est en Coupe d\u2019Europe pour gagner des matchs, mais aussi pour pouvoir proposer ce genre de match \u00e0 nos supporters. Pour eux, c\u2019est beaucoup mieux d\u2019aller \u00e0 Porto, \u00e0 Fenerbah\u00e7e que d\u2019aller dans d\u2019autres endroits. Ce sont des stades qui sentent le football, il y aura une grosse pression et c\u2019est ce qu\u2019on aime. On a un peu de revanche par rapport \u00e0 l\u2019ann\u00e9e derni\u00e8re (avant-dernier de la phase de ligue, ndlr). On ne va pas se voiler la face, c\u2019est normal, on est l\u00e0 pour gagner des matchs et en m\u00eame temps, il faut qu\u2019on se l\u00e2che, qu\u2019on s\u2019\u00e9clate et qu\u2019on prenne du plaisir. Il faut croire en nous-m\u00eames. Il faut qu\u2019on soit tr\u00e8s, tr\u00e8s solide et qu\u2019on arrive \u00e0 \u00eatre frais mentalement avec les encha\u00eenements de matchs entre le championnat de Ligue 1 et la coupe d\u2019Europe.\u00bb<\/p>\n<p>\n    Pub. le 30\/08\/2025 09:38<br \/>\n            &#8211; MAJ le 30\/08\/2025 10:13\n    <\/p>\n","protected":false},"excerpt":{"rendered":"Cette saison, Nice est encore en Ligue Europa. Apr\u00e8s avoir \u00e9t\u00e9 \u00e9limin\u00e9s la saison pass\u00e9e apr\u00e8s une phase&hellip;\n","protected":false},"author":2,"featured_media":354174,"comment_status":"","ping_status":"","sticky":false,"template":"","format":"standard","meta":{"footnotes":""},"categories":[2819],"tags":[1111,11,1777,674,1011,27,12,2401,882,25],"class_list":{"0":"post-354173","1":"post","2":"type-post","3":"status-publish","4":"format-standard","5":"has-post-thumbnail","7":"category-nice","8":"tag-actu","9":"tag-actualites","10":"tag-eu","11":"tag-europe","12":"tag-fr","13":"tag-france","14":"tag-news","15":"tag-nice","16":"tag-provence-alpes-cote-dazur","17":"tag-republique-francaise"},"share_on_mastodon":{"url":"https:\/\/pubeurope.com\/@fr\/115116842907035164","error":""},"_links":{"self":[{"href":"https:\/\/www.europesays.com\/fr\/wp-json\/wp\/v2\/posts\/354173","targetHints":{"allow":["GET"]}}],"collection":[{"href":"https:\/\/www.europesays.com\/fr\/wp-json\/wp\/v2\/posts"}],"about":[{"href":"https:\/\/www.europesays.com\/fr\/wp-json\/wp\/v2\/types\/post"}],"author":[{"embeddable":true,"href":"https:\/\/www.europesays.com\/fr\/wp-json\/wp\/v2\/users\/2"}],"replies":[{"embeddable":true,"href":"https:\/\/www.europesays.com\/fr\/wp-json\/wp\/v2\/comments?post=354173"}],"version-history":[{"count":0,"href":"https:\/\/www.europesays.com\/fr\/wp-json\/wp\/v2\/posts\/354173\/revisions"}],"wp:featuredmedia":[{"embeddable":true,"href":"https:\/\/www.europesays.com\/fr\/wp-json\/wp\/v2\/media\/354174"}],"wp:attachment":[{"href":"https:\/\/www.europesays.com\/fr\/wp-json\/wp\/v2\/media?parent=354173"}],"wp:term":[{"taxonomy":"category","embeddable":true,"href":"https:\/\/www.europesays.com\/fr\/wp-json\/wp\/v2\/categories?post=354173"},{"taxonomy":"post_tag","embeddable":true,"href":"https:\/\/www.europesays.com\/fr\/wp-json\/wp\/v2\/tags?post=354173"}],"curies":[{"name":"wp","href":"https:\/\/api.w.org\/{rel}","templated":true}]}}