{"id":354175,"date":"2025-08-30T08:46:48","date_gmt":"2025-08-30T08:46:48","guid":{"rendered":"https:\/\/www.europesays.com\/fr\/354175\/"},"modified":"2025-08-30T08:46:48","modified_gmt":"2025-08-30T08:46:48","slug":"quatre-hommes-ont-ete-interpelles","status":"publish","type":"post","link":"https:\/\/www.europesays.com\/fr\/354175\/","title":{"rendered":"quatre hommes ont \u00e9t\u00e9 interpell\u00e9s"},"content":{"rendered":"<p>            Par<br \/>\n        <strong><br \/>\n            <a href=\"https:\/\/actu.fr\/auteur\/laure-gentil\" title=\"Consulter tous les articles de Laure Gentil\" rel=\"nofollow noopener\" target=\"_blank\">Laure Gentil<\/a><br \/>\n        <\/strong><\/p>\n<p>        Publi\u00e9 le<\/p>\n<p>            29 ao\u00fbt 2025 \u00e0 15h53        <\/p>\n<p>Depuis la fin du mois de mai, les agressions \u00e0 caract\u00e8re homophobe se succ\u00e8dent \u00e0 Nantes et sa m\u00e9tropole.\u00a0Le 30\u00a0mai, un homme a \u00e9t\u00e9 attaqu\u00e9<strong> parc de Praud<\/strong>\u2009; en juillet, <a href=\"https:\/\/actu.fr\/pays-de-la-loire\/nantes_44109\/huit-hommes-homosexuels-agresses-dans-un-parc-a-nantes-un-suspect-arrete_62941914.html\" rel=\"nofollow noopener\" target=\"_blank\">huit hommes ont subi des violences et vols<\/a> au<strong> parc Crapa<\/strong>, sur l\u2019\u00eele Beaulieu et\u00a0<a href=\"https:\/\/actu.fr\/pays-de-la-loire\/nantes_44109\/agression-dans-un-parc-a-nantes-il-prend-rendez-vous-sur-grindr-et-tombe-dans-un-piege_62965027.html\" rel=\"nofollow noopener\" target=\"_blank\">une plainte a \u00e9galement \u00e9t\u00e9 d\u00e9pos\u00e9e apr\u00e8s des faits similaires commis dans le parc de la Roseraie, le 27\u00a0juillet<\/a>. D\u00e9but ao\u00fbt, <a href=\"https:\/\/actu.fr\/pays-de-la-loire\/reze_44143\/blesse-choque-apres-la-serie-d-agressions-homophobes-a-nantes-un-nouveau-get-apens-tendu-dans-un-parc_63008280.html\" rel=\"nofollow noopener\" target=\"_blank\">un guet-apens avait \u00e9t\u00e9 tendu \u00e0 Rez\u00e9, \u00e0 nouveau au parc de Praud<\/a> et mercredi 20\u00a0ao\u00fbt, un homme a \u00e9t\u00e9 victime d\u2019<a href=\"https:\/\/actu.fr\/pays-de-la-loire\/nantes_44109\/un-homme-ligote-et-depouille-lors-d-un-rendez-vous-nocturne-nouvelle-agression-homophobe-a-nantes_63065720.html\" rel=\"nofollow noopener\" target=\"_blank\">une\u00a0violente agression dans le parc de la Crapaudine,<\/a> entre le quartier Saint-Jacques et Clos Toreau.<\/p>\n<p class=\" wall-content\">Ce <strong>vendredi 29\u00a0ao\u00fbt 2025<\/strong>, le procureur de Nantes, <strong>Antoine Leroy<\/strong> a annonc\u00e9 que quatre hommes, \u00e2g\u00e9s de 17 \u00e0 18\u00a0ans, ont \u00e9t\u00e9 interpell\u00e9s mercredi 27\u00a0ao\u00fbt pour trois de ces agressions.<\/p>\n<p>Pour quelles agressions sont-ils arr\u00eat\u00e9s\u2009?<\/p>\n<p class=\" wall-content\">Selon le magistrat, les quatre mis en cause sont impliqu\u00e9s dans au moins trois des agressions, <strong>celle du 30\u00a0mai 2025, du 31\u00a0juillet 2025 et celle du 7\u00a0ao\u00fbt 2025.<\/strong><\/p>\n<p class=\" wall-content\">Le 30\u00a0mai 2025, un homme s\u2019est rendu au parc de Praud \u00e0 Rez\u00e9, apr\u00e8s avoir \u00e9chang\u00e9 sur un site de rencontres homosexuelles, \u00ab\u2009en vue d\u2019un \u00e9ventuel rapport sexuel avec un autre homme\u2009\u00bb, indique le magistrat. Il s\u2019agissait en r\u00e9alit\u00e9 d\u2019un guet-apens.<\/p>\n<p class=\" wall-content\">\u00c0 son arriv\u00e9e, il a \u00e9t\u00e9 pris \u00e0 partie \u00ab\u2009par quatre \u00e0 cinq individus\u2009\u00bb. La victime a \u00e9t\u00e9 frapp\u00e9e et les agresseurs l\u2019ont forc\u00e9e \u00e0 leur donner sa carte bancaire avec le code.<\/p>\n<blockquote class=\"ac-article-quote wall-content\">\n<p>Un retrait d\u2019argent devait \u00eatre ult\u00e9rieurement effectu\u00e9, pendant lequel la victime \u00e9tait maintenue sur place, tandis que ses effets personnels avaient \u00e9t\u00e9 jet\u00e9s dans le parc.<\/p>\n<p>    <strong>Antoine Leroy <\/strong><br \/>\n        Procureur de Nantes    <\/p><\/blockquote>\n<p class=\" wall-content\">Le 31\u00a0juillet 2025, <strong>au m\u00eame endroit<\/strong>, l\u00e0 encore, suite \u00e0 des \u00e9changes sur un \u00ab\u2009site de rencontres homosexuelles\u2009\u00bb, un autre homme a \u00e9t\u00e9 agress\u00e9 par quatre individus \u00ab\u2009arm\u00e9s d\u2019un marteau et d\u2019un maillet\u2009\u00bb pr\u00e9cise le parquet. Le v\u00e9hicule et le t\u00e9l\u00e9phone de la victime ont \u00e9t\u00e9 fouill\u00e9s et \u00ab\u2009un retrait de 500 euros \u00e9galement effectu\u00e9, ainsi qu\u2019une commande Uber Eat de 182 euros\u2009\u00bb, a relat\u00e9 ce vendredi Antoine Leroy. \u00ab\u2009L\u00e0 encore, la victime \u00e9tait maintenue sur place pendant le retrait\u2009\u00bb.<\/p>\n<p>Votre r\u00e9gion, votre actu !<\/p>\n<p>Recevez chaque jour les infos qui comptent pour vous.<\/p>\n<p>\t<a href=\"https:\/\/actu.fr\/newsletter\" class=\"ac-btn ac-btn--corner ac-btn--medium ac-btn--blue800\" rel=\"nofollow noopener\" target=\"_blank\">S&rsquo;incrire<\/a><\/p>\n<p class=\" wall-content\">La<strong> troisi\u00e8me agression est celle du 7\u00a0ao\u00fbt 2025<\/strong> \u00e0 Rez\u00e9. Une troisi\u00e8me personne a, l\u00e0 aussi, \u00e9t\u00e9 attaqu\u00e9e et, \u00e0 nouveau, les agresseurs \u00e9taient \u00e9quip\u00e9s de marteau et maillet. Le t\u00e9l\u00e9phone de la victime a ainsi \u00e9t\u00e9 d\u00e9rob\u00e9 et ses affaires ont \u00e9t\u00e9 \u00ab\u2009dispers\u00e9es dans le parc\u2009\u00bb.<\/p>\n<blockquote class=\"ac-article-quote wall-content\">\n<p>Lors des trois agressions, les mis en cause consultaient le t\u00e9l\u00e9phone portable des victimes, prenaient des clich\u00e9s des contacts, voire filmaient la victime, non sans avoir par ailleurs prof\u00e9r\u00e9 \u00e0 leur encontre de nombreuses insultes \u00e0 caract\u00e8re homophobe.<\/p>\n<p>    <strong>Antoine Leroy <\/strong><br \/>\n        Procureur de Nantes    <\/p><\/blockquote>\n<p>Le maillet et le marteau retrouv\u00e9<\/p>\n<p class=\" wall-content\">Le groupe \u00ab\u2009violences aux personnes\u2009\u00bb du service local de la police judiciaire du commissariat de Nantes a \u00e9t\u00e9 saisi de l\u2019enqu\u00eate pour ces trois agressions.<\/p>\n<p class=\" wall-content\">L\u2019<strong>exploitation des vid\u00e9os et de la t\u00e9l\u00e9phonie<\/strong> a permis d\u2019identifier \u00ab\u2009un certain nombre d\u2019individus, lesquels, au nombre de quatre, tout juste majeurs pour trois d\u2019entre eux et \u00e2g\u00e9 de 17\u00a0ans pour le quatri\u00e8me, \u00e9taient interpell\u00e9s le 27\u00a0ao\u00fbt 2025\u2009\u00bb a expliqu\u00e9 le procureur de Nantes.<\/p>\n<p class=\" wall-content\">Une<strong> fouille de v\u00e9hicule<\/strong> a, quant \u00e0 elle, permis de trouver un \u00ab\u2009maillet de charpentier de grande taille et un marteau\u2009\u00bb et durant les <strong>perquisitions,<\/strong> les enqu\u00eateurs ont d\u00e9couvert un t\u00e9l\u00e9phone vol\u00e9 \u00e0 une des victimes.<\/p>\n<p>\u00ab\u2009Une \u00e9quipe bien organis\u00e9e\u2009\u00bb<\/p>\n<p class=\" wall-content\">Selon Antoine Leroy, durant leurs auditions, les suspects ont minimis\u00e9 \u00ab\u2009certaines des violences\u2009\u00bb mais ont admis les faits \u00ab\u2009dans leur globalit\u00e9\u2009\u00bb. Les quatre hommes n\u2019\u00e9taient, semble-t-il, pas \u00ab\u2009syst\u00e9matiquement ensemble pour les trois faits qui font l\u2019objet de l\u2019enqu\u00eate\u2009\u00bb.<\/p>\n<p class=\" wall-content\">Ils ont \u00e9voqu\u00e9 en garde \u00e0 vue <strong>d\u2019autres faits similaires<\/strong> \u00ab\u2009dans lesquels ils admettaient \u00eatre \u00e9galement mis en cause\u2009\u00bb.<\/p>\n<blockquote class=\"ac-article-quote wall-content\">\n<p>Les investigations et les auditions mettaient en \u00e9vidence une \u00e9quipe bien organis\u00e9e, dans le but, notamment, d\u2019obtenir de l\u2019argent.<\/p>\n<p>    <strong>Antoine Leroy<\/strong><br \/>\n        Procureur de Nantes    <\/p><\/blockquote>\n<p class=\" wall-content\">Cette \u00ab\u2009\u00e9quipe bien organis\u00e9e\u2009\u00bb avait un mode op\u00e9ratoire tout aussi rod\u00e9 qui est rest\u00e9 le m\u00eame \u00e0 chaque agression\u2009: ils initient le contact via les r\u00e9seaux sociaux avec des hommes recherchant une relation homosexuelle et donnent rendez-vous dans un parc sombre. Les agresseurs se cachent ensuite, \u00ab\u2009cagoul\u00e9s et arm\u00e9s\u2009\u00bb, pour organiser le guet-apens.<\/p>\n<blockquote class=\"ac-article-quote wall-content\">\n<p>Certains surveillaient les victimes apr\u00e8s avoir port\u00e9 les coups, tandis que les autres partaient faire les retraits.<\/p>\n<p>    <strong>Antoine Leroy<\/strong><br \/>\n        Procureur de Nantes    <\/p><\/blockquote>\n<p>Une d\u00e9tention provisoire requise<\/p>\n<p class=\" wall-content\">Les quatre hommes ont \u00e9t\u00e9 d\u00e9f\u00e9r\u00e9s ce vendredi au parquet qui a saisi un juge d\u2019instruction. Ils sont accus\u00e9s \u00ab\u2009d\u2019<strong>extorsions commises avec arme<\/strong> et <strong>en raison de l\u2019orientation sexuelle<\/strong> de la victime et extorsions avec violences ayant entra\u00een\u00e9 une incapacit\u00e9 totale de travail sup\u00e9rieure \u00e0 8 jours et commises en raison de l\u2019orientation sexuelle de la victime\u2009\u00bb ainsi que pour <strong>escroqueries<\/strong>. Ils risquent la <strong>r\u00e9clusion criminelle \u00e0 perp\u00e9tuit\u00e9.<\/strong><\/p>\n<p class=\" wall-content\">Le parquet de Nantes a requis un placement en d\u00e9tention provisoire. Les <strong>investigations se poursuivent<\/strong> pour \u00ab\u2009les autres faits admis par les mis en cause\u2009\u00bb et <strong>une autre enqu\u00eate<\/strong> a \u00e9t\u00e9 ouverte pour \u00ab\u2009mieux comprendre les circonstances dans lesquelles les victimes avaient pu entrer en contact avec les mis en cause du pr\u00e9sent dossier\u2009\u00bb, a communiqu\u00e9 Antoine Leroy qui a salu\u00e9 le \u00ab\u2009travail particuli\u00e8rement efficace des services de police\u2009\u00bb de Nantes.<\/p>\n<p class=\" wall-content\">Personnalisez votre actualit\u00e9 en ajoutant vos villes et m\u00e9dias en favori avec <a href=\"https:\/\/moncompte.actu.fr\" title=\"D\u00e9couvez Mon Actu\" rel=\"nofollow noopener\" data-trk=\"{&quot;cta&quot;:{&quot;action&quot;:&quot;https:\\\/\\\/moncompte.actu.fr&quot;,&quot;category&quot;:&quot;mon compte&quot;,&quot;from&quot;:&quot;article footer&quot;,&quot;name&quot;:&quot;Mon actu&quot;,&quot;type&quot;:&quot;cta&quot;}}\" target=\"_blank\">Mon Actu<\/a>.<\/p>\n","protected":false},"excerpt":{"rendered":"Par Laure Gentil Publi\u00e9 le 29 ao\u00fbt 2025 \u00e0 15h53 Depuis la fin du mois de mai, les&hellip;\n","protected":false},"author":2,"featured_media":354176,"comment_status":"","ping_status":"","sticky":false,"template":"","format":"standard","meta":{"footnotes":""},"categories":[2818],"tags":[1111,11,1777,674,118,1011,27,8717,303,9087,766,12,2636,25],"class_list":{"0":"post-354175","1":"post","2":"type-post","3":"status-publish","4":"format-standard","5":"has-post-thumbnail","7":"category-nantes","8":"tag-actu","9":"tag-actualites","10":"tag-eu","11":"tag-europe","12":"tag-faits-divers","13":"tag-fr","14":"tag-france","15":"tag-homophobie","16":"tag-justice","17":"tag-lgbt","18":"tag-nantes","19":"tag-news","20":"tag-pays-de-la-loire","21":"tag-republique-francaise"},"share_on_mastodon":{"url":"https:\/\/pubeurope.com\/@fr\/115116850779750408","error":""},"_links":{"self":[{"href":"https:\/\/www.europesays.com\/fr\/wp-json\/wp\/v2\/posts\/354175","targetHints":{"allow":["GET"]}}],"collection":[{"href":"https:\/\/www.europesays.com\/fr\/wp-json\/wp\/v2\/posts"}],"about":[{"href":"https:\/\/www.europesays.com\/fr\/wp-json\/wp\/v2\/types\/post"}],"author":[{"embeddable":true,"href":"https:\/\/www.europesays.com\/fr\/wp-json\/wp\/v2\/users\/2"}],"replies":[{"embeddable":true,"href":"https:\/\/www.europesays.com\/fr\/wp-json\/wp\/v2\/comments?post=354175"}],"version-history":[{"count":0,"href":"https:\/\/www.europesays.com\/fr\/wp-json\/wp\/v2\/posts\/354175\/revisions"}],"wp:featuredmedia":[{"embeddable":true,"href":"https:\/\/www.europesays.com\/fr\/wp-json\/wp\/v2\/media\/354176"}],"wp:attachment":[{"href":"https:\/\/www.europesays.com\/fr\/wp-json\/wp\/v2\/media?parent=354175"}],"wp:term":[{"taxonomy":"category","embeddable":true,"href":"https:\/\/www.europesays.com\/fr\/wp-json\/wp\/v2\/categories?post=354175"},{"taxonomy":"post_tag","embeddable":true,"href":"https:\/\/www.europesays.com\/fr\/wp-json\/wp\/v2\/tags?post=354175"}],"curies":[{"name":"wp","href":"https:\/\/api.w.org\/{rel}","templated":true}]}}