{"id":354177,"date":"2025-08-30T08:47:12","date_gmt":"2025-08-30T08:47:12","guid":{"rendered":"https:\/\/www.europesays.com\/fr\/354177\/"},"modified":"2025-08-30T08:47:12","modified_gmt":"2025-08-30T08:47:12","slug":"le-diocese-lance-un-appel-a-temoignages","status":"publish","type":"post","link":"https:\/\/www.europesays.com\/fr\/354177\/","title":{"rendered":"le dioc\u00e8se lance un appel \u00e0 t\u00e9moignages"},"content":{"rendered":"<p>\u00ab\u00a0Il est essentiel que la parole continue \u00e0 se lib\u00e9rer et que la v\u00e9rit\u00e9 \u00e9clate au grand jour\u00a0\u00bb, d\u00e9clare avec gravit\u00e9 l\u2019\u00e9v\u00eaque de Nantes, Mgr\u00a0Laurent Percerou, en ouverture d\u2019une conf\u00e9rence de presse organis\u00e9e vendredi 28\u00a0ao\u00fbt pour r\u00e9v\u00e9ler des abus sexuels commis par des pr\u00eatres dans un coll\u00e8ge catholique du centre-ville de Nantes, Saint-Stanislas, entre les ann\u00e9es 1960 et 2000. Apr\u00e8s la publication du rapport de la Commission ind\u00e9pendante sur les abus sexuels dans l\u2019\u00c9glise (Ciase), en 2021, des tags \u00e9voquant ces faits avaient \u00e9t\u00e9 d\u00e9couverts sur les murs de l\u2019\u00e9tablissement. Deux ans plus tard, une \u00e0 deux victimes s\u2019\u00e9taient manifest\u00e9es. Mais c\u2019est entre f\u00e9vrier et juin dernier, apr\u00e8s les r\u00e9v\u00e9lations visant Notre-Dame de B\u00e9tharram, que d\u2019autres victimes (ou leurs familles) ont bris\u00e9 le silence, longtemps apr\u00e8s les faits.<\/p>\n<p>Leurs t\u00e9moignages mettent en cause cinq pr\u00eatres enseignants pour des viols, agressions et attouchements sexuels commis entre 1958 et 1995 dans ce coll\u00e8ge r\u00e9put\u00e9 du centre-ville de Nantes. Ces faits se seraient d\u00e9roul\u00e9s dans l\u2019internat de l\u2019\u00e9tablissement et lors d\u2019un camp de vacances. Un surveillant, qui n\u2019a pas encore \u00e9t\u00e9 formellement identifi\u00e9, pourrait \u00e9galement faire partie des mis en cause. Tous les pr\u00eatres concern\u00e9s sont d\u00e9c\u00e9d\u00e9s \u2013 le dernier en 2011 \u2013, mais leurs agissements ont \u00e9t\u00e9 signal\u00e9s \u00e0 la justice par le dioc\u00e8se, qui dit mettre ses archives \u00e0 sa disposition.<\/p>\n<p>Appel aux victimes potentielles<\/p>\n<p>Les victimes, toutes mineures \u00e0 l\u2019\u00e9poque des faits, sont 9 hommes et une femme, qui aurait, elle, en plus des abus sexuels, subi des violences physiques. Sur ces dix personnes, sept sont encore en vie, \u00e2g\u00e9es entre 65 et 75\u00a0ans. \u00ab\u00a0Nous sommes boulevers\u00e9s et r\u00e9volt\u00e9s par les actes relat\u00e9s, commente Fr\u00e9d\u00e9ric Delemazure, directeur dioc\u00e9sain de l\u2019enseignement catholique de Loire-Atlantique. Nous mesurons l\u2019ampleur de la souffrance des victimes et l\u2019impact \u00e0 vie de ces traumatismes. Cette v\u00e9rit\u00e9 n\u2019est pas facile mais il faut l\u2019assumer.\u00a0\u00bb<\/p>\n<p>Dans le sillage de ces r\u00e9v\u00e9lations, le dioc\u00e8se et l\u2019enseignement catholique lancent un appel aux potentielles autres victimes. \u00ab\u00a0Aucune violence ne doit \u00eatre tue et aucune souffrance ne doit rester enfouie\u00a0\u00bb, souligne Mgr\u00a0Laurent Percerou. Au-del\u00e0 de Saint-Stanislas, cet appel s\u2019adresse \u00e0\u00a0toutes les victimes d\u2019agressions physiques ou sexuelles dans les \u00e9tablissements scolaires catholiques du d\u00e9partement, ou les trois petits s\u00e9minaires qui existaient \u00e0 l\u2019\u00e9poque (1).<\/p>\n<p>Depuis 2016, la cellule r\u00e9gionale d\u2019accueil et d\u2019\u00e9coute du dioc\u00e8se a re\u00e7u 280 victimes, mais peu de t\u00e9moignages concernaient des \u00e9tablissements scolaires (25\u00a0%). \u00ab\u00a0Depuis l\u2019affaire B\u00e9tharram, il semblerait que la parole se lib\u00e8re pour des faits survenus dans l\u2019enseignement catholique\u00a0\u00bb, t\u00e9moigne Jean-Luc Pilet, responsable de cette cellule.<\/p>\n<p>Comprendre et analyser les causes<\/p>\n<p>\u00ab\u00a0Nous avons commenc\u00e9 et allons continuer \u00e0 \u00e9plucher nos archives pour croiser des sources, rep\u00e9rer les dysfonctionnements et analyser les causes, pr\u00e9cise l\u2019\u00e9v\u00eaque de Nantes. Les victimes ont besoin d\u2019entendre quel a \u00e9t\u00e9 le m\u00e9canisme mis en \u0153uvre.\u00a0\u00bb Si elles sont d\u00e9j\u00e0 en relation avec l\u2019Inirr (Instance nationale ind\u00e9pendante de reconnaissance et de r\u00e9paration), Mgr\u00a0Percerou ajoute que, si le nombre de victimes s\u2019av\u00e8re important apr\u00e8s l\u2019appel \u00e0 t\u00e9moignages, \u00ab\u00a0il y aura une prise en charge collective localement\u00a0\u00bb.<\/p>\n<p>Le dioc\u00e8se de Nantes a recrut\u00e9 depuis deux ans une salari\u00e9e charg\u00e9e de la protection des mineurs, poursuit l\u2019\u00e9v\u00eaque. C\u2019est elle qui coordonne une formation appel\u00e9e \u00ab\u00a0Stop abus\u00a0\u00bb \u00e0 destination des paroisses et des \u00e9tablissements scolaires. \u00c0 ce jour, 650 adultes en contact avec des mineurs ont \u00e9t\u00e9 form\u00e9s (pr\u00eatres comme la\u00efcs). Dans l\u2019enseignement catholique, un programme de protection des publics fragiles est \u00e9galement d\u00e9ploy\u00e9 depuis 2018 pour \u00ab\u00a0pr\u00e9venir et agir contre toute situation de maltraitance\u00a0\u00bb, compl\u00e8te Fr\u00e9d\u00e9ric Delemazure. Il tient \u00e9galement \u00e0 rassurer les parents dont les enfants sont scolaris\u00e9s \u00e0 Saint-Stanislas. \u00ab\u00a0La vie s\u2019y passe tout \u00e0 fait sereinement et les horreurs du pass\u00e9 ne doivent pas compromettre le travail men\u00e9 dans l\u2019\u00e9tablissement.\u00a0\u00bb<\/p>\n<p>(1) Cellule d\u2019accueil et d\u2019\u00e9coute du dioc\u00e8se\u00a0: paroledevictimespaysdelaloire@gmail.com<\/p>\n","protected":false},"excerpt":{"rendered":"\u00ab\u00a0Il est essentiel que la parole continue \u00e0 se lib\u00e9rer et que la v\u00e9rit\u00e9 \u00e9clate au grand jour\u00a0\u00bb,&hellip;\n","protected":false},"author":2,"featured_media":354178,"comment_status":"","ping_status":"","sticky":false,"template":"","format":"standard","meta":{"footnotes":""},"categories":[2818],"tags":[1111,11,1777,674,1011,27,766,12,2636,25],"class_list":{"0":"post-354177","1":"post","2":"type-post","3":"status-publish","4":"format-standard","5":"has-post-thumbnail","7":"category-nantes","8":"tag-actu","9":"tag-actualites","10":"tag-eu","11":"tag-europe","12":"tag-fr","13":"tag-france","14":"tag-nantes","15":"tag-news","16":"tag-pays-de-la-loire","17":"tag-republique-francaise"},"share_on_mastodon":{"url":"https:\/\/pubeurope.com\/@fr\/115116850838188924","error":""},"_links":{"self":[{"href":"https:\/\/www.europesays.com\/fr\/wp-json\/wp\/v2\/posts\/354177","targetHints":{"allow":["GET"]}}],"collection":[{"href":"https:\/\/www.europesays.com\/fr\/wp-json\/wp\/v2\/posts"}],"about":[{"href":"https:\/\/www.europesays.com\/fr\/wp-json\/wp\/v2\/types\/post"}],"author":[{"embeddable":true,"href":"https:\/\/www.europesays.com\/fr\/wp-json\/wp\/v2\/users\/2"}],"replies":[{"embeddable":true,"href":"https:\/\/www.europesays.com\/fr\/wp-json\/wp\/v2\/comments?post=354177"}],"version-history":[{"count":0,"href":"https:\/\/www.europesays.com\/fr\/wp-json\/wp\/v2\/posts\/354177\/revisions"}],"wp:featuredmedia":[{"embeddable":true,"href":"https:\/\/www.europesays.com\/fr\/wp-json\/wp\/v2\/media\/354178"}],"wp:attachment":[{"href":"https:\/\/www.europesays.com\/fr\/wp-json\/wp\/v2\/media?parent=354177"}],"wp:term":[{"taxonomy":"category","embeddable":true,"href":"https:\/\/www.europesays.com\/fr\/wp-json\/wp\/v2\/categories?post=354177"},{"taxonomy":"post_tag","embeddable":true,"href":"https:\/\/www.europesays.com\/fr\/wp-json\/wp\/v2\/tags?post=354177"}],"curies":[{"name":"wp","href":"https:\/\/api.w.org\/{rel}","templated":true}]}}