{"id":354179,"date":"2025-08-30T08:48:26","date_gmt":"2025-08-30T08:48:26","guid":{"rendered":"https:\/\/www.europesays.com\/fr\/354179\/"},"modified":"2025-08-30T08:48:26","modified_gmt":"2025-08-30T08:48:26","slug":"le-fleau-des-rendez-vous-medicaux-non-honores-a-bordeaux","status":"publish","type":"post","link":"https:\/\/www.europesays.com\/fr\/354179\/","title":{"rendered":"Le fl\u00e9au des rendez-vous m\u00e9dicaux non honor\u00e9s \u00e0 Bordeaux"},"content":{"rendered":"<p>Le constat est alarmant : \u00e0 mi-ann\u00e9e 2025, plus de 3 300 rendez-vous non honor\u00e9s ont d\u00e9j\u00e0 \u00e9t\u00e9 enregistr\u00e9s chez <a href=\"https:\/\/www.sosmedecins-bordeaux.com\/\" rel=\"nofollow noopener\" target=\"_blank\">SOS M\u00e9decins Bordeaux<\/a>. Si la tendance se confirme, ce chiffre pourrait atteindre 6 600 consultations manqu\u00e9es d\u2019ici d\u00e9cembre, soit l\u2019\u00e9quivalent de plusieurs semaines d\u2019activit\u00e9 m\u00e9dicale perdues.<\/p>\n<p><img fetchpriority=\"high\" decoding=\"async\" width=\"1024\" height=\"576\" src=\"https:\/\/www.europesays.com\/fr\/wp-content\/uploads\/2025\/08\/rdv-non-honores-bordeaux-1024x576.jpg\" alt=\"\" class=\"wp-image-82833\"  \/>Rendez-vous non honor\u00e9s : un vrai fl\u00e9au \u00e0 Bordeaux. Pr\u00e9venir son absence, c\u2019est lib\u00e9rer un cr\u00e9neau vital pour un autre patient.<\/p>\n<p>Derri\u00e8re ces statistiques se cache une r\u00e9alit\u00e9 pr\u00e9occupante : chaque rendez-vous non annul\u00e9 repr\u00e9sente <strong>un m\u00e9decin qui attend<\/strong> inutilement, et surtout <strong>un patient priv\u00e9 d\u2019une prise en charge rapide<\/strong>. Dans un contexte o\u00f9 l\u2019acc\u00e8s aux soins est d\u00e9j\u00e0 tendu, notamment en m\u00e9decine de ville et en urgence, ce gaspillage interroge sur les comportements des usagers et sur leurs cons\u00e9quences collectives.<\/p>\n<p>Des cr\u00e9neaux perdus qui p\u00e8sent sur le syst\u00e8me<\/p>\n<p><strong>\u00c0 Bordeaux comme ailleurs, le temps m\u00e9dical est une ressource rare. <\/strong>Entre p\u00e9nurie de m\u00e9decins g\u00e9n\u00e9ralistes, d\u00e9lais d\u2019attente pour les sp\u00e9cialistes et pression croissante sur les urgences hospitali\u00e8res, chaque cr\u00e9neau compte. Or, un rendez-vous manqu\u00e9 ne peut pas \u00eatre r\u00e9attribu\u00e9 imm\u00e9diatement, laissant un vide dans des plannings d\u00e9j\u00e0 satur\u00e9s.<\/p>\n<p>Selon les praticiens bordelais, ces absences injustifi\u00e9es rallongent les d\u00e9lais pour les autres patients, retardent certains diagnostics et augmentent la charge de travail des \u00e9quipes. \u00ab Quand un patient ne pr\u00e9vient pas, c\u2019est potentiellement une personne fragile qui attendra plusieurs jours de plus \u00bb, confie un m\u00e9decin de SOS Bordeaux.<\/p>\n<p>Un probl\u00e8me collectif, une solution simple<\/p>\n<p>Les causes de ces rendez-vous non honor\u00e9s sont multiples : oublis, impr\u00e9vus personnels, difficult\u00e9 \u00e0 joindre les services pour annuler\u2026 Pourtant, la solution reste simple : <strong>pr\u00e9venir en cas d\u2019emp\u00eachement<\/strong>. Un appel ou un clic permet de lib\u00e9rer la place et d\u2019offrir ce cr\u00e9neau \u00e0 un autre patient dans le besoin.<\/p>\n<p><img loading=\"lazy\" decoding=\"async\" width=\"1024\" height=\"682\" src=\"https:\/\/www.europesays.com\/fr\/wp-content\/uploads\/2025\/08\/rdv-non-honores-2-1024x682.jpg\" alt=\"\" class=\"wp-image-82834\"  \/>\u00c0 Bordeaux, 3 300 rendez-vous m\u00e9dicaux d\u00e9j\u00e0 non honor\u00e9s en 2025. Chaque annulation oubli\u00e9e prive un patient de soins rapides.<\/p>\n<p>Cette responsabilit\u00e9 citoyenne est d\u2019autant plus cruciale que la m\u00e9tropole bordelaise conna\u00eet une croissance d\u00e9mographique soutenue, accentuant la pression sur son syst\u00e8me de sant\u00e9. Les structures m\u00e9dicales rappellent que des outils existent : lignes t\u00e9l\u00e9phoniques, applications ou plateformes en ligne pour annuler rapidement une consultation.<\/p>\n<p>Sensibiliser pour mieux soigner<\/p>\n<p><strong>\u00c0 travers ses campagnes d\u2019information, SOS M\u00e9decins Bordeaux alerte <\/strong>: r\u00e9duire les rendez-vous non honor\u00e9s, c\u2019est am\u00e9liorer l\u2019efficacit\u00e9 du syst\u00e8me de soins, <strong>r\u00e9duire les d\u00e9lais<\/strong> et garantir une meilleure prise en charge pour tous. Car derri\u00e8re chaque cr\u00e9neau perdu se cache un enjeu collectif : pr\u00e9server la disponibilit\u00e9 m\u00e9dicale, optimiser les ressources et, in fine, garantir l\u2019acc\u00e8s \u00e9quitable aux soins pour tous les Bordelais. <strong>Du bon sens en fait.<\/strong><\/p>\n<p>A lire aussi : <a href=\"https:\/\/www.bougerabordeaux.com\/actu\/bienvenue-a-bordeaux-ce-quil-faut-savoir-pour-sinstaller-et-vivre-dans-lagglomeration\/\" rel=\"nofollow noopener\" target=\"_blank\">Bienvenue \u00e0 Bordeaux : ce qu\u2019il faut savoir pour s\u2019installer et vivre dans l\u2019agglom\u00e9ration<\/a><\/p>\n","protected":false},"excerpt":{"rendered":"Le constat est alarmant : \u00e0 mi-ann\u00e9e 2025, plus de 3 300 rendez-vous non honor\u00e9s ont d\u00e9j\u00e0 \u00e9t\u00e9&hellip;\n","protected":false},"author":2,"featured_media":354180,"comment_status":"","ping_status":"","sticky":false,"template":"","format":"standard","meta":{"footnotes":""},"categories":[2817],"tags":[1111,11,1997,1777,674,1011,27,12,2219,25],"class_list":{"0":"post-354179","1":"post","2":"type-post","3":"status-publish","4":"format-standard","5":"has-post-thumbnail","7":"category-bordeaux","8":"tag-actu","9":"tag-actualites","10":"tag-bordeaux","11":"tag-eu","12":"tag-europe","13":"tag-fr","14":"tag-france","15":"tag-news","16":"tag-nouvelle-aquitaine","17":"tag-republique-francaise"},"share_on_mastodon":{"url":"https:\/\/pubeurope.com\/@fr\/115116855541110212","error":""},"_links":{"self":[{"href":"https:\/\/www.europesays.com\/fr\/wp-json\/wp\/v2\/posts\/354179","targetHints":{"allow":["GET"]}}],"collection":[{"href":"https:\/\/www.europesays.com\/fr\/wp-json\/wp\/v2\/posts"}],"about":[{"href":"https:\/\/www.europesays.com\/fr\/wp-json\/wp\/v2\/types\/post"}],"author":[{"embeddable":true,"href":"https:\/\/www.europesays.com\/fr\/wp-json\/wp\/v2\/users\/2"}],"replies":[{"embeddable":true,"href":"https:\/\/www.europesays.com\/fr\/wp-json\/wp\/v2\/comments?post=354179"}],"version-history":[{"count":0,"href":"https:\/\/www.europesays.com\/fr\/wp-json\/wp\/v2\/posts\/354179\/revisions"}],"wp:featuredmedia":[{"embeddable":true,"href":"https:\/\/www.europesays.com\/fr\/wp-json\/wp\/v2\/media\/354180"}],"wp:attachment":[{"href":"https:\/\/www.europesays.com\/fr\/wp-json\/wp\/v2\/media?parent=354179"}],"wp:term":[{"taxonomy":"category","embeddable":true,"href":"https:\/\/www.europesays.com\/fr\/wp-json\/wp\/v2\/categories?post=354179"},{"taxonomy":"post_tag","embeddable":true,"href":"https:\/\/www.europesays.com\/fr\/wp-json\/wp\/v2\/tags?post=354179"}],"curies":[{"name":"wp","href":"https:\/\/api.w.org\/{rel}","templated":true}]}}