{"id":35418,"date":"2025-04-19T02:40:11","date_gmt":"2025-04-19T02:40:11","guid":{"rendered":"https:\/\/www.europesays.com\/fr\/35418\/"},"modified":"2025-04-19T02:40:11","modified_gmt":"2025-04-19T02:40:11","slug":"qui-est-jerome-powell-le-president-de-la-banque-centrale-que-trump-menace-de-limoger","status":"publish","type":"post","link":"https:\/\/www.europesays.com\/fr\/35418\/","title":{"rendered":"Qui est Jerome Powell, le pr\u00e9sident de la Banque centrale que Trump menace de limoger\u00a0?"},"content":{"rendered":"<p>Calme, m\u00e9thodique, d\u00e9termin\u00e9. A 71 ans, <a href=\"https:\/\/www.20minutes.fr\/economie\/2162435-20171103-fed-jerome-powell-homme-plus-puissant-finance-mondiale\" target=\"_blank\" class=\"color-ultramarine c-link\" rel=\"nofollow noopener\">Jerome Powell<\/a> est sans doute l\u2019un des hommes les plus puissants \u2013 et les plus scrut\u00e9s \u2013 de la plan\u00e8te. A la t\u00eate de la <a href=\"https:\/\/www.20minutes.fr\/economie\/fed\/\" target=\"_blank\" class=\"color-ultramarine c-link\" rel=\"nofollow noopener\">R\u00e9serve f\u00e9d\u00e9rale am\u00e9ricaine (Fed)<\/a> depuis\u00a02018, il est le chef d\u2019orchestre de la politique mon\u00e9taire des Etats-Unis, avec une influence qui d\u00e9passe largement les fronti\u00e8res du pays. C\u2019est lui qui fixe le tempo des taux d\u2019int\u00e9r\u00eat, arbitre entre croissance et inflation, et rassure \u2013 ou affole \u2013 les march\u00e9s mondiaux.<\/p>\n<p>Son mandat, d\u00e9j\u00e0 reconduit une fois par <a href=\"https:\/\/www.20minutes.fr\/dossier\/joe_biden\" target=\"_blank\" class=\"color-ultramarine c-link\" rel=\"nofollow noopener\">Joe Biden<\/a>, a \u00e9t\u00e9 marqu\u00e9 par une s\u00e9rie de crises \u00e9conomiques d\u2019une ampleur in\u00e9dite. Il a aussi connu des \u00e9pisodes politiques particuli\u00e8rement tendus\u00a0: des confrontations ouvertes avec Donald Trump, le pr\u00e9sident qui l\u2019avait pourtant nomm\u00e9.<\/p>\n<p>Un parcours atypique vers la Fed<\/p>\n<p>Juriste de formation, dipl\u00f4m\u00e9 de Princeton puis de Georgetown, Jerome Powell n\u2019est pas un \u00e9conomiste universitaire comme l\u2019\u00e9taient ses pr\u00e9d\u00e9cesseurs. Il a d\u00e9but\u00e9 comme avocat, avant de passer par la banque d\u2019affaires, puis le Tr\u00e9sor am\u00e9ricain sous George H.W. Bush. Il a ensuite rejoint le fonds d\u2019investissement Carlyle, avant de s\u2019engager dans la recherche au sein d\u2019un think tank centriste.<\/p>\n<\/p>\n<p>En\u00a02012, il est entr\u00e9 au Conseil des gouverneurs de la Fed, nomm\u00e9 par <a href=\"https:\/\/www.20minutes.fr\/dossier\/barack_obama\" target=\"_blank\" class=\"color-ultramarine c-link\" rel=\"nofollow noopener\">Barack Obama<\/a>. Son profil mod\u00e9r\u00e9 s\u00e9duit les deux camps politiques. En\u00a02018, Donald Trump d\u00e9cide de le nommer pr\u00e9sident de la Fed, pr\u00e9f\u00e9rant un r\u00e9publicain ind\u00e9pendant \u00e0 la d\u00e9mocrate Janet Yellen. Ce choix, Donald Trump va vite le regretter.<\/p>\n<p>L\u2019homme qui a r\u00e9sist\u00e9 aux pressions pr\u00e9sidentielles<\/p>\n<p>A peine install\u00e9, il a engag\u00e9 un resserrement mon\u00e9taire, relevant progressivement les taux d\u2019int\u00e9r\u00eat pour pr\u00e9venir une surchauffe de l\u2019\u00e9conomie. Donald Trump, qui misait sur une croissance rapide et des march\u00e9s en hausse pour soutenir sa r\u00e9\u00e9lection, n\u2019a pas du tout appr\u00e9ci\u00e9. A partir de\u00a02018, il a lanc\u00e9 plusieurs attaques contre lui par tweets et d\u00e9clarations improvis\u00e9es. \u00ab\u00a0La Fed est devenue folle\u00a0\u00bb, l\u00e2chait-il en octobre\u00a02018. \u00ab\u00a0Le plus gros probl\u00e8me de notre \u00e9conomie, c\u2019est Powell\u00a0\u00bb, accusait-il encore en\u00a02019.<\/p>\n<p>Donald Trump va m\u00eame essayer de le limoger, sans succ\u00e8s. Et aujourd\u2019hui encore, <a href=\"https:\/\/www.20minutes.fr\/monde\/etats-unis\/4149119-20250417-etats-unis-donald-trump-prend-president-fed-juge-trop-lent-baisser-taux\" target=\"_blank\" class=\"color-ultramarine c-link\" rel=\"nofollow noopener\">le pr\u00e9sident est extr\u00eamement remont\u00e9 contre lui<\/a>, \u00e9voquant \u00e0 nouveau son possible limogeage. \u00ab\u00a0Le pr\u00e9sident et son \u00e9quipe continueront \u00e0 se pencher sur la question\u00a0\u00bb de limoger Jerome Powell, a dit \u00e0 des journalistes le directeur du Conseil \u00e9conomique national, Kevin Hassett.<\/p>\n<p>Covid, inflation, banques\u00a0: un mandat sous tension<\/p>\n<p>En mars\u00a02020, alors que la pand\u00e9mie de Covid-19 fait vaciller l\u2019\u00e9conomie mondiale, Jerome Powell a r\u00e9agi rapidement en abaissant les taux \u00e0 z\u00e9ro, lan\u00e7ant des rachats massifs d\u2019actifs et ouvrant des lignes de cr\u00e9dit d\u2019urgence. La Fed a ainsi inject\u00e9 des milliers de milliards de dollars pour stabiliser le syst\u00e8me financier et \u00e9viter un effondrement.<\/p>\n<p><img decoding=\"async\" alt=\"D\u00e8s sa nomination en 2018 par Donald Trump, Jerome Powell a rapidement agac\u00e9 le pr\u00e9sident des Etats-Unis. Et aujourd'hui, les relations entre les deux hommes sont tr\u00e8s tendues, Donald Trump souhaitant le limoger.\" class=\"c-img\" loading=\"lazy\" fetchpriority=\"auto\" width=\"718\"  src=\"https:\/\/www.europesays.com\/fr\/wp-content\/uploads\/2025\/04\/1745030411_861_718x0.jpeg; charset=utf-8\" \/>D\u00e8s sa nomination en 2018 par Donald Trump, Jerome Powell a rapidement agac\u00e9 le pr\u00e9sident des Etats-Unis. Et aujourd&rsquo;hui, les relations entre les deux hommes sont tr\u00e8s tendues, Donald Trump souhaitant le limoger.\u2002-\u00a0Chine Nouvelle\/SIPA<\/p>\n<p>Mais cette politique tr\u00e8s accommodante a conduit \u00e0 un red\u00e9marrage brutal de l\u2019<a href=\"https:\/\/www.20minutes.fr\/economie\/inflation\/\" target=\"_blank\" class=\"color-ultramarine c-link\" rel=\"nofollow noopener\">inflation<\/a>. Fin\u00a02021, les prix flambent aux Etats-Unis. D\u2019abord qualifi\u00e9e de \u00ab\u00a0transitoire\u00a0\u00bb, l\u2019inflation d\u00e9passe 8\u00a0% d\u00e9but\u00a02022. Powell change de cap et engage une s\u00e9rie de hausses de taux parmi les plus rapides depuis les ann\u00e9es\u00a01980. \u00ab\u00a0Il n\u2019y a pas de mani\u00e8re indolore de vaincre l\u2019inflation\u00a0\u00bb, admet-il en septembre\u00a02022. Sa politique a d\u2019ailleurs provoqu\u00e9, indirectement, des fragilit\u00e9s dans le syst\u00e8me bancaire, comme l\u2019effondrement de la <a href=\"https:\/\/www.20minutes.fr\/economie\/silicon-valley-bank\/\" target=\"_blank\" class=\"color-ultramarine c-link\" rel=\"nofollow noopener\">Silicon Valley Bank<\/a> en mars\u00a02023.<\/p>\n<p>Un pr\u00e9sident de la Fed globalement respect\u00e9<\/p>\n<p>Reconduit par <a href=\"https:\/\/www.20minutes.fr\/dossier\/joe_biden\" target=\"_blank\" class=\"color-ultramarine c-link\" rel=\"nofollow noopener\">Joe Biden<\/a> en\u00a02022 malgr\u00e9 les critiques d\u2019une partie de la gauche d\u00e9mocrate, Jerome Powell incarne aujourd\u2019hui une forme de stabilit\u00e9 au c\u0153ur d\u2019une \u00e9conomie mondiale incertaine. Ses d\u00e9cisions influencent la sant\u00e9 des \u00e9conomies \u00e9mergentes, les flux de capitaux et les politiques mon\u00e9taires d\u2019autres grandes banques centrales.<\/p>\n<p>Sans dogmatisme, il ajuste son cap en fonction des donn\u00e9es \u00e9conomiques. Et s\u2019il reste critiqu\u00e9 pour avoir tard\u00e9 \u00e0 reconna\u00eetre l\u2019ampleur de l\u2019inflation, sa constance et son sang-froid face aux temp\u00eates politiques et \u00e9conomiques lui valent une r\u00e9putation solide, tant \u00e0 <a href=\"https:\/\/www.20minutes.fr\/economie\/wall_street\/\" target=\"_blank\" class=\"color-ultramarine c-link\" rel=\"nofollow noopener\">Wall Street<\/a> qu\u2019\u00e0 l\u2019\u00e9tranger.<\/p>\n<p>Un mandat pas encore termin\u00e9<\/p>\n<p>A un an de la fin pr\u00e9vue de son second mandat, Jerome Powell reste confront\u00e9 \u00e0 des d\u00e9fis majeurs\u00a0: achever le retour de l\u2019inflation vers 2\u00a0%, \u00e9viter une r\u00e9cession brutale, surveiller les tensions bancaires et maintenir l\u2019ind\u00e9pendance d\u2019une Fed toujours expos\u00e9e aux vents politiques.<\/p>\n<p><a href=\"https:\/\/www.20minutes.fr\/economie\/fed\/\" target=\"_blank\" class=\"c-link c-btn c-btn--primary\" rel=\"nofollow noopener\">Toute l&rsquo;actualit\u00e9 de la Banque f\u00e9d\u00e9rale am\u00e9ricaine<\/a><\/p>\n<p>Qu\u2019il reste ou non au-del\u00e0 de\u00a02026, son passage \u00e0 la t\u00eate de la R\u00e9serve f\u00e9d\u00e9rale aura marqu\u00e9 une \u00e9poque\u00a0: celle d\u2019un monde post-Covid, confront\u00e9 \u00e0 une inflation mondiale, et o\u00f9 la politique mon\u00e9taire est redevenue un levier politique br\u00fblant \u2013 comme l\u2019a montr\u00e9, d\u00e8s le d\u00e9but, son duel avec Donald Trump.<\/p>\n","protected":false},"excerpt":{"rendered":"Calme, m\u00e9thodique, d\u00e9termin\u00e9. A 71 ans, Jerome Powell est sans doute l\u2019un des hommes les plus puissants \u2013&hellip;\n","protected":false},"author":2,"featured_media":35419,"comment_status":"","ping_status":"","sticky":false,"template":"","format":"standard","meta":{"footnotes":""},"categories":[6],"tags":[47,35,75,33,34,73,7512,1011,27,9345,457,74,10796,6901],"class_list":{"0":"post-35418","1":"post","2":"type-post","3":"status-publish","4":"format-standard","5":"has-post-thumbnail","7":"category-economie","8":"tag-actualite","9":"tag-business","10":"tag-donald-trump","11":"tag-economie","12":"tag-economy","13":"tag-etats-unis","14":"tag-fed","15":"tag-fr","16":"tag-france","17":"tag-inflation","18":"tag-joe-biden","19":"tag-monde","20":"tag-taux-dinteret","21":"tag-wall-street"},"share_on_mastodon":{"url":"https:\/\/pubeurope.com\/@fr\/114362320352436996","error":""},"_links":{"self":[{"href":"https:\/\/www.europesays.com\/fr\/wp-json\/wp\/v2\/posts\/35418","targetHints":{"allow":["GET"]}}],"collection":[{"href":"https:\/\/www.europesays.com\/fr\/wp-json\/wp\/v2\/posts"}],"about":[{"href":"https:\/\/www.europesays.com\/fr\/wp-json\/wp\/v2\/types\/post"}],"author":[{"embeddable":true,"href":"https:\/\/www.europesays.com\/fr\/wp-json\/wp\/v2\/users\/2"}],"replies":[{"embeddable":true,"href":"https:\/\/www.europesays.com\/fr\/wp-json\/wp\/v2\/comments?post=35418"}],"version-history":[{"count":0,"href":"https:\/\/www.europesays.com\/fr\/wp-json\/wp\/v2\/posts\/35418\/revisions"}],"wp:featuredmedia":[{"embeddable":true,"href":"https:\/\/www.europesays.com\/fr\/wp-json\/wp\/v2\/media\/35419"}],"wp:attachment":[{"href":"https:\/\/www.europesays.com\/fr\/wp-json\/wp\/v2\/media?parent=35418"}],"wp:term":[{"taxonomy":"category","embeddable":true,"href":"https:\/\/www.europesays.com\/fr\/wp-json\/wp\/v2\/categories?post=35418"},{"taxonomy":"post_tag","embeddable":true,"href":"https:\/\/www.europesays.com\/fr\/wp-json\/wp\/v2\/tags?post=35418"}],"curies":[{"name":"wp","href":"https:\/\/api.w.org\/{rel}","templated":true}]}}