{"id":354181,"date":"2025-08-30T08:49:16","date_gmt":"2025-08-30T08:49:16","guid":{"rendered":"https:\/\/www.europesays.com\/fr\/354181\/"},"modified":"2025-08-30T08:49:16","modified_gmt":"2025-08-30T08:49:16","slug":"sondage-bruno-irles-dans-lexpectative-avant-chateaubriant-bordeaux","status":"publish","type":"post","link":"https:\/\/www.europesays.com\/fr\/354181\/","title":{"rendered":"[Sondage] Bruno Irles dans l&rsquo;expectative avant Ch\u00e2teaubriant-Bordeaux"},"content":{"rendered":"<p><img width=\"773\" height=\"380\" data-lazy-type=\"image\" src=\"https:\/\/www.europesays.com\/fr\/wp-content\/uploads\/2025\/08\/IMG_1573_OK_OK-773x380.jpg\" class=\"lazy lazy-hidden attachment-alchemists_thumbnail-lg size-alchemists_thumbnail-lg wp-post-image\" alt=\"\" decoding=\"async\" fetchpriority=\"high\"\/><\/p>\n<p>Nous nous y sommes pris un peu tard, mais ce vendredi matin,<br \/>\nnous vous avons questionn\u00e9 sur l\u2019avenir de l\u2019entraineur des<br \/>\nGirondins de Bordeaux, <strong>Bruno Irles<\/strong>. Vous avez \u00e9t\u00e9<br \/>\ntout de m\u00eame plus de 2000 (2138) \u00e0 voter pour ce sondage, et nous<br \/>\nvous en remercions.<\/p>\n<p>A la majorit\u00e9, vous estimez que la rencontre de ce samedi sera<br \/>\nd\u00e9cisive pour l\u2019avenir de l\u2019entra\u00eeneur bordelais. En effet, apr\u00e8s<br \/>\nun match nul et une d\u00e9faite, soit un seul point pour deux matches \u00e0<br \/>\ndomicile, les joueurs des Girondins mais aussi l\u2019entraineur sont<br \/>\nattendus au tournant \u00e0 Ch\u00e2teaubriant. Et les Ultramarines leur ont<br \/>\nrappel\u00e9 au centre d\u2019entrainement du Haillan jeudi soir.<\/p>\n<p>Ainsi, vous \u00eates <strong>57%<\/strong> (1218 votants) \u00e0 attendre<br \/>\nle d\u00e9part de Bruno Irles en cas de contreperformance lors de la<br \/>\ntroisi\u00e8me journ\u00e9e face aux Voltigeurs. La deuxi\u00e8me r\u00e9ponse ayant<br \/>\nrecueilli le plus r\u00e9ponses est celle des supporters estimant qu\u2019il<br \/>\nn\u2019aurait m\u00eame pas fallu attendre ce troisi\u00e8me match de championnat<br \/>\npour arr\u00eater avec le coach bordelais (<strong>25%<\/strong>, 540<br \/>\nvotants).<\/p>\n<p>Et puis, il y a ceux qui repr\u00e9sentent les <strong>18%<\/strong><br \/>\ndes supporters restants. A commencer par ceux qui trouvent que le<br \/>\nClub au Scapulaire a \u00e9t\u00e9 assez instable ces derni\u00e8res ann\u00e9es, et<br \/>\nqu\u2019il faut de la stabilit\u00e9. Ainsi, ils demandent de la patience<br \/>\n(<strong>15%<\/strong>, 316 votants). Enfin, pour<br \/>\n<strong>3%<\/strong> des supporters ayant vot\u00e9, \u201cCe n\u2019est pas<br \/>\nlui le responsable, ce sont les joueurs\u201d.\u00a0<\/p>\n<p style=\"text-align: center;\"><strong>Quel avenir pour Bruno Irles<br \/>\n?<\/strong><\/p>\n<ul class=\"wp-polls-ul\">\n<li>On attend le prochain match \u00e0 Ch\u00e2teaubriant et si d\u00e9faite, on<br \/>\nse s\u00e9pare bons amis (57%, 1\u00a0218 Votes)<\/p>\n<\/li>\n<li>On change imm\u00e9diatement, ne perdons pas de temps, on a bien vu<br \/>\nqu\u2019il n\u2019\u00e9tait pas l\u2019homme de la situation (25%, 540<br \/>\nVotes)<\/p>\n<\/li>\n<li><strong>On le maintient, on a besoin de stabilit\u00e9, un peu de<br \/>\npatience\u00a0: \u00e7a va venir (15%, 316<br \/>\nVotes)<\/strong><\/p>\n<\/li>\n<li>Ce n\u2019est pas lui le responsable, ce sont les joueurs<br \/>\n(3%, 64 Votes)<\/p>\n<\/li>\n<\/ul>\n<p style=\"text-align: center;\">Total Voters:<br \/>\n<strong>2\u00a0138<\/strong><\/p>\n<p><img loading=\"lazy\" decoding=\"async\" data-lazy-type=\"image\" src=\"https:\/\/www.europesays.com\/fr\/wp-content\/uploads\/2025\/08\/1756543755_658_loading.gif\" width=\"16\" height=\"16\" alt=\"Chargement ...\" title=\"Chargement ...\" class=\"lazy lazy-hidden wp-polls-image\"\/>\u00a0Chargement &#8230;<\/p>\n<p style=\"text-align: center;\"><img loading=\"lazy\" decoding=\"async\" class=\"lazy lazy-hidden alignnone size-full wp-image-556571\" data-lazy-type=\"image\" src=\"https:\/\/www.europesays.com\/fr\/wp-content\/uploads\/2025\/08\/IMG_1913_OK_OK.jpg\" alt=\"\" width=\"1200\" height=\"800\"  \/><\/p>\n","protected":false},"excerpt":{"rendered":"Nous nous y sommes pris un peu tard, mais ce vendredi matin, nous vous avons questionn\u00e9 sur l\u2019avenir&hellip;\n","protected":false},"author":2,"featured_media":354182,"comment_status":"","ping_status":"","sticky":false,"template":"","format":"standard","meta":{"footnotes":""},"categories":[2817],"tags":[1111,11,1997,1777,674,1011,27,12,2219,25],"class_list":{"0":"post-354181","1":"post","2":"type-post","3":"status-publish","4":"format-standard","5":"has-post-thumbnail","7":"category-bordeaux","8":"tag-actu","9":"tag-actualites","10":"tag-bordeaux","11":"tag-eu","12":"tag-europe","13":"tag-fr","14":"tag-france","15":"tag-news","16":"tag-nouvelle-aquitaine","17":"tag-republique-francaise"},"share_on_mastodon":{"url":"https:\/\/pubeurope.com\/@fr\/115116858915900109","error":""},"_links":{"self":[{"href":"https:\/\/www.europesays.com\/fr\/wp-json\/wp\/v2\/posts\/354181","targetHints":{"allow":["GET"]}}],"collection":[{"href":"https:\/\/www.europesays.com\/fr\/wp-json\/wp\/v2\/posts"}],"about":[{"href":"https:\/\/www.europesays.com\/fr\/wp-json\/wp\/v2\/types\/post"}],"author":[{"embeddable":true,"href":"https:\/\/www.europesays.com\/fr\/wp-json\/wp\/v2\/users\/2"}],"replies":[{"embeddable":true,"href":"https:\/\/www.europesays.com\/fr\/wp-json\/wp\/v2\/comments?post=354181"}],"version-history":[{"count":0,"href":"https:\/\/www.europesays.com\/fr\/wp-json\/wp\/v2\/posts\/354181\/revisions"}],"wp:featuredmedia":[{"embeddable":true,"href":"https:\/\/www.europesays.com\/fr\/wp-json\/wp\/v2\/media\/354182"}],"wp:attachment":[{"href":"https:\/\/www.europesays.com\/fr\/wp-json\/wp\/v2\/media?parent=354181"}],"wp:term":[{"taxonomy":"category","embeddable":true,"href":"https:\/\/www.europesays.com\/fr\/wp-json\/wp\/v2\/categories?post=354181"},{"taxonomy":"post_tag","embeddable":true,"href":"https:\/\/www.europesays.com\/fr\/wp-json\/wp\/v2\/tags?post=354181"}],"curies":[{"name":"wp","href":"https:\/\/api.w.org\/{rel}","templated":true}]}}