{"id":354183,"date":"2025-08-30T08:50:13","date_gmt":"2025-08-30T08:50:13","guid":{"rendered":"https:\/\/www.europesays.com\/fr\/354183\/"},"modified":"2025-08-30T08:50:13","modified_gmt":"2025-08-30T08:50:13","slug":"la-halle-de-la-machine-celebre-lete-avec-le-retour-de-long-ma-et-un-festival-de-contes","status":"publish","type":"post","link":"https:\/\/www.europesays.com\/fr\/354183\/","title":{"rendered":"La Halle de La Machine C\u00e9l\u00e8bre l&rsquo;\u00c9t\u00e9 avec le Retour de Long Ma et un Festival de Contes !"},"content":{"rendered":"<p><b>Toulouse, pr\u00e9parez-vous pour une fin d\u2019\u00e9t\u00e9 magique ! La Halle de La Machine prolonge ses festivit\u00e9s estivales avec \u00ab\u00a0Halle Day Long\u00a0\u00bb, et marque le grand retour de Long Ma, la Jument-Dragonne, jusqu\u2019au dimanche 31 ao\u00fbt 2025. Une occasion unique de red\u00e9couvrir les machines et de plonger dans des r\u00e9cits fantastiques !<\/b><\/p>\n<p><img loading=\"lazy\" decoding=\"async\" class=\"size-medium wp-image-902091 aligncenter\" src=\"https:\/\/www.europesays.com\/fr\/wp-content\/uploads\/2025\/08\/Halle-Day-Long-with-Long-Ma-300x230.jpg.webp.webp\" alt=\"\" width=\"300\" height=\"230\"  \/><\/p>\n<p>Apr\u00e8s avoir \u00e9merveill\u00e9 1,2 million de curieux lors du spectacle \u00ab\u00a0Le Gardien du Temple \u2013 La Porte des T\u00e9n\u00e8bres\u00a0\u00bb, la Jument-Dragonne de 12 m\u00e8tres de haut revient \u00e0 Toulouse pour un s\u00e9jour prolong\u00e9. Depuis le 11 juillet, elle se r\u00e9veille quotidiennement \u00e0 l\u2019int\u00e9rieur de la Halle. C\u2019est un spectacle quotidien et fascinant \u00e0 ne pas manquer.<\/p>\n<p>L\u2019Exposition \u00ab\u00a0Anatomie d\u2019un Spectacle\u00a0\u00bb : Les Coulisses des Cr\u00e9atures<\/p>\n<p>En parall\u00e8le, une exposition l\u00e8ve le voile sur la cr\u00e9ation de ce spectacle colossal. Vous y d\u00e9couvrirez le travail des artisans de l\u2019ombre, ces cr\u00e9ateurs passionn\u00e9s qui ont donn\u00e9 vie \u00e0 Lilith et aux autres machines. L\u2019exposition d\u00e9voile, \u00e0 travers des esquisses et des croquis, les origines m\u00e9connues de Lilith. De la maquette \u00e0 la version finale, plus d\u2019un an de travail a \u00e9t\u00e9 n\u00e9cessaire pour fa\u00e7onner son buste de femme, son dard et les ornements qui l\u2019entourent.<\/p>\n<p>Contes \u00ab\u00a0Halle la Folie\u00a0\u00bb : R\u00eaves et L\u00e9gendes pour les Petits<\/p>\n<p>Tout au long de l\u2019\u00e9t\u00e9, les plus jeunes sont invit\u00e9s \u00e0 se laisser emporter par les <b>\u00ab\u00a0Contes Halle la folie\u00a0\u00bb<\/b>. Les V\u00e9ritables Machinistes se transforment en conteurs pour partager des histoires fantastiques, fabuleuses et l\u00e9gendaires.<\/p>\n<ul>\n<li><b>Quand :<\/b> Les vendredis et samedis, \u00e0 18h.<\/li>\n<li><b>Pour qui :<\/b> Les enfants de 5 \u00e0 10 ans.<\/li>\n<\/ul>\n<p>Venez nombreux profiter des derni\u00e8res semaines estivales \u00e0 la Halle de La Machine !<\/p>\n<p>Informations pratiques :<\/p>\n<ul>\n<li><b>\u00c9v\u00e9nement :<\/b> Halle Day Long with Long Ma<\/li>\n<li><b>Dates :<\/b> Jusqu\u2019au dimanche 31 ao\u00fbt 2025<\/li>\n<li><b>Lieu :<\/b> Halle de La Machine, Toulouse<\/li>\n<li><b>Acc\u00e8s :<\/b> <a href=\"https:\/\/billetterie.halledelamachine.fr\/index-css5-halledelamachine-pg1.html\" target=\"_blank\" rel=\"noopener nofollow\">Billetterie en ligne<\/a> ou sur place pour les visites. Les contes sont inclus dans le prix d\u2019entr\u00e9e.<\/li>\n<\/ul>\n","protected":false},"excerpt":{"rendered":"Toulouse, pr\u00e9parez-vous pour une fin d\u2019\u00e9t\u00e9 magique ! La Halle de La Machine prolonge ses festivit\u00e9s estivales avec&hellip;\n","protected":false},"author":2,"featured_media":354184,"comment_status":"","ping_status":"","sticky":false,"template":"","format":"standard","meta":{"footnotes":""},"categories":[2816],"tags":[1111,11,1777,674,1011,27,12,2680,25,2312],"class_list":{"0":"post-354183","1":"post","2":"type-post","3":"status-publish","4":"format-standard","5":"has-post-thumbnail","7":"category-toulouse","8":"tag-actu","9":"tag-actualites","10":"tag-eu","11":"tag-europe","12":"tag-fr","13":"tag-france","14":"tag-news","15":"tag-occitanie","16":"tag-republique-francaise","17":"tag-toulouse"},"share_on_mastodon":{"url":"https:\/\/pubeurope.com\/@fr\/115116862601362750","error":""},"_links":{"self":[{"href":"https:\/\/www.europesays.com\/fr\/wp-json\/wp\/v2\/posts\/354183","targetHints":{"allow":["GET"]}}],"collection":[{"href":"https:\/\/www.europesays.com\/fr\/wp-json\/wp\/v2\/posts"}],"about":[{"href":"https:\/\/www.europesays.com\/fr\/wp-json\/wp\/v2\/types\/post"}],"author":[{"embeddable":true,"href":"https:\/\/www.europesays.com\/fr\/wp-json\/wp\/v2\/users\/2"}],"replies":[{"embeddable":true,"href":"https:\/\/www.europesays.com\/fr\/wp-json\/wp\/v2\/comments?post=354183"}],"version-history":[{"count":0,"href":"https:\/\/www.europesays.com\/fr\/wp-json\/wp\/v2\/posts\/354183\/revisions"}],"wp:featuredmedia":[{"embeddable":true,"href":"https:\/\/www.europesays.com\/fr\/wp-json\/wp\/v2\/media\/354184"}],"wp:attachment":[{"href":"https:\/\/www.europesays.com\/fr\/wp-json\/wp\/v2\/media?parent=354183"}],"wp:term":[{"taxonomy":"category","embeddable":true,"href":"https:\/\/www.europesays.com\/fr\/wp-json\/wp\/v2\/categories?post=354183"},{"taxonomy":"post_tag","embeddable":true,"href":"https:\/\/www.europesays.com\/fr\/wp-json\/wp\/v2\/tags?post=354183"}],"curies":[{"name":"wp","href":"https:\/\/api.w.org\/{rel}","templated":true}]}}