{"id":354189,"date":"2025-08-30T08:53:12","date_gmt":"2025-08-30T08:53:12","guid":{"rendered":"https:\/\/www.europesays.com\/fr\/354189\/"},"modified":"2025-08-30T08:53:12","modified_gmt":"2025-08-30T08:53:12","slug":"lille-va-soffrir-calvin-verdonk","status":"publish","type":"post","link":"https:\/\/www.europesays.com\/fr\/354189\/","title":{"rendered":"Lille va s\u2019offrir Calvin Verdonk"},"content":{"rendered":"<p>Le LOSC profite des derniers jours du mercato pour boucler plusieurs recrues sur le march\u00e9 des transferts. La formation de Bruno Genesio avait cibl\u00e9 plusieurs manques dans l\u2019effectif au d\u00e9but de l\u2019\u00e9t\u00e9 et avec le mercato qui ferme bient\u00f4t ses portes, la direction a d\u00e9cid\u00e9 de mettre un dernier coup d\u2019acc\u00e9l\u00e9rateur.<\/p>\n<p>            La suite apr\u00e8s cette publicit\u00e9<\/p>\n<p>Dans ce sens, offensivement, l\u2019attaquant marocain Hamza Igamane a d\u00e9barqu\u00e9 pour \u00e9pauler Olivier Giroud. Et un lat\u00e9ral gauche \u00e9tait encore attendu apr\u00e8s l\u2019arriv\u00e9e de Romain Perraud. C\u2019est finalement l\u2019international indon\u00e9sien <a href=\"https:\/\/www.footmercato.net\/joueur\/calvin-verdonk\/\" rel=\"nofollow noopener\" target=\"_blank\">Calvin Verdonk<\/a> qui va d\u00e9barquer contre un ch\u00e8que de 3 millions d\u2019euros. Visite m\u00e9dicale ce dimanche et signature dans la foul\u00e9e pour le joueur de 28 ans qui \u00e9volue au NEC en Eredivisie.<\/p>\n<p>\n    Pub. le 30\/08\/2025 10:42<br \/>\n            &#8211; MAJ le 30\/08\/2025 10:51\n    <\/p>\n","protected":false},"excerpt":{"rendered":"Le LOSC profite des derniers jours du mercato pour boucler plusieurs recrues sur le march\u00e9 des transferts. La&hellip;\n","protected":false},"author":2,"featured_media":354190,"comment_status":"","ping_status":"","sticky":false,"template":"","format":"standard","meta":{"footnotes":""},"categories":[2815],"tags":[1111,11,1777,674,1011,27,811,1307,12,25],"class_list":{"0":"post-354189","1":"post","2":"type-post","3":"status-publish","4":"format-standard","5":"has-post-thumbnail","7":"category-lille","8":"tag-actu","9":"tag-actualites","10":"tag-eu","11":"tag-europe","12":"tag-fr","13":"tag-france","14":"tag-hauts-de-france","15":"tag-lille","16":"tag-news","17":"tag-republique-francaise"},"share_on_mastodon":{"url":"https:\/\/pubeurope.com\/@fr\/115116874450095636","error":""},"_links":{"self":[{"href":"https:\/\/www.europesays.com\/fr\/wp-json\/wp\/v2\/posts\/354189","targetHints":{"allow":["GET"]}}],"collection":[{"href":"https:\/\/www.europesays.com\/fr\/wp-json\/wp\/v2\/posts"}],"about":[{"href":"https:\/\/www.europesays.com\/fr\/wp-json\/wp\/v2\/types\/post"}],"author":[{"embeddable":true,"href":"https:\/\/www.europesays.com\/fr\/wp-json\/wp\/v2\/users\/2"}],"replies":[{"embeddable":true,"href":"https:\/\/www.europesays.com\/fr\/wp-json\/wp\/v2\/comments?post=354189"}],"version-history":[{"count":0,"href":"https:\/\/www.europesays.com\/fr\/wp-json\/wp\/v2\/posts\/354189\/revisions"}],"wp:featuredmedia":[{"embeddable":true,"href":"https:\/\/www.europesays.com\/fr\/wp-json\/wp\/v2\/media\/354190"}],"wp:attachment":[{"href":"https:\/\/www.europesays.com\/fr\/wp-json\/wp\/v2\/media?parent=354189"}],"wp:term":[{"taxonomy":"category","embeddable":true,"href":"https:\/\/www.europesays.com\/fr\/wp-json\/wp\/v2\/categories?post=354189"},{"taxonomy":"post_tag","embeddable":true,"href":"https:\/\/www.europesays.com\/fr\/wp-json\/wp\/v2\/tags?post=354189"}],"curies":[{"name":"wp","href":"https:\/\/api.w.org\/{rel}","templated":true}]}}