{"id":354191,"date":"2025-08-30T08:54:08","date_gmt":"2025-08-30T08:54:08","guid":{"rendered":"https:\/\/www.europesays.com\/fr\/354191\/"},"modified":"2025-08-30T08:54:08","modified_gmt":"2025-08-30T08:54:08","slug":"marseille-un-homme-entre-la-vie-et-la-mort-apres-une-fusillade-dans-ce-quartier","status":"publish","type":"post","link":"https:\/\/www.europesays.com\/fr\/354191\/","title":{"rendered":"Marseille. Un homme entre la vie et la mort apr\u00e8s une fusillade dans ce quartier"},"content":{"rendered":"<p>            Par<br \/>\n        <strong><br \/>\n            <a href=\"https:\/\/actu.fr\/auteur\/fabien-binacchi\" title=\"Consulter tous les articles de Fabien Binacchi\" target=\"_blank\" rel=\"noopener\">Fabien Binacchi<\/a><br \/>\n        <\/strong><\/p>\n<p>        Publi\u00e9 le<\/p>\n<p>            30 ao\u00fbt 2025 \u00e0 8h58        <\/p>\n<p><strong>INFO ACTU MARSEILLE.<\/strong> Un homme \u00e2g\u00e9 de 24\u00a0ans a \u00e9t\u00e9 tr\u00e8s gri\u00e8vement bless\u00e9 par balles dans la nuit du vendredi\u00a029 \u00e0 ce samedi 30\u00a0ao\u00fbt 2025, dans une cit\u00e9 des <strong>quartiers Nord<\/strong> de <a href=\"https:\/\/actu.fr\/marseille\/\" target=\"_blank\" rel=\"noopener\">Marseille<\/a>, apprend notre r\u00e9daction de source polici\u00e8re et aupr\u00e8s des marins-pompiers.<\/p>\n<p class=\" wall-content\">Il pourrait s\u2019agir d\u2019un <strong>nouveau r\u00e8glement de compte<\/strong> dans le cadre d\u2019une <strong>affaire li\u00e9e \u00e0 des trafics de stup\u00e9fiants.<\/strong> Une autre personne a \u00e9t\u00e9 bless\u00e9e.<\/p>\n<p>Pronostic vital engag\u00e9<\/p>\n<p class=\" wall-content\">La fusillade \u00e9clate un peu apr\u00e8s 23h, ce vendredi 29\u00a0ao\u00fbt, au c\u0153ur de la <strong>cit\u00e9 La Savine,<\/strong> dans le 15e arrondissement de Marseille. Un homme 24\u00a0ans est touch\u00e9 par une balle de petit calibre \u00e0 l\u2019abdomen.<\/p>\n<p>    <a href=\"https:\/\/www.google.com\/maps\/embed?pb=!1m18!1m12!1m3!1d2962.277400756852!2d5.368725189352483!3d43.36980723488877!2m3!1f0!2f0!3f0!3m2!1i1024!2i768!4f13.1!3m3!1m2!1s0x12c9ea976cef5e5f%3A0x6b2c0acedf35c024!2sLa%20Savine%2C%2013015%20Marseille!5e1!3m2!1sfr!2sfr!4v1756535733127!5m2!1sfr!2sfr\" title=\"Ouvrie le lien\" target=\"_blank\" rel=\"noopener\">Cliquez ici pour visualiser le contenu<\/a><\/p>\n<p class=\" wall-content\">Il a \u00e9t\u00e9 transport\u00e9 vers l\u2019h\u00f4pital Nord dans un \u00e9tat tr\u00e8s grave. Son pronostic vital \u00e9tait, \u00e0 cette heure, engag\u00e9, confirment les marins-pompiers \u00e0 actu Marseille.<\/p>\n<p class=\" wall-content\">Une autre personne a \u00e9t\u00e9 <strong>victime de coups<\/strong> mais n\u2019a pas n\u00e9cessit\u00e9 de prise en charge.<\/p>\n<p>Neuf narchomicides depuis le d\u00e9but de l\u2019ann\u00e9e<\/p>\n<p class=\" wall-content\">Selon nos informations, les premiers \u00e9l\u00e9ments laisseraient penser \u00e0 un r\u00e8glement de compte sur <strong>un point de deal<\/strong> de cette cit\u00e9 sensible de Marseille. Une enqu\u00eate est ouverte.<\/p>\n<p>Votre r\u00e9gion, votre actu !<\/p>\n<p>Recevez chaque jour les infos qui comptent pour vous.<\/p>\n<p>\t<a href=\"https:\/\/actu.fr\/newsletter\" class=\"ac-btn ac-btn--corner ac-btn--medium ac-btn--blue800\" target=\"_blank\" rel=\"noopener\">S&rsquo;incrire<\/a><\/p>\n<p class=\" wall-content\">Depuis le d\u00e9but du mois de janvier\u00a02025, au moins neuf narchomicides, des meurtres li\u00e9s au narcotrafic, ont \u00e9t\u00e9 r\u00e9pertori\u00e9s dans le d\u00e9partement des Bouches-du-Rh\u00f4ne.<\/p>\n<p class=\" wall-content\">Personnalisez votre actualit\u00e9 en ajoutant vos villes et m\u00e9dias en favori avec <a href=\"https:\/\/moncompte.actu.fr\" title=\"D\u00e9couvez Mon Actu\" rel=\"nofollow noopener\" data-trk=\"{&quot;cta&quot;:{&quot;action&quot;:&quot;https:\\\/\\\/moncompte.actu.fr&quot;,&quot;category&quot;:&quot;mon compte&quot;,&quot;from&quot;:&quot;article footer&quot;,&quot;name&quot;:&quot;Mon actu&quot;,&quot;type&quot;:&quot;cta&quot;}}\" target=\"_blank\">Mon Actu<\/a>.<\/p>\n","protected":false},"excerpt":{"rendered":"Par Fabien Binacchi Publi\u00e9 le 30 ao\u00fbt 2025 \u00e0 8h58 INFO ACTU MARSEILLE. Un homme \u00e2g\u00e9 de 24\u00a0ans&hellip;\n","protected":false},"author":2,"featured_media":354192,"comment_status":"","ping_status":"","sticky":false,"template":"","format":"standard","meta":{"footnotes":""},"categories":[2814],"tags":[1111,11,1777,674,118,1011,27,17289,884,12,1072,882,25],"class_list":{"0":"post-354191","1":"post","2":"type-post","3":"status-publish","4":"format-standard","5":"has-post-thumbnail","7":"category-marseille","8":"tag-actu","9":"tag-actualites","10":"tag-eu","11":"tag-europe","12":"tag-faits-divers","13":"tag-fr","14":"tag-france","15":"tag-marin-pompier","16":"tag-marseille","17":"tag-news","18":"tag-police","19":"tag-provence-alpes-cote-dazur","20":"tag-republique-francaise"},"share_on_mastodon":{"url":"https:\/\/pubeurope.com\/@fr\/115116878537488761","error":""},"_links":{"self":[{"href":"https:\/\/www.europesays.com\/fr\/wp-json\/wp\/v2\/posts\/354191","targetHints":{"allow":["GET"]}}],"collection":[{"href":"https:\/\/www.europesays.com\/fr\/wp-json\/wp\/v2\/posts"}],"about":[{"href":"https:\/\/www.europesays.com\/fr\/wp-json\/wp\/v2\/types\/post"}],"author":[{"embeddable":true,"href":"https:\/\/www.europesays.com\/fr\/wp-json\/wp\/v2\/users\/2"}],"replies":[{"embeddable":true,"href":"https:\/\/www.europesays.com\/fr\/wp-json\/wp\/v2\/comments?post=354191"}],"version-history":[{"count":0,"href":"https:\/\/www.europesays.com\/fr\/wp-json\/wp\/v2\/posts\/354191\/revisions"}],"wp:featuredmedia":[{"embeddable":true,"href":"https:\/\/www.europesays.com\/fr\/wp-json\/wp\/v2\/media\/354192"}],"wp:attachment":[{"href":"https:\/\/www.europesays.com\/fr\/wp-json\/wp\/v2\/media?parent=354191"}],"wp:term":[{"taxonomy":"category","embeddable":true,"href":"https:\/\/www.europesays.com\/fr\/wp-json\/wp\/v2\/categories?post=354191"},{"taxonomy":"post_tag","embeddable":true,"href":"https:\/\/www.europesays.com\/fr\/wp-json\/wp\/v2\/tags?post=354191"}],"curies":[{"name":"wp","href":"https:\/\/api.w.org\/{rel}","templated":true}]}}