{"id":354195,"date":"2025-08-30T08:56:10","date_gmt":"2025-08-30T08:56:10","guid":{"rendered":"https:\/\/www.europesays.com\/fr\/354195\/"},"modified":"2025-08-30T08:56:10","modified_gmt":"2025-08-30T08:56:10","slug":"pres-de-lyon-a-moto-ils-tentent-de-braquer-un-camion","status":"publish","type":"post","link":"https:\/\/www.europesays.com\/fr\/354195\/","title":{"rendered":"Pr\u00e8s de Lyon : \u00e0 moto, ils tentent de braquer un camion"},"content":{"rendered":"<p>Un camion a \u00e9chapp\u00e9 \u00e0 un braquage, jeudi 28 ao\u00fbt, \u00e0 l&rsquo;est de Lyon. Les malfaiteurs, \u00e0 moto, sont recherch\u00e9s. Une enqu\u00eate est en cours.<\/p>\n<p>Les faits se sont produits dans la matin\u00e9e du jeudi 28 ao\u00fbt, sur la commune de <b>Colombier-Saugnieu<\/b>, \u00e0 proximit\u00e9 de l&rsquo;a\u00e9roport Lyon Saint-Exup\u00e9ry.<\/p>\n<p>\u00c0 moto, ils tentent de braquer un camion \u00e0 l&rsquo;est de Lyon<\/p>\n<p>Plusieurs motards ont essay\u00e9, vers 10h du matin, de braquer le chauffeur d&rsquo;un petit camion de 20 m\u00b3.<\/p>\n<p>Sauf que ce dernier a r\u00e9ussi \u00e0 prendre la fuite et ainsi \u00e9chapper \u00e0 la tentative de braquage.<\/p>\n<p>D&rsquo;apr\u00e8s <a class=\"url\" href=\"https:\/\/c.leprogres.fr\/faits-divers-justice\/2025\/08\/29\/des-motards-tentent-de-braquer-un-camion-pres-de-l-aeroport-lyon-saint-exupery\" target=\"_blank\" rel=\"noopener\">Le Progr\u00e8s<\/a>, il n&rsquo;y a pas eu de bless\u00e9. La gendarmerie du Rh\u00f4ne m\u00e8ne l&rsquo;enqu\u00eate. Les auteurs de cette tentative sont actuellement recherch\u00e9s.<\/p>\n<p><img loading=\"lazy\" decoding=\"async\" src=\"https:\/\/www.europesays.com\/fr\/wp-content\/uploads\/2025\/08\/1756544170_152_img\" width=\"350\" height=\"200\" border=\"0\" title=\"Course-poursuite entre un chauffard et les gendarmes sur l'A6 au nord de Lyon\"\/><\/p>\n<p>\u25baFaits divers<\/p>\n<p style=\"font-size: 22px;\"><b>Nord de Lyon : poursuivi par les gendarmes sur l&rsquo;A6, il force un p\u00e9age avant de se faire attraper<\/b><\/p>\n<p>Ce vendredi apr\u00e8s-midi, un chauffard a \u00e9t\u00e9 interpell\u00e9&#8230;<\/p>\n<p><\/p>\n","protected":false},"excerpt":{"rendered":"Un camion a \u00e9chapp\u00e9 \u00e0 un braquage, jeudi 28 ao\u00fbt, \u00e0 l&rsquo;est de Lyon. Les malfaiteurs, \u00e0 moto,&hellip;\n","protected":false},"author":2,"featured_media":354196,"comment_status":"","ping_status":"","sticky":false,"template":"","format":"standard","meta":{"footnotes":""},"categories":[1889],"tags":[33077,1111,11,2430,6941,23533,1777,674,6017,1011,27,2428,12,25],"class_list":{"0":"post-354195","1":"post","2":"type-post","3":"status-publish","4":"format-standard","5":"has-post-thumbnail","7":"category-lyon","8":"tag-aroport","9":"tag-actu","10":"tag-actualites","11":"tag-auvergne-rhone-alpes","12":"tag-braquage","13":"tag-colombier-saugnieu","14":"tag-eu","15":"tag-europe","16":"tag-fait-divers","17":"tag-fr","18":"tag-france","19":"tag-lyon","20":"tag-news","21":"tag-republique-francaise"},"share_on_mastodon":{"url":"https:\/\/pubeurope.com\/@fr\/115116886384889027","error":""},"_links":{"self":[{"href":"https:\/\/www.europesays.com\/fr\/wp-json\/wp\/v2\/posts\/354195","targetHints":{"allow":["GET"]}}],"collection":[{"href":"https:\/\/www.europesays.com\/fr\/wp-json\/wp\/v2\/posts"}],"about":[{"href":"https:\/\/www.europesays.com\/fr\/wp-json\/wp\/v2\/types\/post"}],"author":[{"embeddable":true,"href":"https:\/\/www.europesays.com\/fr\/wp-json\/wp\/v2\/users\/2"}],"replies":[{"embeddable":true,"href":"https:\/\/www.europesays.com\/fr\/wp-json\/wp\/v2\/comments?post=354195"}],"version-history":[{"count":0,"href":"https:\/\/www.europesays.com\/fr\/wp-json\/wp\/v2\/posts\/354195\/revisions"}],"wp:featuredmedia":[{"embeddable":true,"href":"https:\/\/www.europesays.com\/fr\/wp-json\/wp\/v2\/media\/354196"}],"wp:attachment":[{"href":"https:\/\/www.europesays.com\/fr\/wp-json\/wp\/v2\/media?parent=354195"}],"wp:term":[{"taxonomy":"category","embeddable":true,"href":"https:\/\/www.europesays.com\/fr\/wp-json\/wp\/v2\/categories?post=354195"},{"taxonomy":"post_tag","embeddable":true,"href":"https:\/\/www.europesays.com\/fr\/wp-json\/wp\/v2\/tags?post=354195"}],"curies":[{"name":"wp","href":"https:\/\/api.w.org\/{rel}","templated":true}]}}